{"id":2162,"date":"2018-06-12T08:00:08","date_gmt":"2018-06-12T06:00:08","guid":{"rendered":"http:\/\/smwroclaw.pl\/?p=2162"},"modified":"2018-10-18T19:55:04","modified_gmt":"2018-10-18T17:55:04","slug":"bezpieczenstwo-dobry-przepis-na-wakacje-2018","status":"publish","type":"post","link":"https:\/\/smwroclaw.pl\/?p=2162","title":{"rendered":"\u201eBEZPIECZE\u0143STWO \u2013 DOBRY PRZEPIS NA WAKACJE 2018\u201d (zdj\u0119cia)"},"content":{"rendered":"<p style=\"text-align: justify;\"><span style=\"font-size: 12pt;\"><strong>7 czerwca 2018 r.<\/strong> na pla\u017cy miejskiej we Wroc\u0142awiu przy ul. Wejherowskiej odby\u0142y si\u0119 zaj\u0119cia plenerowe <strong> \u201eBezpiecze\u0144stwo \u2013 Dobry Przepis na Wakacje 2018\u201d<\/strong> zorganizowane w ramach kampanii \u201eKr\u0119ci Mnie Bezpiecze\u0144stwo\u201d. G\u0142\u00f3wnym celem akcji Ministerstwa Spraw Wewn\u0119trznych i Administracji, kt\u00f3r\u0105 zainaugurowa\u0142 minister Mariusz B\u0142aszczak, jest zwr\u00f3cenie uwagi m\u0142odych ludzi na kwestie zwi\u0105zane z bezpiecze\u0144stwem. <strong>Funkcjonariusze <\/strong>Stra\u017cy Miejskiej Wroc\u0142awia <strong>propagowali zasady bezpiecznego przebywania nad wod\u0105 i w wodzie, wakacji bez u\u017cywek oraz udzielania pierwszej pomocy przedmedycznej. <\/strong><\/span><\/p>\n<p><!--more--><\/p>\n<p>&nbsp;<\/p>\n<p style=\"text-align: justify;\"><span style=\"font-size: 12pt;\">Stanowisko \u201eMini ratownik\u201d cieszy\u0142o si\u0119 sporym zainteresowaniem, na kt\u00f3rym poprawne wykonywanie resuscytacji prezentowa\u0142a <strong>insp. Beata Dopiera\u0142a<\/strong>. <strong>St. insp. Mariusz Mikuszewski<\/strong> zainteresowanym uczestnikom pleneru omawia\u0142 prac\u0119 stra\u017cnika oraz prezentowa\u0142 nowoczesny radiow\u00f3z. <strong>Stra\u017cnik Aleksandra Jankowska<\/strong> malowa\u0142a twarze najm\u0142odszym pociechom.<\/span><\/p>\n<p><img fetchpriority=\"high\" decoding=\"async\" class=\"wp-image-2168 aligncenter\" src=\"https:\/\/smwroclaw.pl\/wp-content\/uploads\/2018\/06\/35078208_1776456179087813_2331101986759376896_n-225x300.jpg\" alt=\"\" width=\"422\" height=\"563\" srcset=\"https:\/\/smwroclaw.pl\/wp-content\/uploads\/2018\/06\/35078208_1776456179087813_2331101986759376896_n-225x300.jpg 225w, https:\/\/smwroclaw.pl\/wp-content\/uploads\/2018\/06\/35078208_1776456179087813_2331101986759376896_n.jpg 480w\" sizes=\"(max-width: 422px) 100vw, 422px\" \/><\/p>\n<p><img decoding=\"async\" class=\"wp-image-2169 aligncenter\" src=\"https:\/\/smwroclaw.pl\/wp-content\/uploads\/2018\/06\/woda-12-300x247.jpg\" alt=\"\" width=\"419\" height=\"345\" srcset=\"https:\/\/smwroclaw.pl\/wp-content\/uploads\/2018\/06\/woda-12-300x247.jpg 300w, https:\/\/smwroclaw.pl\/wp-content\/uploads\/2018\/06\/woda-12.jpg 640w\" sizes=\"(max-width: 419px) 100vw, 419px\" \/><\/p>\n<p><img decoding=\"async\" class=\"wp-image-2164 aligncenter\" src=\"https:\/\/smwroclaw.pl\/wp-content\/uploads\/2018\/06\/35072298_1776457242421040_8639317327105490944_n-280x300.jpg\" alt=\"\" width=\"419\" height=\"449\" srcset=\"https:\/\/smwroclaw.pl\/wp-content\/uploads\/2018\/06\/35072298_1776457242421040_8639317327105490944_n-280x300.jpg 280w, https:\/\/smwroclaw.pl\/wp-content\/uploads\/2018\/06\/35072298_1776457242421040_8639317327105490944_n.jpg 446w\" sizes=\"(max-width: 419px) 100vw, 419px\" \/><\/p>\n<p><img loading=\"lazy\" decoding=\"async\" class=\"wp-image-2167 aligncenter\" src=\"https:\/\/smwroclaw.pl\/wp-content\/uploads\/2018\/06\/35076963_1776454472421317_7938198962966626304_n-294x300.jpg\" alt=\"\" width=\"413\" height=\"421\" srcset=\"https:\/\/smwroclaw.pl\/wp-content\/uploads\/2018\/06\/35076963_1776454472421317_7938198962966626304_n-294x300.jpg 294w, https:\/\/smwroclaw.pl\/wp-content\/uploads\/2018\/06\/35076963_1776454472421317_7938198962966626304_n.jpg 627w\" sizes=\"(max-width: 413px) 100vw, 413px\" \/><\/p>\n<p><img loading=\"lazy\" decoding=\"async\" class=\"wp-image-2165 aligncenter\" src=\"https:\/\/smwroclaw.pl\/wp-content\/uploads\/2018\/06\/35186117_1776451622421602_8280938955210227712_n-300x225.jpg\" alt=\"\" width=\"420\" height=\"315\" srcset=\"https:\/\/smwroclaw.pl\/wp-content\/uploads\/2018\/06\/35186117_1776451622421602_8280938955210227712_n-300x225.jpg 300w, https:\/\/smwroclaw.pl\/wp-content\/uploads\/2018\/06\/35186117_1776451622421602_8280938955210227712_n.jpg 640w\" sizes=\"(max-width: 420px) 100vw, 420px\" \/><\/p>\n<p><img loading=\"lazy\" decoding=\"async\" class=\"wp-image-2163 aligncenter\" src=\"https:\/\/smwroclaw.pl\/wp-content\/uploads\/2018\/06\/35062786_1776455945754503_4730855237584158720_n-300x180.jpg\" alt=\"\" width=\"419\" height=\"252\" srcset=\"https:\/\/smwroclaw.pl\/wp-content\/uploads\/2018\/06\/35062786_1776455945754503_4730855237584158720_n-300x180.jpg 300w, https:\/\/smwroclaw.pl\/wp-content\/uploads\/2018\/06\/35062786_1776455945754503_4730855237584158720_n.jpg 640w\" sizes=\"(max-width: 419px) 100vw, 419px\" \/><\/p>\n<p>&nbsp;<\/p>\n<p>&nbsp;<\/p>\n<p>SN<\/p>\n","protected":false},"excerpt":{"rendered":"<p>7 czerwca 2018 r. na pla\u017cy miejskiej we Wroc\u0142awiu przy ul. Wejherowskiej odby\u0142y si\u0119 zaj\u0119cia plenerowe \u201eBezpiecze\u0144stwo \u2013 Dobry Przepis na Wakacje 2018\u201d zorganizowane w ramach kampanii \u201eKr\u0119ci Mnie Bezpiecze\u0144stwo\u201d. G\u0142\u00f3wnym celem akcji Ministerstwa Spraw Wewn\u0119trznych i Administracji, kt\u00f3r\u0105 zainaugurowa\u0142 minister Mariusz B\u0142aszczak, jest zwr\u00f3cenie uwagi m\u0142odych ludzi na kwestie zwi\u0105zane z bezpiecze\u0144stwem. Funkcjonariusze Stra\u017cy [&hellip;]<\/p>\n","protected":false},"author":3,"featured_media":2166,"comment_status":"closed","ping_status":"closed","sticky":false,"template":"","format":"standard","meta":{"footnotes":""},"categories":[16,50],"tags":[],"class_list":["post-2162","post","type-post","status-publish","format-standard","has-post-thumbnail","hentry","category-aktual","category-rat"],"_links":{"self":[{"href":"https:\/\/smwroclaw.pl\/index.php?rest_route=\/wp\/v2\/posts\/2162","targetHints":{"allow":["GET"]}}],"collection":[{"href":"https:\/\/smwroclaw.pl\/index.php?rest_route=\/wp\/v2\/posts"}],"about":[{"href":"https:\/\/smwroclaw.pl\/index.php?rest_route=\/wp\/v2\/types\/post"}],"author":[{"embeddable":true,"href":"https:\/\/smwroclaw.pl\/index.php?rest_route=\/wp\/v2\/users\/3"}],"replies":[{"embeddable":true,"href":"https:\/\/smwroclaw.pl\/index.php?rest_route=%2Fwp%2Fv2%2Fcomments&post=2162"}],"version-history":[{"count":7,"href":"https:\/\/smwroclaw.pl\/index.php?rest_route=\/wp\/v2\/posts\/2162\/revisions"}],"predecessor-version":[{"id":2176,"href":"https:\/\/smwroclaw.pl\/index.php?rest_route=\/wp\/v2\/posts\/2162\/revisions\/2176"}],"wp:featuredmedia":[{"embeddable":true,"href":"https:\/\/smwroclaw.pl\/index.php?rest_route=\/wp\/v2\/media\/2166"}],"wp:attachment":[{"href":"https:\/\/smwroclaw.pl\/index.php?rest_route=%2Fwp%2Fv2%2Fmedia&parent=2162"}],"wp:term":[{"taxonomy":"category","embeddable":true,"href":"https:\/\/smwroclaw.pl\/index.php?rest_route=%2Fwp%2Fv2%2Fcategories&post=2162"},{"taxonomy":"post_tag","embeddable":true,"href":"https:\/\/smwroclaw.pl\/index.php?rest_route=%2Fwp%2Fv2%2Ftags&post=2162"}],"curies":[{"name":"wp","href":"https:\/\/api.w.org\/{rel}","templated":true}]}}