{"id":21777,"date":"2022-01-21T19:01:02","date_gmt":"2022-01-21T18:01:02","guid":{"rendered":"http:\/\/smwroclaw.pl\/?p=21777"},"modified":"2022-01-21T19:01:02","modified_gmt":"2022-01-21T18:01:02","slug":"piatki-z-profilaktyka-7","status":"publish","type":"post","link":"https:\/\/smwroclaw.pl\/?p=21777","title":{"rendered":"PI\u0104TKI Z PROFILAKTYK\u0104"},"content":{"rendered":"<div class=\"kvgmc6g5 cxmmr5t8 oygrvhab hcukyx3x c1et5uql ii04i59q\">\n<div dir=\"auto\" style=\"text-align: justify;\"><span style=\"font-size: 16px; font-family: georgia, palatino, serif;\"><strong>Wroc\u0142aw to du\u017ce miasto,<\/strong> dlatego te\u017c <strong>bezpieczne dziecko, to takie<\/strong>, <strong>kt\u00f3re jest \u015bwiadome zagro\u017ce\u0144<\/strong> z jakimi mo\u017ce si\u0119 spotka\u0107. A jest ich naprawd\u0119 du\u017co, chocia\u017cby <strong>poranny po\u015bpiech w drodze do szko\u0142y<\/strong> i zwi\u0105zany z nim, <strong>du\u017cy ruch na ulicach.<\/strong> \u201cSzybciej b\u0119dzie, jak skr\u00f3c\u0119 drog\u0119 lub przebiegn\u0119 na czerwonym \u015bwietle! Pewnie si\u0119 uda?! W ko\u0144cu robi\u0119 tak z Mam\u0105 lub z Tat\u0105\u201d \u2013 m\u00f3wi jedno z dzieci. <\/span><\/div>\n<\/div>\n<p><span style=\"font-size: 16px; font-family: georgia, palatino, serif;\"><!--more--><\/span><\/p>\n<div dir=\"auto\">\n<div dir=\"auto\"><span style=\"font-size: 16px; font-family: georgia, palatino, serif;\">Je\u017celi<strong> taki przyk\u0142ad <\/strong>idzie z g\u00f3ry, to trudno si\u0119 dziwi\u0107, \u017ce<strong> uczniowie id\u0105 w \u015blad za rodzicami<\/strong>, <strong>czy opiekunami.<\/strong> <strong>Niebezpieczne zachowania<\/strong> pieszych zalicza si\u0119 do <strong>g\u0142\u00f3wnych przyczyn wypadk\u00f3w w miastach<\/strong> z ich udzia\u0142em. Nie ryzykuj \u017cycia i zdrowia! Nasi funkcjonariusze zawsze podkre\u015blaj\u0105, \u017ce priorytetem jest bezpiecze\u0144stwo. Dlatego, nie na \u201cskr\u00f3ty\u201d i nie na szybko! Je\u015bli przechodzimy przez jezdni\u0119 to zawsze \u201cz g\u0142ow\u0105\u201d i nale\u017cyt\u0105 uwa\u017cno\u015bci\u0105.<\/span><\/div>\n<div dir=\"auto\"><span style=\"font-size: 16px; font-family: georgia, palatino, serif;\">Stra\u017cnicy z Zespo\u0142u ds. koordynacji program\u00f3w prewencyjnych oraz Zespo\u0142u szkole\u0144 i doskonalenia zawodowego w tym tygodniu prowadzili zaj\u0119cia w:<\/span><\/div>\n<div dir=\"auto\"><span style=\"font-size: 16px; font-family: georgia, palatino, serif;\">&#8211; Szkole Podstawowej nr 4 na ul. Powsta\u0144c\u00f3w \u015al\u0105skich;<\/span><\/div>\n<div dir=\"auto\"><span style=\"font-size: 16px; font-family: georgia, palatino, serif;\"><span class=\"pq6dq46d tbxw36s4 knj5qynh kvgmc6g5 ditlmg2l oygrvhab nvdbi5me sf5mxxl7 gl3lb2sf hhz5lgdu\">&#8211;<\/span> Szkole Podstawowej \u201cNavigo\u201d na ul. Jastrz\u0119biej;<\/span><\/div>\n<div dir=\"auto\"><span style=\"font-size: 16px; font-family: georgia, palatino, serif;\"><span class=\"pq6dq46d tbxw36s4 knj5qynh kvgmc6g5 ditlmg2l oygrvhab nvdbi5me sf5mxxl7 gl3lb2sf hhz5lgdu\">&#8211;<\/span> Przedszkolu \u201cGajowickie Skrzaty\u201d na ul. Gajowickiej;<\/span><\/div>\n<div dir=\"auto\"><span style=\"font-size: 16px; font-family: georgia, palatino, serif;\"><span class=\"pq6dq46d tbxw36s4 knj5qynh kvgmc6g5 ditlmg2l oygrvhab nvdbi5me sf5mxxl7 gl3lb2sf hhz5lgdu\">&#8211;<\/span> Szkole Podstawowej nr 12 na ul. Janiszewskiego.<\/span><\/div>\n<div dir=\"auto\"><span style=\"font-size: 16px; font-family: georgia, palatino, serif;\">&#8222;MiniRatownik&#8221; czyli autorski program z zakresu udzielania pierwszej pomocy:<\/span><\/div>\n<div dir=\"auto\"><span style=\"font-size: 16px; font-family: georgia, palatino, serif;\"><span class=\"pq6dq46d tbxw36s4 knj5qynh kvgmc6g5 ditlmg2l oygrvhab nvdbi5me sf5mxxl7 gl3lb2sf hhz5lgdu\">&#8211;<\/span> Zesp\u00f3\u0142 Szkolno \u2013 Przedszkolny nr 18 na ul. Pozna\u0144skiej.<\/span><\/div>\n<div dir=\"auto\"><span style=\"font-size: 16px; font-family: georgia, palatino, serif;\">Spotkania z Seniorami:<\/span><\/div>\n<div dir=\"auto\"><span style=\"font-size: 16px; font-family: georgia, palatino, serif;\">&#8211; Dzienny Dom Pomocy Spo\u0142ecznej przy ul. Karmelkowej;<\/span><\/div>\n<div dir=\"auto\"><span style=\"font-size: 16px; font-family: georgia, palatino, serif;\">&#8211; Przestrze\u0144 Trzeciego Wieku, pl. Solidarno\u015bci.<\/span><\/div>\n<div dir=\"auto\"><div class=\"su-spacer\" style=\"height:50px\"><\/div><\/div>\n<\/div>\n<div dir=\"auto\"><\/div>\n<div dir=\"auto\">\n<div style=\"width: 940px;\" class=\"wp-video\"><!--[if lt IE 9]><script>document.createElement('video');<\/script><![endif]-->\n<video class=\"wp-video-shortcode\" id=\"video-21777-1\" width=\"940\" height=\"788\" preload=\"metadata\" controls=\"controls\"><source type=\"video\/mp4\" src=\"https:\/\/smwroclaw.pl\/wp-content\/uploads\/2022\/01\/Profilaktyka.mp4?_=1\" \/><a href=\"https:\/\/smwroclaw.pl\/wp-content\/uploads\/2022\/01\/Profilaktyka.mp4\">https:\/\/smwroclaw.pl\/wp-content\/uploads\/2022\/01\/Profilaktyka.mp4<\/a><\/video><\/div>\n<\/div>\n<div dir=\"auto\"><\/div>\n<div dir=\"auto\"><\/div>\n<div dir=\"auto\"><div class=\"su-spacer\" style=\"height:50px\"><\/div><\/div>\n<div dir=\"auto\"><\/div>\n<div dir=\"auto\"><span style=\"font-size: 16px; font-family: georgia, palatino, serif;\">KB<\/span><\/div>\n<div dir=\"auto\"><\/div>\n<div dir=\"auto\"><\/div>\n","protected":false},"excerpt":{"rendered":"<p>Wroc\u0142aw to du\u017ce miasto, dlatego te\u017c bezpieczne dziecko, to takie, kt\u00f3re jest \u015bwiadome zagro\u017ce\u0144 z jakimi mo\u017ce si\u0119 spotka\u0107. A jest ich naprawd\u0119 du\u017co, chocia\u017cby poranny po\u015bpiech w drodze do szko\u0142y i zwi\u0105zany z nim, du\u017cy ruch na ulicach. \u201cSzybciej b\u0119dzie, jak skr\u00f3c\u0119 drog\u0119 lub przebiegn\u0119 na czerwonym \u015bwietle! Pewnie si\u0119 uda?! W ko\u0144cu robi\u0119 [&hellip;]<\/p>\n","protected":false},"author":12,"featured_media":21779,"comment_status":"closed","ping_status":"closed","sticky":false,"template":"","format":"standard","meta":{"footnotes":""},"categories":[16],"tags":[],"class_list":["post-21777","post","type-post","status-publish","format-standard","has-post-thumbnail","hentry","category-aktual"],"_links":{"self":[{"href":"https:\/\/smwroclaw.pl\/index.php?rest_route=\/wp\/v2\/posts\/21777","targetHints":{"allow":["GET"]}}],"collection":[{"href":"https:\/\/smwroclaw.pl\/index.php?rest_route=\/wp\/v2\/posts"}],"about":[{"href":"https:\/\/smwroclaw.pl\/index.php?rest_route=\/wp\/v2\/types\/post"}],"author":[{"embeddable":true,"href":"https:\/\/smwroclaw.pl\/index.php?rest_route=\/wp\/v2\/users\/12"}],"replies":[{"embeddable":true,"href":"https:\/\/smwroclaw.pl\/index.php?rest_route=%2Fwp%2Fv2%2Fcomments&post=21777"}],"version-history":[{"count":2,"href":"https:\/\/smwroclaw.pl\/index.php?rest_route=\/wp\/v2\/posts\/21777\/revisions"}],"predecessor-version":[{"id":21781,"href":"https:\/\/smwroclaw.pl\/index.php?rest_route=\/wp\/v2\/posts\/21777\/revisions\/21781"}],"wp:featuredmedia":[{"embeddable":true,"href":"https:\/\/smwroclaw.pl\/index.php?rest_route=\/wp\/v2\/media\/21779"}],"wp:attachment":[{"href":"https:\/\/smwroclaw.pl\/index.php?rest_route=%2Fwp%2Fv2%2Fmedia&parent=21777"}],"wp:term":[{"taxonomy":"category","embeddable":true,"href":"https:\/\/smwroclaw.pl\/index.php?rest_route=%2Fwp%2Fv2%2Fcategories&post=21777"},{"taxonomy":"post_tag","embeddable":true,"href":"https:\/\/smwroclaw.pl\/index.php?rest_route=%2Fwp%2Fv2%2Ftags&post=21777"}],"curies":[{"name":"wp","href":"https:\/\/api.w.org\/{rel}","templated":true}]}}