{"id":2188,"date":"2018-06-13T08:09:00","date_gmt":"2018-06-13T06:09:00","guid":{"rendered":"http:\/\/smwroclaw.pl\/?p=2188"},"modified":"2018-10-18T19:52:04","modified_gmt":"2018-10-18T17:52:04","slug":"podziekowania-dla-strazy-miejskiej","status":"publish","type":"post","link":"https:\/\/smwroclaw.pl\/?p=2188","title":{"rendered":"PODZI\u0118KOWANIA DLA STRA\u017bY MIEJSKIEJ WROC\u0141AWIA"},"content":{"rendered":"<p style=\"text-align: justify;\"><span style=\"font-family: georgia,palatino,serif; font-size: 12pt;\">Caritas Archidiecezji Wroc\u0142awskiej sk\u0142ada podzi\u0119kowania funkcjonariuszom Stra\u017cy Miejskiej Wroc\u0142awia za udzia\u0142\u00a0 w przygotowaniach i organizacji Jubileuszowego Zjazdu Szkolnych K\u00f3\u0142 Caritas. Punktem specjalnym imprezy by\u0142 namiot Stra\u017cy Miejskiej, gdzie\u00a0<strong>insp. Beata Dopiera\u0142a\u00a0<\/strong>przeszkoli\u0142a dzieci i wolontariuszy z udzielania pierwszej pomocy przedmedycznej.<\/span><\/p>\n<p><!--more--><\/p>\n<p><img fetchpriority=\"high\" decoding=\"async\" class=\"alignnone size-medium wp-image-2211\" src=\"https:\/\/smwroclaw.pl\/wp-content\/uploads\/2018\/06\/33772743_1919973874719710_1327376156978053120_n-300x177.jpg\" alt=\"\" width=\"300\" height=\"177\" srcset=\"https:\/\/smwroclaw.pl\/wp-content\/uploads\/2018\/06\/33772743_1919973874719710_1327376156978053120_n-300x177.jpg 300w, https:\/\/smwroclaw.pl\/wp-content\/uploads\/2018\/06\/33772743_1919973874719710_1327376156978053120_n.jpg 640w\" sizes=\"(max-width: 300px) 100vw, 300px\" \/><img decoding=\"async\" class=\"alignnone size-medium wp-image-2214\" src=\"https:\/\/smwroclaw.pl\/wp-content\/uploads\/2018\/06\/33923543_1919972791386485_4482140738104066048_n-216x300.jpg\" alt=\"\" width=\"216\" height=\"300\" srcset=\"https:\/\/smwroclaw.pl\/wp-content\/uploads\/2018\/06\/33923543_1919972791386485_4482140738104066048_n-216x300.jpg 216w, https:\/\/smwroclaw.pl\/wp-content\/uploads\/2018\/06\/33923543_1919972791386485_4482140738104066048_n.jpg 461w\" sizes=\"(max-width: 216px) 100vw, 216px\" \/><img decoding=\"async\" class=\"alignnone size-medium wp-image-2210\" src=\"https:\/\/smwroclaw.pl\/wp-content\/uploads\/2018\/06\/33688182_1919974288053002_5684229486422261760_n-233x300.jpg\" alt=\"\" width=\"233\" height=\"300\" srcset=\"https:\/\/smwroclaw.pl\/wp-content\/uploads\/2018\/06\/33688182_1919974288053002_5684229486422261760_n-233x300.jpg 233w, https:\/\/smwroclaw.pl\/wp-content\/uploads\/2018\/06\/33688182_1919974288053002_5684229486422261760_n.jpg 496w\" sizes=\"(max-width: 233px) 100vw, 233px\" \/><\/p>\n<p><img loading=\"lazy\" decoding=\"async\" class=\"alignnone size-medium wp-image-2213\" src=\"https:\/\/smwroclaw.pl\/wp-content\/uploads\/2018\/06\/33853821_1919972744719823_8899801368416485376_n-300x169.jpg\" alt=\"\" width=\"300\" height=\"169\" srcset=\"https:\/\/smwroclaw.pl\/wp-content\/uploads\/2018\/06\/33853821_1919972744719823_8899801368416485376_n-300x169.jpg 300w, https:\/\/smwroclaw.pl\/wp-content\/uploads\/2018\/06\/33853821_1919972744719823_8899801368416485376_n.jpg 640w\" sizes=\"(max-width: 300px) 100vw, 300px\" \/><img loading=\"lazy\" decoding=\"async\" class=\"alignnone size-medium wp-image-2212\" src=\"https:\/\/smwroclaw.pl\/wp-content\/uploads\/2018\/06\/33826535_1919974258053005_1232586980374609920_n-300x164.jpg\" alt=\"\" width=\"300\" height=\"164\" srcset=\"https:\/\/smwroclaw.pl\/wp-content\/uploads\/2018\/06\/33826535_1919974258053005_1232586980374609920_n-300x164.jpg 300w, https:\/\/smwroclaw.pl\/wp-content\/uploads\/2018\/06\/33826535_1919974258053005_1232586980374609920_n.jpg 640w\" sizes=\"(max-width: 300px) 100vw, 300px\" \/><\/p>\n<p>SN<\/p>\n","protected":false},"excerpt":{"rendered":"<p>Caritas Archidiecezji Wroc\u0142awskiej sk\u0142ada podzi\u0119kowania funkcjonariuszom Stra\u017cy Miejskiej Wroc\u0142awia za udzia\u0142\u00a0 w przygotowaniach i organizacji Jubileuszowego Zjazdu Szkolnych K\u00f3\u0142 Caritas. Punktem specjalnym imprezy by\u0142 namiot Stra\u017cy Miejskiej, gdzie\u00a0insp. Beata Dopiera\u0142a\u00a0przeszkoli\u0142a dzieci i wolontariuszy z udzielania pierwszej pomocy przedmedycznej.<\/p>\n","protected":false},"author":3,"featured_media":2189,"comment_status":"closed","ping_status":"closed","sticky":false,"template":"","format":"standard","meta":{"footnotes":""},"categories":[16,50,33],"tags":[],"class_list":["post-2188","post","type-post","status-publish","format-standard","has-post-thumbnail","hentry","category-aktual","category-rat","category-prew"],"_links":{"self":[{"href":"https:\/\/smwroclaw.pl\/index.php?rest_route=\/wp\/v2\/posts\/2188","targetHints":{"allow":["GET"]}}],"collection":[{"href":"https:\/\/smwroclaw.pl\/index.php?rest_route=\/wp\/v2\/posts"}],"about":[{"href":"https:\/\/smwroclaw.pl\/index.php?rest_route=\/wp\/v2\/types\/post"}],"author":[{"embeddable":true,"href":"https:\/\/smwroclaw.pl\/index.php?rest_route=\/wp\/v2\/users\/3"}],"replies":[{"embeddable":true,"href":"https:\/\/smwroclaw.pl\/index.php?rest_route=%2Fwp%2Fv2%2Fcomments&post=2188"}],"version-history":[{"count":14,"href":"https:\/\/smwroclaw.pl\/index.php?rest_route=\/wp\/v2\/posts\/2188\/revisions"}],"predecessor-version":[{"id":2233,"href":"https:\/\/smwroclaw.pl\/index.php?rest_route=\/wp\/v2\/posts\/2188\/revisions\/2233"}],"wp:featuredmedia":[{"embeddable":true,"href":"https:\/\/smwroclaw.pl\/index.php?rest_route=\/wp\/v2\/media\/2189"}],"wp:attachment":[{"href":"https:\/\/smwroclaw.pl\/index.php?rest_route=%2Fwp%2Fv2%2Fmedia&parent=2188"}],"wp:term":[{"taxonomy":"category","embeddable":true,"href":"https:\/\/smwroclaw.pl\/index.php?rest_route=%2Fwp%2Fv2%2Fcategories&post=2188"},{"taxonomy":"post_tag","embeddable":true,"href":"https:\/\/smwroclaw.pl\/index.php?rest_route=%2Fwp%2Fv2%2Ftags&post=2188"}],"curies":[{"name":"wp","href":"https:\/\/api.w.org\/{rel}","templated":true}]}}