{"id":22329,"date":"2022-02-18T16:09:58","date_gmt":"2022-02-18T15:09:58","guid":{"rendered":"http:\/\/smwroclaw.pl\/?p=22329"},"modified":"2022-02-18T16:09:58","modified_gmt":"2022-02-18T15:09:58","slug":"piatki-z-profilaktyka-11","status":"publish","type":"post","link":"https:\/\/smwroclaw.pl\/?p=22329","title":{"rendered":"PI\u0104TKI Z PROFILAKTYK\u0104"},"content":{"rendered":"<p><span style=\"font-size: 16px; font-family: georgia, palatino, serif;\">Pierwszy tydzie\u0144 po feriach zimowych ju\u017c za nami. W tym tygodniu <strong>nasi funkcjonariusze<\/strong> <strong>rozmawiali<\/strong> z najm\u0142odszymi o wa\u017cnych sprawach m.in. <strong>jak si\u0119 zachowa\u0107 w sytuacji, gdy nie mo\u017cemy dobudzi\u0107 jednego z opiekun\u00f3w, a jeste\u015bmy z nim sami w domu?<\/strong> Jakie s\u0105 <strong>numery alarmowe?<\/strong> Czy rozmawiaj\u0105c z kim\u015b <strong>nieznajomym w Internecie<\/strong>, nale\u017cy o tym powiedzie\u0107 swoim opiekunom? <strong>W jakim miejscu nale\u017cy przechodzi\u0107 przez\u00a0 jezdni\u0119, aby bezpiecznie dotrze\u0107 do szko\u0142y?<\/strong><\/span><\/p>\n<p><span style=\"font-size: 16px; font-family: georgia, palatino, serif;\"><!--more--><strong>Na te i inne pytania odpowiadali stra\u017cnicy z Zespo\u0142u ds. koordynacji program\u00f3w prewencyjnych oraz z Zespo\u0142u szkole\u0144 i doskonalenia zawodowego w:<\/strong><\/span><br \/>\n<span style=\"font-size: 16px; font-family: georgia, palatino, serif;\">&#8211; Zespole Szk\u00f3\u0142 nr 9, ul. Krajewskiego;<\/span><br \/>\n<span style=\"font-size: 16px; font-family: georgia, palatino, serif;\">&#8211; Zespole Szk\u00f3\u0142 Salezja\u0144skich Don Bosco, ul. \u015awi\u0119tokrzyska;<\/span><br \/>\n<span style=\"font-size: 16px; font-family: georgia, palatino, serif;\">&#8211; Publicznym Przedszkolu &#8222;Columbus&#8221;, ul. Zielna;<\/span><br \/>\n<span style=\"font-size: 16px; font-family: georgia, palatino, serif;\">&#8211; Szkole Podstawowej nr 107, ul. B. Prusa;<\/span><br \/>\n<span style=\"font-size: 16px; font-family: georgia, palatino, serif;\">&#8211; Przedszkolu &#8222;LiPi&#8221;, ul. Cynamonowa;<\/span><br \/>\n<span style=\"font-size: 16px; font-family: georgia, palatino, serif;\">&#8211; Zespole Szkolno \u2013 Przedszkolnym nr 1, ul. Zemska;<\/span><br \/>\n<span style=\"font-size: 16px; font-family: georgia, palatino, serif;\">&#8211; Publicznym Przedszkolu &#8222;Hogu\u015b&#8221;, ul. Kominiarska.<\/span><\/p>\n<div style=\"width: 940px;\" class=\"wp-video\"><!--[if lt IE 9]><script>document.createElement('video');<\/script><![endif]-->\n<video class=\"wp-video-shortcode\" id=\"video-22329-1\" width=\"940\" height=\"788\" preload=\"metadata\" controls=\"controls\"><source type=\"video\/mp4\" src=\"https:\/\/smwroclaw.pl\/wp-content\/uploads\/2022\/02\/1Profilaktyka.mp4?_=1\" \/><a href=\"https:\/\/smwroclaw.pl\/wp-content\/uploads\/2022\/02\/1Profilaktyka.mp4\">https:\/\/smwroclaw.pl\/wp-content\/uploads\/2022\/02\/1Profilaktyka.mp4<\/a><\/video><\/div>\n<p>&nbsp;<\/p>\n<p>&nbsp;<\/p>\n<p><span style=\"font-size: 16px; font-family: georgia, palatino, serif;\">KB<\/span><\/p>\n","protected":false},"excerpt":{"rendered":"<p>Pierwszy tydzie\u0144 po feriach zimowych ju\u017c za nami. W tym tygodniu nasi funkcjonariusze rozmawiali z najm\u0142odszymi o wa\u017cnych sprawach m.in. jak si\u0119 zachowa\u0107 w sytuacji, gdy nie mo\u017cemy dobudzi\u0107 jednego z opiekun\u00f3w, a jeste\u015bmy z nim sami w domu? Jakie s\u0105 numery alarmowe? Czy rozmawiaj\u0105c z kim\u015b nieznajomym w Internecie, nale\u017cy o tym powiedzie\u0107 swoim [&hellip;]<\/p>\n","protected":false},"author":12,"featured_media":22332,"comment_status":"closed","ping_status":"closed","sticky":false,"template":"","format":"standard","meta":{"footnotes":""},"categories":[16],"tags":[],"class_list":["post-22329","post","type-post","status-publish","format-standard","has-post-thumbnail","hentry","category-aktual"],"_links":{"self":[{"href":"https:\/\/smwroclaw.pl\/index.php?rest_route=\/wp\/v2\/posts\/22329","targetHints":{"allow":["GET"]}}],"collection":[{"href":"https:\/\/smwroclaw.pl\/index.php?rest_route=\/wp\/v2\/posts"}],"about":[{"href":"https:\/\/smwroclaw.pl\/index.php?rest_route=\/wp\/v2\/types\/post"}],"author":[{"embeddable":true,"href":"https:\/\/smwroclaw.pl\/index.php?rest_route=\/wp\/v2\/users\/12"}],"replies":[{"embeddable":true,"href":"https:\/\/smwroclaw.pl\/index.php?rest_route=%2Fwp%2Fv2%2Fcomments&post=22329"}],"version-history":[{"count":3,"href":"https:\/\/smwroclaw.pl\/index.php?rest_route=\/wp\/v2\/posts\/22329\/revisions"}],"predecessor-version":[{"id":22334,"href":"https:\/\/smwroclaw.pl\/index.php?rest_route=\/wp\/v2\/posts\/22329\/revisions\/22334"}],"wp:featuredmedia":[{"embeddable":true,"href":"https:\/\/smwroclaw.pl\/index.php?rest_route=\/wp\/v2\/media\/22332"}],"wp:attachment":[{"href":"https:\/\/smwroclaw.pl\/index.php?rest_route=%2Fwp%2Fv2%2Fmedia&parent=22329"}],"wp:term":[{"taxonomy":"category","embeddable":true,"href":"https:\/\/smwroclaw.pl\/index.php?rest_route=%2Fwp%2Fv2%2Fcategories&post=22329"},{"taxonomy":"post_tag","embeddable":true,"href":"https:\/\/smwroclaw.pl\/index.php?rest_route=%2Fwp%2Fv2%2Ftags&post=22329"}],"curies":[{"name":"wp","href":"https:\/\/api.w.org\/{rel}","templated":true}]}}