{"id":22367,"date":"2022-02-22T16:01:32","date_gmt":"2022-02-22T15:01:32","guid":{"rendered":"http:\/\/smwroclaw.pl\/?p=22367"},"modified":"2022-02-22T16:01:32","modified_gmt":"2022-02-22T15:01:32","slug":"podsumowanie-ferii-zimowych-ze-straza-miejska-wroclawia","status":"publish","type":"post","link":"https:\/\/smwroclaw.pl\/?p=22367","title":{"rendered":"PODSUMOWANIE FERII ZIMOWYCH ZE STRA\u017b\u0104 MIEJSK\u0104 WROC\u0141AWIA"},"content":{"rendered":"<p style=\"text-align: justify;\"><span class=\"tojvnm2t a6sixzi8 abs2jz4q a8s20v7p t1p8iaqh k5wvi7nf q3lfd5jv pk4s997a bipmatt0 cebpdrjk qowsmv63 owwhemhu dp1hu0rb dhp61c6y iyyx5f41\" style=\"font-family: georgia, palatino, serif; font-size: 16px;\">Czas na podsumowanie<strong> Ferii Zimowych ze Stra\u017c\u0105 Miejsk\u0105 Wroc\u0142awia.<\/strong> <strong>\u0141\u0105cznie<\/strong> w naszych <strong>zaj\u0119ciach i warsztatach<\/strong> wzi\u0119\u0142o udzia\u0142 <strong>ok. 995 dzieci.<\/strong> Tematy, kt\u00f3re realizowali\u015bmy to m.in. <strong>Edukacja dla bezpiecze\u0144stwa, Bezpieczny wypoczynek, Wsp\u00f3\u0142czesne zagro\u017cenia, MiniRatownik, Eko miasto, Zwierzaki \u2013 zagro\u017cenia i obowi\u0105zki.<\/strong> By\u0142 to naprawd\u0119 intensywny czas, pe\u0142en spotka\u0144, w czasie kt\u00f3rych funkcjonariusze odpowiadali na liczne pytania dzieci zwi\u0105zane z ich bezpiecze\u0144stwem w mie\u015bcie. Dzi\u0119kujemy wszystkim milusi\u0144skim za odwiedziny, jak r\u00f3wnie\u017c za mi\u0142e spotkania poza nasz\u0105 Komend\u0105. <\/span><\/p>\n<p style=\"text-align: justify;\"><span style=\"font-family: georgia, palatino, serif; font-size: 16px;\"><!--more--><\/span><\/p>\n<p style=\"text-align: justify;\"><span class=\"tojvnm2t a6sixzi8 abs2jz4q a8s20v7p t1p8iaqh k5wvi7nf q3lfd5jv pk4s997a bipmatt0 cebpdrjk qowsmv63 owwhemhu dp1hu0rb dhp61c6y iyyx5f41\" style=\"font-family: georgia, palatino, serif; font-size: 16px;\"><strong>Szczeg\u00f3lne podzi\u0119kowania kierujemy do wsp\u00f3\u0142organizator\u00f3w:<\/strong> <\/span><\/p>\n<p style=\"text-align: justify;\"><span class=\"tojvnm2t a6sixzi8 abs2jz4q a8s20v7p t1p8iaqh k5wvi7nf q3lfd5jv pk4s997a bipmatt0 cebpdrjk qowsmv63 owwhemhu dp1hu0rb dhp61c6y iyyx5f41\" style=\"font-family: georgia, palatino, serif; font-size: 16px;\">&#8211; Eneris Ekologicznego Centrum Utylizacji Sp. z o.o.; <\/span><\/p>\n<p style=\"text-align: justify;\"><span class=\"tojvnm2t a6sixzi8 abs2jz4q a8s20v7p t1p8iaqh k5wvi7nf q3lfd5jv pk4s997a bipmatt0 cebpdrjk qowsmv63 owwhemhu dp1hu0rb dhp61c6y iyyx5f41\" style=\"font-family: georgia, palatino, serif; font-size: 16px;\">&#8211; Centrum Historii Zajezdnia Wroc\u0142aw; <\/span><\/p>\n<p style=\"text-align: justify;\"><span class=\"tojvnm2t a6sixzi8 abs2jz4q a8s20v7p t1p8iaqh k5wvi7nf q3lfd5jv pk4s997a bipmatt0 cebpdrjk qowsmv63 owwhemhu dp1hu0rb dhp61c6y iyyx5f41\" style=\"font-family: georgia, palatino, serif; font-size: 16px;\">&#8211; Hydropolis Centrum Edukacji Ekologicznej we Wroc\u0142awiu; <\/span><\/p>\n<p style=\"text-align: justify;\"><span class=\"tojvnm2t a6sixzi8 abs2jz4q a8s20v7p t1p8iaqh k5wvi7nf q3lfd5jv pk4s997a bipmatt0 cebpdrjk qowsmv63 owwhemhu dp1hu0rb dhp61c6y iyyx5f41\" style=\"font-family: georgia, palatino, serif; font-size: 16px;\">&#8211; Ekosystemu Sp. z o.o.; <\/span><\/p>\n<p style=\"text-align: justify;\"><span class=\"tojvnm2t a6sixzi8 abs2jz4q a8s20v7p t1p8iaqh k5wvi7nf q3lfd5jv pk4s997a bipmatt0 cebpdrjk qowsmv63 owwhemhu dp1hu0rb dhp61c6y iyyx5f41\" style=\"font-family: georgia, palatino, serif; font-size: 16px;\">&#8211; Uniwersytetu Wroc\u0142awskiego; <\/span><\/p>\n<p style=\"text-align: justify;\"><span class=\"tojvnm2t a6sixzi8 abs2jz4q a8s20v7p t1p8iaqh k5wvi7nf q3lfd5jv pk4s997a bipmatt0 cebpdrjk qowsmv63 owwhemhu dp1hu0rb dhp61c6y iyyx5f41\" style=\"font-family: georgia, palatino, serif; font-size: 16px;\">&#8211; Dolno\u015bl\u0105skiego WOPR; <\/span><\/p>\n<p style=\"text-align: justify;\"><span class=\"tojvnm2t a6sixzi8 abs2jz4q a8s20v7p t1p8iaqh k5wvi7nf q3lfd5jv pk4s997a bipmatt0 cebpdrjk qowsmv63 owwhemhu dp1hu0rb dhp61c6y iyyx5f41\" style=\"font-family: georgia, palatino, serif; font-size: 16px;\">&#8211; ZOO Wroc\u0142aw; <\/span><\/p>\n<p style=\"text-align: justify;\"><span class=\"tojvnm2t a6sixzi8 abs2jz4q a8s20v7p t1p8iaqh k5wvi7nf q3lfd5jv pk4s997a bipmatt0 cebpdrjk qowsmv63 owwhemhu dp1hu0rb dhp61c6y iyyx5f41\" style=\"font-family: georgia, palatino, serif; font-size: 16px;\">&#8211; Przedszkola &#8222;Kropelka&#8221;. <\/span><\/p>\n<p style=\"text-align: justify;\"><span class=\"tojvnm2t a6sixzi8 abs2jz4q a8s20v7p t1p8iaqh k5wvi7nf q3lfd5jv pk4s997a bipmatt0 cebpdrjk qowsmv63 owwhemhu dp1hu0rb dhp61c6y iyyx5f41\" style=\"font-family: georgia, palatino, serif; font-size: 16px;\"><strong>Wasze wsparcie, wk\u0142ad pracy i profesjonalizm niew\u0105tpliwie warte s\u0105 uznania.<\/strong> Wierzymy, \u017ce podejmuj\u0105c wsp\u00f3lny trud w edukacj\u0119 najm\u0142odszych, dorzucamy ma\u0142\u0105 cegie\u0142k\u0119, kt\u00f3ra poszerzy wiedz\u0119 oraz \u015bwiadomo\u015b\u0107 o otaczaj\u0105cym ich \u015bwiecie. Dzi\u0119kuj\u0105c za pomoc, \u017cywimy nadziej\u0119 na dalsz\u0105 wsp\u00f3\u0142prac\u0119 przy kolejnych inicjatywach.<\/span><\/p>\n<div style=\"width: 940px;\" class=\"wp-video\"><!--[if lt IE 9]><script>document.createElement('video');<\/script><![endif]-->\n<video class=\"wp-video-shortcode\" id=\"video-22367-1\" width=\"940\" height=\"788\" preload=\"metadata\" controls=\"controls\"><source type=\"video\/mp4\" src=\"https:\/\/smwroclaw.pl\/wp-content\/uploads\/2022\/02\/Ferie-Zimowe-ze-Straza-Miejska-Wroclawia.mp4?_=1\" \/><a href=\"https:\/\/smwroclaw.pl\/wp-content\/uploads\/2022\/02\/Ferie-Zimowe-ze-Straza-Miejska-Wroclawia.mp4\">https:\/\/smwroclaw.pl\/wp-content\/uploads\/2022\/02\/Ferie-Zimowe-ze-Straza-Miejska-Wroclawia.mp4<\/a><\/video><\/div>\n<p style=\"text-align: justify;\">\n<p style=\"text-align: justify;\">\n<p style=\"text-align: justify;\"><span style=\"font-family: georgia, palatino, serif; font-size: 16px;\">KB<\/span><\/p>\n","protected":false},"excerpt":{"rendered":"<p>Czas na podsumowanie Ferii Zimowych ze Stra\u017c\u0105 Miejsk\u0105 Wroc\u0142awia. \u0141\u0105cznie w naszych zaj\u0119ciach i warsztatach wzi\u0119\u0142o udzia\u0142 ok. 995 dzieci. Tematy, kt\u00f3re realizowali\u015bmy to m.in. Edukacja dla bezpiecze\u0144stwa, Bezpieczny wypoczynek, Wsp\u00f3\u0142czesne zagro\u017cenia, MiniRatownik, Eko miasto, Zwierzaki \u2013 zagro\u017cenia i obowi\u0105zki. By\u0142 to naprawd\u0119 intensywny czas, pe\u0142en spotka\u0144, w czasie kt\u00f3rych funkcjonariusze odpowiadali na liczne pytania [&hellip;]<\/p>\n","protected":false},"author":12,"featured_media":22369,"comment_status":"closed","ping_status":"closed","sticky":false,"template":"","format":"standard","meta":{"footnotes":""},"categories":[16],"tags":[],"class_list":["post-22367","post","type-post","status-publish","format-standard","has-post-thumbnail","hentry","category-aktual"],"_links":{"self":[{"href":"https:\/\/smwroclaw.pl\/index.php?rest_route=\/wp\/v2\/posts\/22367","targetHints":{"allow":["GET"]}}],"collection":[{"href":"https:\/\/smwroclaw.pl\/index.php?rest_route=\/wp\/v2\/posts"}],"about":[{"href":"https:\/\/smwroclaw.pl\/index.php?rest_route=\/wp\/v2\/types\/post"}],"author":[{"embeddable":true,"href":"https:\/\/smwroclaw.pl\/index.php?rest_route=\/wp\/v2\/users\/12"}],"replies":[{"embeddable":true,"href":"https:\/\/smwroclaw.pl\/index.php?rest_route=%2Fwp%2Fv2%2Fcomments&post=22367"}],"version-history":[{"count":1,"href":"https:\/\/smwroclaw.pl\/index.php?rest_route=\/wp\/v2\/posts\/22367\/revisions"}],"predecessor-version":[{"id":22370,"href":"https:\/\/smwroclaw.pl\/index.php?rest_route=\/wp\/v2\/posts\/22367\/revisions\/22370"}],"wp:featuredmedia":[{"embeddable":true,"href":"https:\/\/smwroclaw.pl\/index.php?rest_route=\/wp\/v2\/media\/22369"}],"wp:attachment":[{"href":"https:\/\/smwroclaw.pl\/index.php?rest_route=%2Fwp%2Fv2%2Fmedia&parent=22367"}],"wp:term":[{"taxonomy":"category","embeddable":true,"href":"https:\/\/smwroclaw.pl\/index.php?rest_route=%2Fwp%2Fv2%2Fcategories&post=22367"},{"taxonomy":"post_tag","embeddable":true,"href":"https:\/\/smwroclaw.pl\/index.php?rest_route=%2Fwp%2Fv2%2Ftags&post=22367"}],"curies":[{"name":"wp","href":"https:\/\/api.w.org\/{rel}","templated":true}]}}