{"id":22930,"date":"2022-03-28T14:50:01","date_gmt":"2022-03-28T12:50:01","guid":{"rendered":"http:\/\/smwroclaw.pl\/?p=22930"},"modified":"2022-03-28T14:50:01","modified_gmt":"2022-03-28T12:50:01","slug":"zmiany-w-obostrzeniach-covid-19","status":"publish","type":"post","link":"https:\/\/smwroclaw.pl\/?p=22930","title":{"rendered":"ZMIANY W OBOSTRZENIACH COVID \u2013 19"},"content":{"rendered":"<p><span style=\"font-size: 16px; font-family: georgia, palatino, serif;\"><strong>Od dzisiaj przestaje obowi\u0105zywa\u0107 nakaz zakrywania maseczk\u0105 ust i nosa w pomieszczeniach zamkni\u0119tych, z wyj\u0105tkiem plac\u00f3wek medycznych.<\/strong><\/span><\/p>\n<p><span style=\"font-size: 16px; font-family: georgia, palatino, serif;\"><!--more--><\/span><\/p>\n<p><span style=\"font-size: 16px; font-family: georgia, palatino, serif;\"><strong>Wi\u0119cej informacji:<\/strong><\/span><\/p>\n<p><span style=\"font-size: 16px; font-family: georgia, palatino, serif;\"><strong>https:\/\/www.gov.pl\/web\/koronawirus\/aktualne-zasady-i-ograniczenia<\/strong><\/span><\/p>\n<div class=\"su-spacer\" style=\"height:50px\"><\/div>\n<p>&nbsp;<\/p>\n<div style=\"width: 940px;\" class=\"wp-video\"><!--[if lt IE 9]><script>document.createElement('video');<\/script><![endif]-->\n<video class=\"wp-video-shortcode\" id=\"video-22930-1\" width=\"940\" height=\"788\" preload=\"metadata\" controls=\"controls\"><source type=\"video\/mp4\" src=\"https:\/\/smwroclaw.pl\/wp-content\/uploads\/2022\/03\/W-trosce-o-swoje-i-innych-bezpieczenstwo.mp4?_=1\" \/><a href=\"https:\/\/smwroclaw.pl\/wp-content\/uploads\/2022\/03\/W-trosce-o-swoje-i-innych-bezpieczenstwo.mp4\">https:\/\/smwroclaw.pl\/wp-content\/uploads\/2022\/03\/W-trosce-o-swoje-i-innych-bezpieczenstwo.mp4<\/a><\/video><\/div>\n<p>&nbsp;<\/p>\n<p><span style=\"font-size: 16px; font-family: georgia, palatino, serif;\">KB<\/span><\/p>\n","protected":false},"excerpt":{"rendered":"<p>Od dzisiaj przestaje obowi\u0105zywa\u0107 nakaz zakrywania maseczk\u0105 ust i nosa w pomieszczeniach zamkni\u0119tych, z wyj\u0105tkiem plac\u00f3wek medycznych.<\/p>\n","protected":false},"author":12,"featured_media":22935,"comment_status":"closed","ping_status":"closed","sticky":false,"template":"","format":"standard","meta":{"footnotes":""},"categories":[16],"tags":[],"class_list":["post-22930","post","type-post","status-publish","format-standard","has-post-thumbnail","hentry","category-aktual"],"_links":{"self":[{"href":"https:\/\/smwroclaw.pl\/index.php?rest_route=\/wp\/v2\/posts\/22930","targetHints":{"allow":["GET"]}}],"collection":[{"href":"https:\/\/smwroclaw.pl\/index.php?rest_route=\/wp\/v2\/posts"}],"about":[{"href":"https:\/\/smwroclaw.pl\/index.php?rest_route=\/wp\/v2\/types\/post"}],"author":[{"embeddable":true,"href":"https:\/\/smwroclaw.pl\/index.php?rest_route=\/wp\/v2\/users\/12"}],"replies":[{"embeddable":true,"href":"https:\/\/smwroclaw.pl\/index.php?rest_route=%2Fwp%2Fv2%2Fcomments&post=22930"}],"version-history":[{"count":2,"href":"https:\/\/smwroclaw.pl\/index.php?rest_route=\/wp\/v2\/posts\/22930\/revisions"}],"predecessor-version":[{"id":22937,"href":"https:\/\/smwroclaw.pl\/index.php?rest_route=\/wp\/v2\/posts\/22930\/revisions\/22937"}],"wp:featuredmedia":[{"embeddable":true,"href":"https:\/\/smwroclaw.pl\/index.php?rest_route=\/wp\/v2\/media\/22935"}],"wp:attachment":[{"href":"https:\/\/smwroclaw.pl\/index.php?rest_route=%2Fwp%2Fv2%2Fmedia&parent=22930"}],"wp:term":[{"taxonomy":"category","embeddable":true,"href":"https:\/\/smwroclaw.pl\/index.php?rest_route=%2Fwp%2Fv2%2Fcategories&post=22930"},{"taxonomy":"post_tag","embeddable":true,"href":"https:\/\/smwroclaw.pl\/index.php?rest_route=%2Fwp%2Fv2%2Ftags&post=22930"}],"curies":[{"name":"wp","href":"https:\/\/api.w.org\/{rel}","templated":true}]}}