{"id":23778,"date":"2022-05-18T11:32:48","date_gmt":"2022-05-18T09:32:48","guid":{"rendered":"http:\/\/smwroclaw.pl\/?p=23778"},"modified":"2022-05-18T11:32:48","modified_gmt":"2022-05-18T09:32:48","slug":"makabryczny-wrak","status":"publish","type":"post","link":"https:\/\/smwroclaw.pl\/?p=23778","title":{"rendered":"MAKABRYCZNY WRAK"},"content":{"rendered":"<p><span style=\"font-family: georgia, palatino, serif; font-size: 16px;\">Do <strong>Rady Osiedla Powsta\u0144c\u00f3w \u015al\u0105skich<\/strong> zg\u0142osi\u0142a si\u0119 mieszkanka z informacj\u0105, \u017ce przy ulicy Swobodnej ponownie zaparkowano doskonale znany Stra\u017cy Miejskiej samoch\u00f3d marki \u017buk z plandek\u0105 na kt\u00f3rej umieszczone s\u0105 drastyczne fotografie p\u0142od\u00f3w. Jaki\u015b czas temu (luty) odholowano ju\u017c ten pojazd bior\u0105c pod uwag\u0119 to, \u017ce jego stan wskazywa\u0142 na d\u0142ugotrwa\u0142e nieu\u017cytkowanie. Przewodnicz\u0105cy Rady Osiedla Powsta\u0144c\u00f3w \u015al\u0105skich zg\u0142osi\u0142 nam temat, a na drugi dzie\u0144 strasz\u0105cego wraka ju\u017c nie by\u0142o \u2013 zosta\u0142 odholowany na koszt w\u0142a\u015bciciela.<\/span><br \/>\n<!--more--><\/p>\n\n\t\t<style type=\"text\/css\">\n\t\t\t#gallery-1 {\n\t\t\t\tmargin: auto;\n\t\t\t}\n\t\t\t#gallery-1 .gallery-item {\n\t\t\t\tfloat: left;\n\t\t\t\tmargin-top: 10px;\n\t\t\t\ttext-align: center;\n\t\t\t\twidth: 33%;\n\t\t\t}\n\t\t\t#gallery-1 img {\n\t\t\t\tborder: 2px solid #cfcfcf;\n\t\t\t}\n\t\t\t#gallery-1 .gallery-caption {\n\t\t\t\tmargin-left: 0;\n\t\t\t}\n\t\t\t\/* see gallery_shortcode() in wp-includes\/media.php *\/\n\t\t<\/style>\n\t\t<div id='gallery-1' class='gallery galleryid-23778 gallery-columns-3 gallery-size-thumbnail'><dl class='gallery-item'>\n\t\t\t<dt class='gallery-icon landscape'>\n\t\t\t\t<a href='https:\/\/smwroclaw.pl\/?attachment_id=23779'><img fetchpriority=\"high\" decoding=\"async\" width=\"360\" height=\"260\" src=\"https:\/\/smwroclaw.pl\/wp-content\/uploads\/2022\/05\/1-9-360x260.jpg\" class=\"attachment-thumbnail size-thumbnail\" alt=\"\" \/><\/a>\n\t\t\t<\/dt><\/dl><dl class='gallery-item'>\n\t\t\t<dt class='gallery-icon landscape'>\n\t\t\t\t<a href='https:\/\/smwroclaw.pl\/?attachment_id=23780'><img decoding=\"async\" width=\"360\" height=\"260\" src=\"https:\/\/smwroclaw.pl\/wp-content\/uploads\/2022\/05\/2-9-360x260.jpg\" class=\"attachment-thumbnail size-thumbnail\" alt=\"\" \/><\/a>\n\t\t\t<\/dt><\/dl><dl class='gallery-item'>\n\t\t\t<dt class='gallery-icon landscape'>\n\t\t\t\t<a href='https:\/\/smwroclaw.pl\/?attachment_id=23781'><img decoding=\"async\" width=\"360\" height=\"260\" src=\"https:\/\/smwroclaw.pl\/wp-content\/uploads\/2022\/05\/3-7-360x260.jpg\" class=\"attachment-thumbnail size-thumbnail\" alt=\"\" \/><\/a>\n\t\t\t<\/dt><\/dl><br style=\"clear: both\" \/>\n\t\t<\/div>\n\n<p>\u0179r\u00f3d\u0142o zdj\u0119\u0107: FB Rada Osiedla Powsta\u0144c\u00f3w \u015al\u0105skich<\/p>\n<p>BD<\/p>\n","protected":false},"excerpt":{"rendered":"<p>Do Rady Osiedla Powsta\u0144c\u00f3w \u015al\u0105skich zg\u0142osi\u0142a si\u0119 mieszkanka z informacj\u0105, \u017ce przy ulicy Swobodnej ponownie zaparkowano doskonale znany Stra\u017cy Miejskiej samoch\u00f3d marki \u017buk z plandek\u0105 na kt\u00f3rej umieszczone s\u0105 drastyczne fotografie p\u0142od\u00f3w. Jaki\u015b czas temu (luty) odholowano ju\u017c ten pojazd bior\u0105c pod uwag\u0119 to, \u017ce jego stan wskazywa\u0142 na d\u0142ugotrwa\u0142e nieu\u017cytkowanie. Przewodnicz\u0105cy Rady Osiedla Powsta\u0144c\u00f3w [&hellip;]<\/p>\n","protected":false},"author":7,"featured_media":23782,"comment_status":"closed","ping_status":"closed","sticky":false,"template":"","format":"standard","meta":{"footnotes":""},"categories":[16],"tags":[],"class_list":["post-23778","post","type-post","status-publish","format-standard","has-post-thumbnail","hentry","category-aktual"],"_links":{"self":[{"href":"https:\/\/smwroclaw.pl\/index.php?rest_route=\/wp\/v2\/posts\/23778","targetHints":{"allow":["GET"]}}],"collection":[{"href":"https:\/\/smwroclaw.pl\/index.php?rest_route=\/wp\/v2\/posts"}],"about":[{"href":"https:\/\/smwroclaw.pl\/index.php?rest_route=\/wp\/v2\/types\/post"}],"author":[{"embeddable":true,"href":"https:\/\/smwroclaw.pl\/index.php?rest_route=\/wp\/v2\/users\/7"}],"replies":[{"embeddable":true,"href":"https:\/\/smwroclaw.pl\/index.php?rest_route=%2Fwp%2Fv2%2Fcomments&post=23778"}],"version-history":[{"count":1,"href":"https:\/\/smwroclaw.pl\/index.php?rest_route=\/wp\/v2\/posts\/23778\/revisions"}],"predecessor-version":[{"id":23783,"href":"https:\/\/smwroclaw.pl\/index.php?rest_route=\/wp\/v2\/posts\/23778\/revisions\/23783"}],"wp:featuredmedia":[{"embeddable":true,"href":"https:\/\/smwroclaw.pl\/index.php?rest_route=\/wp\/v2\/media\/23782"}],"wp:attachment":[{"href":"https:\/\/smwroclaw.pl\/index.php?rest_route=%2Fwp%2Fv2%2Fmedia&parent=23778"}],"wp:term":[{"taxonomy":"category","embeddable":true,"href":"https:\/\/smwroclaw.pl\/index.php?rest_route=%2Fwp%2Fv2%2Fcategories&post=23778"},{"taxonomy":"post_tag","embeddable":true,"href":"https:\/\/smwroclaw.pl\/index.php?rest_route=%2Fwp%2Fv2%2Ftags&post=23778"}],"curies":[{"name":"wp","href":"https:\/\/api.w.org\/{rel}","templated":true}]}}