{"id":2421,"date":"2018-06-19T15:36:41","date_gmt":"2018-06-19T13:36:41","guid":{"rendered":"http:\/\/smwroclaw.pl\/?p=2421"},"modified":"2018-06-19T20:39:30","modified_gmt":"2018-06-19T18:39:30","slug":"spotkanie-na-jagodnie","status":"publish","type":"post","link":"https:\/\/smwroclaw.pl\/?p=2421","title":{"rendered":"Spotkanie na Jagodnie"},"content":{"rendered":"<p style=\"text-align: justify;\"><span style=\"font-family: georgia, palatino, serif; font-size: 12pt;\"><strong>16 czerwca<\/strong> na ul. Jagodzi\u0144skiej odby\u0142 si\u0119 festyn zorganizowany przez <strong>Rad\u0119 Osiedla Jagodno<\/strong>. Pogoda dopisa\u0142a, co przyci\u0105gn\u0119\u0142o liczne grono mieszka\u0144c\u00f3w z dzie\u0107mi. Najm\u0142odsi i ich opiekunowie korzystali z wielu atrakcji, konkurs\u00f3w i rodzinnych zmaga\u0144. Nasi funkcjonariusze <strong>Marta Pal<\/strong> i <strong>Czes\u0142aw Smolarski<\/strong> razem z Przewodnicz\u0105c\u0105 Rady Osiedla pani\u0105 Ma\u0142gorzat\u0105 Konieczn\u0105 odpowiadali na pytania mieszka\u0144c\u00f3w, edukowali najmniejszych uczestnik\u00f3w imprezy, organizowali zabawy oraz wr\u0119czali drobne upominki. <!--more-->Prezentacja radiowozu, szczeg\u00f3lnie podoba\u0142a si\u0119 dzieciom. Festynowi towarzyszy\u0142o otwarcie wyremontowanej siedziby Rady Osiedla.<\/span><\/p>\n<div class=\"su-youtube su-u-responsive-media-yes\"><iframe width=\"600\" height=\"480\" src=\"https:\/\/www.youtube.com\/embed\/2ltcIam7xGo?autoplay=1\" frameborder=\"0\" allowfullscreen allow=\"autoplay; encrypted-media; picture-in-picture\" title=\"\"><\/iframe><\/div>\n<p style=\"text-align: justify;\"><span style=\"font-family: georgia, palatino, serif; font-size: 12pt;\"> Autor filmu: Tomasz Wrotny<\/span><\/p>\n<p><img fetchpriority=\"high\" decoding=\"async\" class=\"alignnone wp-image-2423\" src=\"https:\/\/smwroclaw.pl\/wp-content\/uploads\/2018\/06\/35526961_1944530782264019_2571210535714422784_n-225x300.jpg\" alt=\"\" width=\"233\" height=\"311\" srcset=\"https:\/\/smwroclaw.pl\/wp-content\/uploads\/2018\/06\/35526961_1944530782264019_2571210535714422784_n-225x300.jpg 225w, https:\/\/smwroclaw.pl\/wp-content\/uploads\/2018\/06\/35526961_1944530782264019_2571210535714422784_n.jpg 720w\" sizes=\"(max-width: 233px) 100vw, 233px\" \/><img decoding=\"async\" class=\" wp-image-2422 alignleft\" src=\"https:\/\/smwroclaw.pl\/wp-content\/uploads\/2018\/06\/35432214_1944531535597277_4615053740938887168_n-213x300.jpg\" alt=\"\" width=\"221\" height=\"311\" srcset=\"https:\/\/smwroclaw.pl\/wp-content\/uploads\/2018\/06\/35432214_1944531535597277_4615053740938887168_n-213x300.jpg 213w, https:\/\/smwroclaw.pl\/wp-content\/uploads\/2018\/06\/35432214_1944531535597277_4615053740938887168_n.jpg 680w\" sizes=\"(max-width: 221px) 100vw, 221px\" \/><\/p>\n<p>BD<\/p>\n","protected":false},"excerpt":{"rendered":"<p>16 czerwca na ul. Jagodzi\u0144skiej odby\u0142 si\u0119 festyn zorganizowany przez Rad\u0119 Osiedla Jagodno. Pogoda dopisa\u0142a, co przyci\u0105gn\u0119\u0142o liczne grono mieszka\u0144c\u00f3w z dzie\u0107mi. Najm\u0142odsi i ich opiekunowie korzystali z wielu atrakcji, konkurs\u00f3w i rodzinnych zmaga\u0144. Nasi funkcjonariusze Marta Pal i Czes\u0142aw Smolarski razem z Przewodnicz\u0105c\u0105 Rady Osiedla pani\u0105 Ma\u0142gorzat\u0105 Konieczn\u0105 odpowiadali na pytania mieszka\u0144c\u00f3w, edukowali najmniejszych [&hellip;]<\/p>\n","protected":false},"author":7,"featured_media":2423,"comment_status":"closed","ping_status":"closed","sticky":false,"template":"","format":"standard","meta":{"footnotes":""},"categories":[16],"tags":[],"class_list":["post-2421","post","type-post","status-publish","format-standard","has-post-thumbnail","hentry","category-aktual"],"_links":{"self":[{"href":"https:\/\/smwroclaw.pl\/index.php?rest_route=\/wp\/v2\/posts\/2421","targetHints":{"allow":["GET"]}}],"collection":[{"href":"https:\/\/smwroclaw.pl\/index.php?rest_route=\/wp\/v2\/posts"}],"about":[{"href":"https:\/\/smwroclaw.pl\/index.php?rest_route=\/wp\/v2\/types\/post"}],"author":[{"embeddable":true,"href":"https:\/\/smwroclaw.pl\/index.php?rest_route=\/wp\/v2\/users\/7"}],"replies":[{"embeddable":true,"href":"https:\/\/smwroclaw.pl\/index.php?rest_route=%2Fwp%2Fv2%2Fcomments&post=2421"}],"version-history":[{"count":9,"href":"https:\/\/smwroclaw.pl\/index.php?rest_route=\/wp\/v2\/posts\/2421\/revisions"}],"predecessor-version":[{"id":2439,"href":"https:\/\/smwroclaw.pl\/index.php?rest_route=\/wp\/v2\/posts\/2421\/revisions\/2439"}],"wp:featuredmedia":[{"embeddable":true,"href":"https:\/\/smwroclaw.pl\/index.php?rest_route=\/wp\/v2\/media\/2423"}],"wp:attachment":[{"href":"https:\/\/smwroclaw.pl\/index.php?rest_route=%2Fwp%2Fv2%2Fmedia&parent=2421"}],"wp:term":[{"taxonomy":"category","embeddable":true,"href":"https:\/\/smwroclaw.pl\/index.php?rest_route=%2Fwp%2Fv2%2Fcategories&post=2421"},{"taxonomy":"post_tag","embeddable":true,"href":"https:\/\/smwroclaw.pl\/index.php?rest_route=%2Fwp%2Fv2%2Ftags&post=2421"}],"curies":[{"name":"wp","href":"https:\/\/api.w.org\/{rel}","templated":true}]}}