{"id":24410,"date":"2022-06-24T16:20:55","date_gmt":"2022-06-24T14:20:55","guid":{"rendered":"http:\/\/smwroclaw.pl\/?p=24410"},"modified":"2022-06-24T16:20:55","modified_gmt":"2022-06-24T14:20:55","slug":"asysta-patrolu-rowerowego","status":"publish","type":"post","link":"https:\/\/smwroclaw.pl\/?p=24410","title":{"rendered":"ASYSTA PATROLU ROWEROWEGO"},"content":{"rendered":"<p style=\"text-align: justify;\"><span style=\"font-family: georgia, palatino, serif; font-size: 16px;\">Zawsze ch\u0119tnie w\u0142\u0105czamy si\u0119 w pomoc. Tym razem nasi koledzy z Patrolu Rowerowego zabezpieczali przejazd przez Wroc\u0142aw \u201eWroc\u0142awskiej Grupy Charytatywnych Inicjatyw Rowerowych\u201d, kt\u00f3rzy zorganizowali rajd dla dotkni\u0119tego autyzmem Filipa.<\/span><!--more--><\/p>\n\n\t\t<style type=\"text\/css\">\n\t\t\t#gallery-1 {\n\t\t\t\tmargin: auto;\n\t\t\t}\n\t\t\t#gallery-1 .gallery-item {\n\t\t\t\tfloat: left;\n\t\t\t\tmargin-top: 10px;\n\t\t\t\ttext-align: center;\n\t\t\t\twidth: 33%;\n\t\t\t}\n\t\t\t#gallery-1 img {\n\t\t\t\tborder: 2px solid #cfcfcf;\n\t\t\t}\n\t\t\t#gallery-1 .gallery-caption {\n\t\t\t\tmargin-left: 0;\n\t\t\t}\n\t\t\t\/* see gallery_shortcode() in wp-includes\/media.php *\/\n\t\t<\/style>\n\t\t<div id='gallery-1' class='gallery galleryid-24410 gallery-columns-3 gallery-size-thumbnail'><dl class='gallery-item'>\n\t\t\t<dt class='gallery-icon landscape'>\n\t\t\t\t<a href='https:\/\/smwroclaw.pl\/?attachment_id=24412'><img fetchpriority=\"high\" decoding=\"async\" width=\"360\" height=\"260\" src=\"https:\/\/smwroclaw.pl\/wp-content\/uploads\/2022\/06\/2-5-360x260.jpg\" class=\"attachment-thumbnail size-thumbnail\" alt=\"\" \/><\/a>\n\t\t\t<\/dt><\/dl><dl class='gallery-item'>\n\t\t\t<dt class='gallery-icon landscape'>\n\t\t\t\t<a href='https:\/\/smwroclaw.pl\/?attachment_id=24411'><img decoding=\"async\" width=\"360\" height=\"260\" src=\"https:\/\/smwroclaw.pl\/wp-content\/uploads\/2022\/06\/1-4-360x260.jpg\" class=\"attachment-thumbnail size-thumbnail\" alt=\"\" \/><\/a>\n\t\t\t<\/dt><\/dl>\n\t\t\t<br style='clear: both' \/>\n\t\t<\/div>\n\n<p>BD<\/p>\n","protected":false},"excerpt":{"rendered":"<p>Zawsze ch\u0119tnie w\u0142\u0105czamy si\u0119 w pomoc. Tym razem nasi koledzy z Patrolu Rowerowego zabezpieczali przejazd przez Wroc\u0142aw \u201eWroc\u0142awskiej Grupy Charytatywnych Inicjatyw Rowerowych\u201d, kt\u00f3rzy zorganizowali rajd dla dotkni\u0119tego autyzmem Filipa.<\/p>\n","protected":false},"author":7,"featured_media":24413,"comment_status":"closed","ping_status":"closed","sticky":false,"template":"","format":"standard","meta":{"footnotes":""},"categories":[16],"tags":[],"class_list":["post-24410","post","type-post","status-publish","format-standard","has-post-thumbnail","hentry","category-aktual"],"_links":{"self":[{"href":"https:\/\/smwroclaw.pl\/index.php?rest_route=\/wp\/v2\/posts\/24410","targetHints":{"allow":["GET"]}}],"collection":[{"href":"https:\/\/smwroclaw.pl\/index.php?rest_route=\/wp\/v2\/posts"}],"about":[{"href":"https:\/\/smwroclaw.pl\/index.php?rest_route=\/wp\/v2\/types\/post"}],"author":[{"embeddable":true,"href":"https:\/\/smwroclaw.pl\/index.php?rest_route=\/wp\/v2\/users\/7"}],"replies":[{"embeddable":true,"href":"https:\/\/smwroclaw.pl\/index.php?rest_route=%2Fwp%2Fv2%2Fcomments&post=24410"}],"version-history":[{"count":1,"href":"https:\/\/smwroclaw.pl\/index.php?rest_route=\/wp\/v2\/posts\/24410\/revisions"}],"predecessor-version":[{"id":24414,"href":"https:\/\/smwroclaw.pl\/index.php?rest_route=\/wp\/v2\/posts\/24410\/revisions\/24414"}],"wp:featuredmedia":[{"embeddable":true,"href":"https:\/\/smwroclaw.pl\/index.php?rest_route=\/wp\/v2\/media\/24413"}],"wp:attachment":[{"href":"https:\/\/smwroclaw.pl\/index.php?rest_route=%2Fwp%2Fv2%2Fmedia&parent=24410"}],"wp:term":[{"taxonomy":"category","embeddable":true,"href":"https:\/\/smwroclaw.pl\/index.php?rest_route=%2Fwp%2Fv2%2Fcategories&post=24410"},{"taxonomy":"post_tag","embeddable":true,"href":"https:\/\/smwroclaw.pl\/index.php?rest_route=%2Fwp%2Fv2%2Ftags&post=24410"}],"curies":[{"name":"wp","href":"https:\/\/api.w.org\/{rel}","templated":true}]}}