{"id":24536,"date":"2022-07-06T13:46:06","date_gmt":"2022-07-06T11:46:06","guid":{"rendered":"http:\/\/smwroclaw.pl\/?p=24536"},"modified":"2022-07-06T14:37:05","modified_gmt":"2022-07-06T12:37:05","slug":"obowiazkowa-deratyzacja-5","status":"publish","type":"post","link":"https:\/\/smwroclaw.pl\/?p=24536","title":{"rendered":"OBOWI\u0104ZKOWA DERATYZACJA"},"content":{"rendered":"<p align=\"justify\"><span style=\"font-size: 16px; font-family: georgia, palatino, serif;\">Przypominamy, \u017ce od <b>1 lipca do 31 lipca<\/b> <strong>na w\u0142a\u015bcicielach i zarz\u0105dcach nieruchomo\u015bci <\/strong>spoczywa<strong> obowi\u0105zek <\/strong>przeprowadzenia<strong> deratyzacji.\u00a0 <\/strong><strong>Zgodnie z Regulaminem utrzymania czysto\u015bci i porz\u0105dku na terenie Wroc\u0142awia przyj\u0119tym Uchwa\u0142\u0105 Nr XXV\/672\/20 Rady Miejskiej Wroc\u0142awia z dnia 23 lipca 2020 r. <\/strong><strong>obowi\u0105zkow\u0105 deratyzacj\u0119 przeprowadza si\u0119:<\/strong> <\/span><\/p>\n<p align=\"justify\"><span style=\"font-size: 16px; font-family: georgia, palatino, serif;\"><strong>1)<\/strong> trzykrotnie w ci\u0105gu roku na obszarze centrum Wroc\u0142awia, tj. na terenie ograniczonym rzek\u0105 Odr\u0105, mostem Milenijnym, ul. Milenijn\u0105, ul. Na Ostatnim Groszu, estakad\u0105 G\u0105dowiank\u0105, ul. Kleci\u0144sk\u0105, ul. Petuniow\u0105, al. Gen. Hallera, al. Armii Krajowej, Lasem Rakowieckim oraz Star\u0105 Odr\u0105 w terminach: <\/span><\/p>\n<p align=\"justify\"><span style=\"font-size: 16px; font-family: georgia, palatino, serif;\"><!--more--><\/span><\/p>\n<p align=\"justify\"><span style=\"font-size: 16px; font-family: georgia, palatino, serif;\">a) od 1 marca do 31 marca, <\/span><\/p>\n<p align=\"justify\"><span style=\"font-size: 16px; font-family: georgia, palatino, serif;\"><b>b) od 1 lipca do 31 lipca,<\/b> <\/span><\/p>\n<p><span style=\"font-size: 16px; font-family: georgia, palatino, serif;\">c) od 1 listopada do 30 listopada; <\/span><\/p>\n<p><span style=\"font-family: georgia, palatino, serif; font-size: 16px;\"><strong>2)<\/strong> dwukrotnie w ci\u0105gu roku na pozosta\u0142ym terenie Wroc\u0142awia w terminach: <\/span><\/p>\n<p><span style=\"font-family: georgia, palatino, serif; font-size: 16px;\">\u00a0\u00a0 a) od 1 marca do 31 marca, <\/span><\/p>\n<p><span style=\"font-family: georgia, palatino, serif; font-size: 16px;\">\u00a0\u00a0 b) od 1 listopada do 30 listopada. <\/span><\/p>\n<p><span style=\"font-family: georgia, palatino, serif; font-size: 16px;\"><b>Ponadto deratyzacj\u0119 przeprowadza si\u0119 ka\u017cdorazowo w przypadku wyst\u0105pienia <\/b> <b>populacji gryzoni na terenie nieruchomo\u015bci!<\/b><\/span><\/p>\n<p>&nbsp;<\/p>\n<p><span style=\"font-size: 16px; font-family: georgia, palatino, serif;\"><strong>Obowi\u0105zkowej deratyzacji podlegaj\u0105 nieruchomo\u015bci, na kt\u00f3rych zlokalizowane s\u0105:<\/strong><\/span><\/p>\n<ul>\n<li><span style=\"font-family: georgia, palatino, serif; font-size: 16px;\">budynki wielolokalowe podpiwniczone; <\/span><\/li>\n<li><span style=\"font-family: georgia, palatino, serif; font-size: 16px;\">lokale gastronomiczne wraz z terenem pod podwy\u017cszonymi podestami ogr\u00f3dk\u00f3w gastronomicznych; <\/span><\/li>\n<li><span style=\"font-family: georgia, palatino, serif; font-size: 16px;\">obiekty handlowe bran\u017cy spo\u017cywczej; <\/span><\/li>\n<li><span style=\"font-family: georgia, palatino, serif; font-size: 16px;\">magazyny \u017cywno\u015bci i p\u0142od\u00f3w rolnych; <\/span><\/li>\n<li><span style=\"font-family: georgia, palatino, serif; font-size: 16px;\">gospodarstwa rolne i hodowlane; <\/span><\/li>\n<li><span style=\"font-family: georgia, palatino, serif; font-size: 16px;\">zak\u0142ady przetw\u00f3rstwa \u017cywno\u015bci; <\/span><\/li>\n<li><span style=\"font-family: georgia, palatino, serif; font-size: 16px;\">szpitale; <\/span><\/li>\n<li><span style=\"font-family: georgia, palatino, serif; font-size: 16px;\">hotele, internaty, domy akademickie i bursy; <\/span><\/li>\n<li><span style=\"font-family: georgia, palatino, serif; font-size: 16px;\">obiekty, w kt\u00f3rych prowadzone jest zbiorowe \u017cywienie; <\/span><\/li>\n<li><span style=\"font-family: georgia, palatino, serif; font-size: 16px;\">wolnostoj\u0105ce kom\u00f3rki i pomieszczenia gospodarcze przynale\u017cne do zabudowy wielolokalowej; <\/span><\/li>\n<li><span style=\"font-family: georgia, palatino, serif; font-size: 16px;\">wn\u0119trza mi\u0119dzyblokowe oraz miejsca gromadzenia odpad\u00f3w w zabudowie wielolokalowej; <\/span><\/li>\n<li><span style=\"font-family: georgia, palatino, serif; font-size: 16px;\">obiekty, w kt\u00f3rych prowadzona jest dzia\u0142alno\u015b\u0107 w zakresie zbierania lub przetwarzania odpad\u00f3w; <\/span><\/li>\n<li><span style=\"font-family: georgia, palatino, serif; font-size: 16px;\">schroniska dla zwierz\u0105t; <\/span><\/li>\n<li><span style=\"font-family: georgia, palatino, serif; font-size: 16px;\">ogr\u00f3d zoologiczny; <\/span><\/li>\n<\/ul>\n<p><span style=\"font-size: 16px; font-family: georgia, palatino, serif;\"><strong>a tak\u017ce:<\/strong><\/span><\/p>\n<ul>\n<li><span style=\"font-size: 16px; font-family: georgia, palatino, serif;\">sie\u0107 kanalizacji sanitarnej grawitacyjnej o \u015brednicach od 500 mm, przebiegaj\u0105ca w obr\u0119bach geodezyjnych: Gaj, Grabiszyn, Kleczk\u00f3w, Muchob\u00f3r Ma\u0142y, Plac Grunwaldzki, Po\u0142udnie, Popowice, Rakowiec, Stare Miasto, Tarnogaj; <\/span><\/li>\n<li><span style=\"font-family: georgia, palatino, serif; font-size: 16px;\">ca\u0142a sie\u0107 kanalizacji sanitarnej i og\u00f3lnosp\u0142awnej w obr\u0119bie Stare Miasto wraz ze studniami i wpustami deszczowymi; <\/span><\/li>\n<li><span style=\"font-family: georgia, palatino, serif; font-size: 16px;\">studnie telekomunikacyjne i ciep\u0142ownicze w obr\u0119bie Stare Miasto; <\/span><\/li>\n<li><span style=\"font-family: georgia, palatino, serif; font-size: 16px;\">teren Fosy Miejskiej. <\/span><\/li>\n<\/ul>\n<p align=\"justify\"><span style=\"font-size: 16px; font-family: georgia, palatino, serif;\"><strong>Przez ca\u0142y czas trwania akcji, czyli do 31 lipca nale\u017cy monitorowa\u0107 i na bie\u017c\u0105co uzupe\u0142nia\u0107 \u015brodki deratyzacyjne. Je\u015bli po wyznaczonym terminie zauwa\u017cymy dalsze pobieranie preparatu deratyzacyjnego przez gryzonie, nale\u017cy go dalej uzupe\u0142nia\u0107.<\/strong><\/span><\/p>\n<p align=\"justify\"><span style=\"font-family: georgia, palatino, serif; font-size: 16px;\">Preparaty nale\u017cy wy\u0142o\u017cy\u0107 zgodnie z instrukcj\u0105 zastosowania w miejscach, gdzie pojawiaj\u0105 si\u0119 gryzonie, a w szczeg\u00f3lno\u015bci: na podw\u00f3rzach, w os\u0142onach \u015bmietnikowych, na strychach, w piwnicach i budynkach gospodarczych. Preparat nale\u017cy umieszcza\u0107 w naro\u017cnikach pomieszcze\u0144 i wzd\u0142u\u017c \u015bcian, na \u015bcie\u017ckach przemieszczania si\u0119 gryzoni i w miejscach ich \u017cerowania, itp. <\/span><\/p>\n<p style=\"text-align: center;\" align=\"justify\"><span style=\"font-size: 16px; font-family: georgia, palatino, serif;\"><strong>Wa\u017cne, aby w miejscach wy\u0142o\u017cenia preparat\u00f3w naklei\u0107 ulotk\u0119 ostrzegaj\u0105c\u0105 o deratyzacji o tre\u015bci:<\/strong><\/span><\/p>\n<p align=\"center\"><span style=\"font-size: 16px; font-family: georgia, palatino, serif;\"><strong>UWAGA!<\/strong><\/span><\/p>\n<p align=\"center\"><span style=\"font-family: georgia, palatino, serif; font-size: 16px;\"><strong>Wy\u0142o\u017cono preparat do zwalczania gryzoni! <\/strong><\/span><\/p>\n<p align=\"center\"><span style=\"font-family: georgia, palatino, serif; font-size: 16px;\"><strong>Niebezpiecze\u0144stwo zatrucia ludzi i zwierz\u0105t!<\/strong><\/span><\/p>\n<p align=\"justify\"><span style=\"font-family: georgia, palatino, serif; font-size: 16px;\">W okresie przeprowadzania deratyzacji tj. w dniach od 1 lipca do 31 lipca funkcjonariusze Stra\u017cy Miejskiej Wroc\u0142awia we wsp\u00f3\u0142pracy z Wydzia\u0142em Ochrony \u015arodowiska i Rolnictwa Urz\u0119du Miejskiego Wroc\u0142awia b\u0119d\u0105 kontrolowa\u0107 w\u0142a\u015bcicieli nieruchomo\u015bci pod k\u0105tem sprawdzenia wy\u0142o\u017cenia preparat\u00f3w do zwalczania gryzoni oraz uporz\u0105dkowania terenu nieruchomo\u015bci.<\/span><\/p>\n<p align=\"justify\"><span style=\"font-size: 16px; font-family: georgia, palatino, serif;\"><div class=\"su-spacer\" style=\"height:50px\"><\/div><\/span><\/p>\n<p align=\"justify\"><span style=\"font-size: 16px; font-family: georgia, palatino, serif;\">\u00a0\u00a0 \u00a0 \u00a0 \u00a0 \u00a0 \u00a0 \u00a0 \u00a0 \u00a0 \u00a0 \u00a0 \u00a0 \u00a0 \u00a0 \u00a0 \u00a0 \u00a0 \u00a0\u00a0 <img fetchpriority=\"high\" decoding=\"async\" class=\"alignnone wp-image-24544\" src=\"https:\/\/smwroclaw.pl\/wp-content\/uploads\/2022\/07\/PLAKAT-SZCZURY-BIALE-TLO-3-768x1086-1-212x300.png\" alt=\"\" width=\"483\" height=\"683\" srcset=\"https:\/\/smwroclaw.pl\/wp-content\/uploads\/2022\/07\/PLAKAT-SZCZURY-BIALE-TLO-3-768x1086-1-212x300.png 212w, https:\/\/smwroclaw.pl\/wp-content\/uploads\/2022\/07\/PLAKAT-SZCZURY-BIALE-TLO-3-768x1086-1.png 768w\" sizes=\"(max-width: 483px) 100vw, 483px\" \/> \u00a0\u00a0\u00a0\u00a0\u00a0\u00a0\u00a0\u00a0\u00a0\u00a0\u00a0\u00a0\u00a0\u00a0 <img decoding=\"async\" class=\"alignnone wp-image-24545\" src=\"https:\/\/smwroclaw.pl\/wp-content\/uploads\/2022\/07\/PAMIETAJ-PRZEZ-TWOJE-NAWYKI-I-DZIALANIA-MASZ-WPLYW-NA-OGRANICZENIE-POPULACJI-SZCZUROW-W-NASZYM-MIESCIE-1-768x1086-1-212x300.png\" alt=\"\" width=\"483\" height=\"683\" srcset=\"https:\/\/smwroclaw.pl\/wp-content\/uploads\/2022\/07\/PAMIETAJ-PRZEZ-TWOJE-NAWYKI-I-DZIALANIA-MASZ-WPLYW-NA-OGRANICZENIE-POPULACJI-SZCZUROW-W-NASZYM-MIESCIE-1-768x1086-1-212x300.png 212w, https:\/\/smwroclaw.pl\/wp-content\/uploads\/2022\/07\/PAMIETAJ-PRZEZ-TWOJE-NAWYKI-I-DZIALANIA-MASZ-WPLYW-NA-OGRANICZENIE-POPULACJI-SZCZUROW-W-NASZYM-MIESCIE-1-768x1086-1.png 768w\" sizes=\"(max-width: 483px) 100vw, 483px\" \/><\/span><\/p>\n<p align=\"justify\"><span style=\"font-size: 16px; font-family: georgia, palatino, serif;\">KB<\/span><\/p>\n<p align=\"justify\"><span style=\"font-size: 16px; font-family: georgia, palatino, serif;\">Grafika: BD<\/span><\/p>\n","protected":false},"excerpt":{"rendered":"<p>Przypominamy, \u017ce od 1 lipca do 31 lipca na w\u0142a\u015bcicielach i zarz\u0105dcach nieruchomo\u015bci spoczywa obowi\u0105zek przeprowadzenia deratyzacji.\u00a0 Zgodnie z Regulaminem utrzymania czysto\u015bci i porz\u0105dku na terenie Wroc\u0142awia przyj\u0119tym Uchwa\u0142\u0105 Nr XXV\/672\/20 Rady Miejskiej Wroc\u0142awia z dnia 23 lipca 2020 r. obowi\u0105zkow\u0105 deratyzacj\u0119 przeprowadza si\u0119: 1) trzykrotnie w ci\u0105gu roku na obszarze centrum Wroc\u0142awia, tj. na [&hellip;]<\/p>\n","protected":false},"author":12,"featured_media":24546,"comment_status":"closed","ping_status":"closed","sticky":false,"template":"","format":"standard","meta":{"footnotes":""},"categories":[16],"tags":[],"class_list":["post-24536","post","type-post","status-publish","format-standard","has-post-thumbnail","hentry","category-aktual"],"_links":{"self":[{"href":"https:\/\/smwroclaw.pl\/index.php?rest_route=\/wp\/v2\/posts\/24536","targetHints":{"allow":["GET"]}}],"collection":[{"href":"https:\/\/smwroclaw.pl\/index.php?rest_route=\/wp\/v2\/posts"}],"about":[{"href":"https:\/\/smwroclaw.pl\/index.php?rest_route=\/wp\/v2\/types\/post"}],"author":[{"embeddable":true,"href":"https:\/\/smwroclaw.pl\/index.php?rest_route=\/wp\/v2\/users\/12"}],"replies":[{"embeddable":true,"href":"https:\/\/smwroclaw.pl\/index.php?rest_route=%2Fwp%2Fv2%2Fcomments&post=24536"}],"version-history":[{"count":17,"href":"https:\/\/smwroclaw.pl\/index.php?rest_route=\/wp\/v2\/posts\/24536\/revisions"}],"predecessor-version":[{"id":24556,"href":"https:\/\/smwroclaw.pl\/index.php?rest_route=\/wp\/v2\/posts\/24536\/revisions\/24556"}],"wp:featuredmedia":[{"embeddable":true,"href":"https:\/\/smwroclaw.pl\/index.php?rest_route=\/wp\/v2\/media\/24546"}],"wp:attachment":[{"href":"https:\/\/smwroclaw.pl\/index.php?rest_route=%2Fwp%2Fv2%2Fmedia&parent=24536"}],"wp:term":[{"taxonomy":"category","embeddable":true,"href":"https:\/\/smwroclaw.pl\/index.php?rest_route=%2Fwp%2Fv2%2Fcategories&post=24536"},{"taxonomy":"post_tag","embeddable":true,"href":"https:\/\/smwroclaw.pl\/index.php?rest_route=%2Fwp%2Fv2%2Ftags&post=24536"}],"curies":[{"name":"wp","href":"https:\/\/api.w.org\/{rel}","templated":true}]}}