{"id":2462,"date":"2018-06-20T13:20:44","date_gmt":"2018-06-20T11:20:44","guid":{"rendered":"http:\/\/smwroclaw.pl\/?p=2462"},"modified":"2018-06-20T15:03:19","modified_gmt":"2018-06-20T13:03:19","slug":"seniorzy-zwiedzaja-wroclaw","status":"publish","type":"post","link":"https:\/\/smwroclaw.pl\/?p=2462","title":{"rendered":"SENIORZY ZWIEDZAJ\u0104 WROC\u0141AW"},"content":{"rendered":"<p><span style=\"font-family: georgia,palatino,serif; font-size: 12pt;\">18 czerwca 2018 r. wroc\u0142awscy seniorzy zwiedzanie rozpocz\u0119li w Rynku poznaj\u0105c histori\u0119 najstarszych zabytk\u00f3w Wroc\u0142awia. Najwi\u0119kszym zainteresowaniem cieszy\u0142 si\u0119 gmach Sukiennic gdzie obecnie znajduje si\u0119 siedziba Prezydenta Miasta Wroc\u0142awia i najwa\u017cniejsze departamenty bezpo\u015brednio jemu podleg\u0142e. St. insp. Pawe\u0142 Gr\u0105bczewski oprowadzi\u0142 senior\u00f3w Dziennego Domu Pobytu przy ul. Litewskiej zapoznaj\u0105c z architektur\u0105 wn\u0119trza i opowiedzia\u0142 o historii obiektu na przestrzeni wiek\u00f3w.<\/span><\/p>\n<p><span style=\"font-family: georgia,palatino,serif; font-size: 12pt;\"><!--more--><\/span><\/p>\n<p><span style=\"font-family: georgia,palatino,serif; font-size: 12pt;\">Na pierwszym pi\u0119trze wys\u0142uchali kr\u00f3tkiej historii o wsp\u00f3\u0142pracy miast partnerskich. W sali sesyjnej Rady Miejskiej, kt\u00f3ra by\u0142a g\u0142\u00f3wnym celem wycieczki, seniorzy mogli poczu\u0107 si\u0119 jak radni zasiadaj\u0105c w ich fotelach oraz wys\u0142uchali w jakiej formie odbywa si\u0119 sesja. Zwiedzili r\u00f3wnie\u017c sal\u0119 recepcyjn\u0105 i klub radnego, w kt\u00f3rej zbieraj\u0105 si\u0119 komisje tematyczne, wys\u0142uchuj\u0105c kr\u00f3tkiego rysu historycznego i obecnego przeznaczenia.<\/span><\/p>\n<p><span style=\"font-family: georgia,palatino,serif; font-size: 12pt;\"><img fetchpriority=\"high\" decoding=\"async\" class=\"alignnone size-medium wp-image-2465\" src=\"https:\/\/smwroclaw.pl\/wp-content\/uploads\/2018\/06\/DSC06990-300x236.jpg\" alt=\"\" width=\"300\" height=\"236\" srcset=\"https:\/\/smwroclaw.pl\/wp-content\/uploads\/2018\/06\/DSC06990-300x236.jpg 300w, https:\/\/smwroclaw.pl\/wp-content\/uploads\/2018\/06\/DSC06990.jpg 640w\" sizes=\"(max-width: 300px) 100vw, 300px\" \/><img decoding=\"async\" class=\"alignnone wp-image-2463\" src=\"https:\/\/smwroclaw.pl\/wp-content\/uploads\/2018\/06\/DSC06988-300x269.jpg\" alt=\"\" width=\"262\" height=\"235\" srcset=\"https:\/\/smwroclaw.pl\/wp-content\/uploads\/2018\/06\/DSC06988-300x269.jpg 300w, https:\/\/smwroclaw.pl\/wp-content\/uploads\/2018\/06\/DSC06988.jpg 640w\" sizes=\"(max-width: 262px) 100vw, 262px\" \/><\/span><\/p>\n<p><span style=\"font-family: georgia,palatino,serif; font-size: 12pt;\"><img decoding=\"async\" class=\"alignnone wp-image-2464\" src=\"https:\/\/smwroclaw.pl\/wp-content\/uploads\/2018\/06\/DSC06989-282x300.jpg\" alt=\"\" width=\"255\" height=\"271\" srcset=\"https:\/\/smwroclaw.pl\/wp-content\/uploads\/2018\/06\/DSC06989-282x300.jpg 282w, https:\/\/smwroclaw.pl\/wp-content\/uploads\/2018\/06\/DSC06989.jpg 601w\" sizes=\"(max-width: 255px) 100vw, 255px\" \/><img loading=\"lazy\" decoding=\"async\" class=\"alignnone size-medium wp-image-2466\" src=\"https:\/\/smwroclaw.pl\/wp-content\/uploads\/2018\/06\/DSC06991-300x269.jpg\" alt=\"\" width=\"300\" height=\"269\" srcset=\"https:\/\/smwroclaw.pl\/wp-content\/uploads\/2018\/06\/DSC06991-300x269.jpg 300w, https:\/\/smwroclaw.pl\/wp-content\/uploads\/2018\/06\/DSC06991.jpg 640w\" sizes=\"(max-width: 300px) 100vw, 300px\" \/><\/span><\/p>\n<p><span style=\"font-family: georgia,palatino,serif; font-size: 12pt;\">SN<\/span><\/p>\n","protected":false},"excerpt":{"rendered":"<p>18 czerwca 2018 r. wroc\u0142awscy seniorzy zwiedzanie rozpocz\u0119li w Rynku poznaj\u0105c histori\u0119 najstarszych zabytk\u00f3w Wroc\u0142awia. Najwi\u0119kszym zainteresowaniem cieszy\u0142 si\u0119 gmach Sukiennic gdzie obecnie znajduje si\u0119 siedziba Prezydenta Miasta Wroc\u0142awia i najwa\u017cniejsze departamenty bezpo\u015brednio jemu podleg\u0142e. St. insp. Pawe\u0142 Gr\u0105bczewski oprowadzi\u0142 senior\u00f3w Dziennego Domu Pobytu przy ul. Litewskiej zapoznaj\u0105c z architektur\u0105 wn\u0119trza i opowiedzia\u0142 o historii [&hellip;]<\/p>\n","protected":false},"author":3,"featured_media":2464,"comment_status":"closed","ping_status":"closed","sticky":false,"template":"","format":"standard","meta":{"footnotes":""},"categories":[16,33],"tags":[],"class_list":["post-2462","post","type-post","status-publish","format-standard","has-post-thumbnail","hentry","category-aktual","category-prew"],"_links":{"self":[{"href":"https:\/\/smwroclaw.pl\/index.php?rest_route=\/wp\/v2\/posts\/2462","targetHints":{"allow":["GET"]}}],"collection":[{"href":"https:\/\/smwroclaw.pl\/index.php?rest_route=\/wp\/v2\/posts"}],"about":[{"href":"https:\/\/smwroclaw.pl\/index.php?rest_route=\/wp\/v2\/types\/post"}],"author":[{"embeddable":true,"href":"https:\/\/smwroclaw.pl\/index.php?rest_route=\/wp\/v2\/users\/3"}],"replies":[{"embeddable":true,"href":"https:\/\/smwroclaw.pl\/index.php?rest_route=%2Fwp%2Fv2%2Fcomments&post=2462"}],"version-history":[{"count":5,"href":"https:\/\/smwroclaw.pl\/index.php?rest_route=\/wp\/v2\/posts\/2462\/revisions"}],"predecessor-version":[{"id":2471,"href":"https:\/\/smwroclaw.pl\/index.php?rest_route=\/wp\/v2\/posts\/2462\/revisions\/2471"}],"wp:featuredmedia":[{"embeddable":true,"href":"https:\/\/smwroclaw.pl\/index.php?rest_route=\/wp\/v2\/media\/2464"}],"wp:attachment":[{"href":"https:\/\/smwroclaw.pl\/index.php?rest_route=%2Fwp%2Fv2%2Fmedia&parent=2462"}],"wp:term":[{"taxonomy":"category","embeddable":true,"href":"https:\/\/smwroclaw.pl\/index.php?rest_route=%2Fwp%2Fv2%2Fcategories&post=2462"},{"taxonomy":"post_tag","embeddable":true,"href":"https:\/\/smwroclaw.pl\/index.php?rest_route=%2Fwp%2Fv2%2Ftags&post=2462"}],"curies":[{"name":"wp","href":"https:\/\/api.w.org\/{rel}","templated":true}]}}