{"id":24622,"date":"2022-07-12T14:35:17","date_gmt":"2022-07-12T12:35:17","guid":{"rendered":"http:\/\/smwroclaw.pl\/?p=24622"},"modified":"2022-07-12T14:35:17","modified_gmt":"2022-07-12T12:35:17","slug":"konferencja-naukowa-pn-bezpieczenstwo-spolecznosci-lokalnej-na-przykladzie-powodzi-w-1997-roku","status":"publish","type":"post","link":"https:\/\/smwroclaw.pl\/?p=24622","title":{"rendered":"KONFERENCJA NAUKOWA PN. \u201eBEZPIECZE\u0143STWO SPO\u0141ECZNO\u015aCI LOKALNEJ NA PRZYK\u0141ADZIE POWODZI W 1997 ROKU\u201d"},"content":{"rendered":"<p style=\"text-align: justify;\"><span style=\"font-size: 16px; font-family: georgia, palatino, serif;\"><strong>W dniu 8 lipca<\/strong> odby\u0142a si\u0119 <strong>Og\u00f3lnopolska Konferencja Naukowa pn. \u201eBezpiecze\u0144stwo spo\u0142eczno\u015bci lokalnej na przyk\u0142adzie powodzi w 1997 roku\u201d.<\/strong> Wydarzenie to by\u0142o dedykowane<strong> pami\u0119ci 25-lecia Powodzi Wroc\u0142awskiej i Powiatu Wroc\u0142awskiego<\/strong> organizowanym przez Stowarzyszenie Mieszka\u0144c\u00f3w Kamie\u0144ca Wroc\u0142awskiego, \u0141an i Czernicy, Partnerski Klub Biznesu Wroc\u0142aw, Dolno\u015bl\u0105sk\u0105 Izb\u0119 Gospodarcz\u0105 i Wy\u017csz\u0105 Szko\u0142\u0119 Handlow\u0105 we Wroc\u0142awiu.<\/span><\/p>\n<p style=\"text-align: justify;\"><span style=\"font-size: 16px; font-family: georgia, palatino, serif;\"><!--more--><\/span><\/p>\n<p style=\"text-align: justify;\"><span style=\"font-size: 16px; font-family: georgia, palatino, serif;\">Jednym z prelegent\u00f3w by\u0142 nasz funkcjonariusz <strong>Grzegorz Muchorowski Zast\u0119pca kierownika ds. szkole\u0144 i doskonalenia zawodowego<\/strong>, kt\u00f3ry opowiada\u0142 o zadaniach oraz pomocy, jakiej udzielili w czasie powodzi funkcjonariusze stra\u017cy miejskiej mieszka\u0144com Wroc\u0142awia.<\/span><br \/>\n<span style=\"font-size: 16px; font-family: georgia, palatino, serif;\">Pow\u00f3d\u017a tysi\u0105clecia i fala zniszcze\u0144, jaka przesz\u0142a przez nasze miasto, by\u0142a niewyobra\u017calna. Konferencja Naukowa by\u0142a <strong>przypomnieniem i upami\u0119tnieniem nier\u00f3wnej walki<\/strong> mieszka\u0144c\u00f3w naszego miasta jak i jego okolic <strong>z \u017cywio\u0142em wody<\/strong>, kt\u00f3r\u0105 musieli\u015bmy stoczy\u0107 25 lat temu.<\/span><\/p>\n<p style=\"text-align: justify;\"><span style=\"font-size: 16px; font-family: georgia, palatino, serif;\"><div class=\"su-spacer\" style=\"height:50px\"><\/div><\/span><\/p>\n<p><span style=\"font-size: 16px; font-family: georgia, palatino, serif;\"><div class=\"su-custom-gallery su-custom-gallery-align-left su-custom-gallery-title-never https:\/\/www.gov.pl\/web\/koronawirus\/aktualne-zasady-i-ograniczenia?fbclid=IwAR2ExpeE8pFY_75Tv0dCN9oIJRvv9p15BkJcCrGWe4rb_kkx_1uNR8TbQJc su-lightbox-gallery\"><div class=\"su-custom-gallery-slide\" style=\"width:300px;height:300px\"><a href=\"https:\/\/smwroclaw.pl\/wp-content\/uploads\/2022\/07\/DSC_0562-2-2048x1335-1.jpg\" title=\"DSC_0562-2-2048&#215;1335\"><img fetchpriority=\"high\" decoding=\"async\" src=\"https:\/\/smwroclaw.pl\/wp-content\/uploads\/2022\/07\/DSC_0562-2-2048x1335-1-300x300.jpg\" alt=\"DSC_0562-2-2048&#215;1335\" width=\"300\" height=\"300\" \/><span class=\"su-custom-gallery-title\">DSC_0562-2-2048&#215;1335<\/span><\/a><\/div><div class=\"su-custom-gallery-slide\" style=\"width:300px;height:300px\"><a href=\"https:\/\/smwroclaw.pl\/wp-content\/uploads\/2022\/07\/DSC_0510-2048x1365-1.jpg\" title=\"DSC_0510-2048&#215;1365\"><img decoding=\"async\" src=\"https:\/\/smwroclaw.pl\/wp-content\/uploads\/2022\/07\/DSC_0510-2048x1365-1-300x300.jpg\" alt=\"DSC_0510-2048&#215;1365\" width=\"300\" height=\"300\" \/><span class=\"su-custom-gallery-title\">DSC_0510-2048&#215;1365<\/span><\/a><\/div><div class=\"su-custom-gallery-slide\" style=\"width:300px;height:300px\"><a href=\"https:\/\/smwroclaw.pl\/wp-content\/uploads\/2022\/07\/25-lat-powodz-9-2048x1365-1.jpg\" title=\"25-lat-powodz-9-2048&#215;1365\"><img decoding=\"async\" src=\"https:\/\/smwroclaw.pl\/wp-content\/uploads\/2022\/07\/25-lat-powodz-9-2048x1365-1-300x300.jpg\" alt=\"25-lat-powodz-9-2048&#215;1365\" width=\"300\" height=\"300\" \/><span class=\"su-custom-gallery-title\">25-lat-powodz-9-2048&#215;1365<\/span><\/a><\/div><div class=\"su-custom-gallery-slide\" style=\"width:300px;height:300px\"><a href=\"https:\/\/smwroclaw.pl\/wp-content\/uploads\/2022\/07\/25-lat-powodz-17-2048x1346-1.jpg\" title=\"25-lat-powodz-17-2048&#215;1346\"><img loading=\"lazy\" decoding=\"async\" src=\"https:\/\/smwroclaw.pl\/wp-content\/uploads\/2022\/07\/25-lat-powodz-17-2048x1346-1-300x300.jpg\" alt=\"25-lat-powodz-17-2048&#215;1346\" width=\"300\" height=\"300\" \/><span class=\"su-custom-gallery-title\">25-lat-powodz-17-2048&#215;1346<\/span><\/a><\/div><div class=\"su-custom-gallery-slide\" style=\"width:300px;height:300px\"><a href=\"https:\/\/smwroclaw.pl\/wp-content\/uploads\/2022\/07\/25-lat-powodz-3-2048x1365-1.jpg\" title=\"25-lat-powodz-3-2048&#215;1365\"><img loading=\"lazy\" decoding=\"async\" src=\"https:\/\/smwroclaw.pl\/wp-content\/uploads\/2022\/07\/25-lat-powodz-3-2048x1365-1-300x300.jpg\" alt=\"25-lat-powodz-3-2048&#215;1365\" width=\"300\" height=\"300\" \/><span class=\"su-custom-gallery-title\">25-lat-powodz-3-2048&#215;1365<\/span><\/a><\/div><div class=\"su-custom-gallery-slide\" style=\"width:300px;height:300px\"><a href=\"https:\/\/smwroclaw.pl\/wp-content\/uploads\/2022\/07\/25-lat-powodz-8-2048x1365-1.jpg\" title=\"25-lat-powodz-8-2048&#215;1365\"><img loading=\"lazy\" decoding=\"async\" src=\"https:\/\/smwroclaw.pl\/wp-content\/uploads\/2022\/07\/25-lat-powodz-8-2048x1365-1-300x300.jpg\" alt=\"25-lat-powodz-8-2048&#215;1365\" width=\"300\" height=\"300\" \/><span class=\"su-custom-gallery-title\">25-lat-powodz-8-2048&#215;1365<\/span><\/a><\/div><div class=\"su-custom-gallery-slide\" style=\"width:300px;height:300px\"><a href=\"https:\/\/smwroclaw.pl\/wp-content\/uploads\/2022\/07\/25-lat-powodz-20-2048x1365-1.jpg\" title=\"25-lat-powodz-20-2048&#215;1365\"><img loading=\"lazy\" decoding=\"async\" src=\"https:\/\/smwroclaw.pl\/wp-content\/uploads\/2022\/07\/25-lat-powodz-20-2048x1365-1-300x300.jpg\" alt=\"25-lat-powodz-20-2048&#215;1365\" width=\"300\" height=\"300\" \/><span class=\"su-custom-gallery-title\">25-lat-powodz-20-2048&#215;1365<\/span><\/a><\/div><div class=\"su-custom-gallery-slide\" style=\"width:300px;height:300px\"><a href=\"https:\/\/smwroclaw.pl\/wp-content\/uploads\/2022\/07\/25-lat-powodz-10-scaled-1.jpg\" title=\"25-lat-powodz-10-scaled\"><img loading=\"lazy\" decoding=\"async\" src=\"https:\/\/smwroclaw.pl\/wp-content\/uploads\/2022\/07\/25-lat-powodz-10-scaled-1-300x300.jpg\" alt=\"25-lat-powodz-10-scaled\" width=\"300\" height=\"300\" \/><span class=\"su-custom-gallery-title\">25-lat-powodz-10-scaled<\/span><\/a><\/div><div class=\"su-clear\"><\/div><\/div><\/span><\/p>\n<p>&nbsp;<\/p>\n<p style=\"text-align: justify;\"><span style=\"font-size: 16px; font-family: georgia, palatino, serif;\">\u0179r\u00f3d\u0142o i zdj\u0119cia: https:\/\/handlowa.eu\/jak-wam-sie-powodzi-25-lat-po-powodzi-ogolnopolska-konferencja-naukowa<\/span><\/p>\n<p>&nbsp;<\/p>\n<p><span style=\"font-size: 16px; font-family: georgia, palatino, serif;\">KB<\/span><\/p>\n","protected":false},"excerpt":{"rendered":"<p>W dniu 8 lipca odby\u0142a si\u0119 Og\u00f3lnopolska Konferencja Naukowa pn. \u201eBezpiecze\u0144stwo spo\u0142eczno\u015bci lokalnej na przyk\u0142adzie powodzi w 1997 roku\u201d. Wydarzenie to by\u0142o dedykowane pami\u0119ci 25-lecia Powodzi Wroc\u0142awskiej i Powiatu Wroc\u0142awskiego organizowanym przez Stowarzyszenie Mieszka\u0144c\u00f3w Kamie\u0144ca Wroc\u0142awskiego, \u0141an i Czernicy, Partnerski Klub Biznesu Wroc\u0142aw, Dolno\u015bl\u0105sk\u0105 Izb\u0119 Gospodarcz\u0105 i Wy\u017csz\u0105 Szko\u0142\u0119 Handlow\u0105 we Wroc\u0142awiu.<\/p>\n","protected":false},"author":12,"featured_media":24631,"comment_status":"closed","ping_status":"closed","sticky":false,"template":"","format":"standard","meta":{"footnotes":""},"categories":[16],"tags":[],"class_list":["post-24622","post","type-post","status-publish","format-standard","has-post-thumbnail","hentry","category-aktual"],"_links":{"self":[{"href":"https:\/\/smwroclaw.pl\/index.php?rest_route=\/wp\/v2\/posts\/24622","targetHints":{"allow":["GET"]}}],"collection":[{"href":"https:\/\/smwroclaw.pl\/index.php?rest_route=\/wp\/v2\/posts"}],"about":[{"href":"https:\/\/smwroclaw.pl\/index.php?rest_route=\/wp\/v2\/types\/post"}],"author":[{"embeddable":true,"href":"https:\/\/smwroclaw.pl\/index.php?rest_route=\/wp\/v2\/users\/12"}],"replies":[{"embeddable":true,"href":"https:\/\/smwroclaw.pl\/index.php?rest_route=%2Fwp%2Fv2%2Fcomments&post=24622"}],"version-history":[{"count":1,"href":"https:\/\/smwroclaw.pl\/index.php?rest_route=\/wp\/v2\/posts\/24622\/revisions"}],"predecessor-version":[{"id":24632,"href":"https:\/\/smwroclaw.pl\/index.php?rest_route=\/wp\/v2\/posts\/24622\/revisions\/24632"}],"wp:featuredmedia":[{"embeddable":true,"href":"https:\/\/smwroclaw.pl\/index.php?rest_route=\/wp\/v2\/media\/24631"}],"wp:attachment":[{"href":"https:\/\/smwroclaw.pl\/index.php?rest_route=%2Fwp%2Fv2%2Fmedia&parent=24622"}],"wp:term":[{"taxonomy":"category","embeddable":true,"href":"https:\/\/smwroclaw.pl\/index.php?rest_route=%2Fwp%2Fv2%2Fcategories&post=24622"},{"taxonomy":"post_tag","embeddable":true,"href":"https:\/\/smwroclaw.pl\/index.php?rest_route=%2Fwp%2Fv2%2Ftags&post=24622"}],"curies":[{"name":"wp","href":"https:\/\/api.w.org\/{rel}","templated":true}]}}