{"id":24696,"date":"2022-07-15T14:58:45","date_gmt":"2022-07-15T12:58:45","guid":{"rendered":"http:\/\/smwroclaw.pl\/?p=24696"},"modified":"2022-07-15T15:03:24","modified_gmt":"2022-07-15T13:03:24","slug":"zmiana-organizacji-ruchu-na-moscie-zwierzynieckim","status":"publish","type":"post","link":"https:\/\/smwroclaw.pl\/?p=24696","title":{"rendered":"ZMIANA ORGANIZACJI RUCHU NA MO\u015aCIE ZWIERZYNIECKIM"},"content":{"rendered":"<p style=\"text-align: justify;\"><span style=\"color: #050505; font-size: 16px; font-family: georgia, palatino, serif;\"><span lang=\"pl-PL\"><strong>Od 16 lipca zostanie zamkni\u0119ta po\u0142udniowa jezdnia mostu Zwierzynieckiego<\/strong> (w kierunku Biskupina). <\/span><span lang=\"pl-PL\">Stra\u017cnicy miejscy<\/span><span lang=\"pl-PL\">\u00a0prowadz<\/span><span lang=\"pl-PL\">\u0105 akcj\u0119<\/span><span lang=\"pl-PL\"> inf<\/span><span lang=\"pl-PL\">ormacyjn\u0105 maj\u0105c\u0105 na celu pom\u00f3c mieszka\u0144com dostosowa\u0107 si\u0119 do zmian oraz zadba\u0107 o bezpiecze\u0144stwo.<\/span><\/span><\/p>\n<p lang=\"pl-PL\" style=\"text-align: justify;\"><span style=\"font-size: 16px; font-family: georgia, palatino, serif;\"><strong><span style=\"color: #050505;\">Koniecznie zapoznaj si\u0119 ze zmianami w organizacji ruchu:<\/span><\/strong><\/span><\/p>\n<ul style=\"text-align: justify;\">\n<li lang=\"pl-PL\"><span style=\"font-size: 16px; font-family: georgia, palatino, serif;\"><a href=\"https:\/\/www.wroclaw.pl\/komunikacja\/most-zwierzyniecki-objazdy-zmiana-ruchu-remont\"><span style=\"color: #050505;\">https:\/\/www.wroclaw.pl\/komunikacja\/most-zwierzyniecki-objazdy-zmiana-ruchu-remont<\/span><\/a><\/span><\/li>\n<li lang=\"pl-PL\"><span style=\"font-size: 16px; font-family: georgia, palatino, serif;\"><a href=\"https:\/\/www.youtube.com\/watch?v=xZuNRsJJBqc\"><span style=\"color: #050505;\">https:\/\/www.youtube.com\/watch?v=xZuNRsJJBqc<\/span><\/a><\/span><\/li>\n<\/ul>\n<p style=\"text-align: justify;\"><span style=\"font-size: 16px; font-family: georgia, palatino, serif;\"><!--more--><\/span><\/p>\n<p lang=\"pl-PL\"><span style=\"font-size: 16px; font-family: georgia, palatino, serif;\"><div class=\"su-spacer\" style=\"height:50px\"><\/div><\/span><\/p>\n<p lang=\"pl-PL\"><div class=\"su-custom-gallery su-custom-gallery-align-left su-custom-gallery-title-never https:\/\/www.gov.pl\/web\/koronawirus\/aktualne-zasady-i-ograniczenia?fbclid=IwAR2ExpeE8pFY_75Tv0dCN9oIJRvv9p15BkJcCrGWe4rb_kkx_1uNR8TbQJc su-lightbox-gallery\"><div class=\"su-custom-gallery-slide\" style=\"width:300px;height:300px\"><a href=\"https:\/\/smwroclaw.pl\/wp-content\/uploads\/2022\/07\/5d2d7c86-fb9e-47f2-bacd-d20e2adeaf7b-1.jpg\" title=\"5d2d7c86-fb9e-47f2-bacd-d20e2adeaf7b (1)\"><img fetchpriority=\"high\" decoding=\"async\" src=\"https:\/\/smwroclaw.pl\/wp-content\/uploads\/2022\/07\/5d2d7c86-fb9e-47f2-bacd-d20e2adeaf7b-1-300x300.jpg\" alt=\"5d2d7c86-fb9e-47f2-bacd-d20e2adeaf7b (1)\" width=\"300\" height=\"300\" \/><span class=\"su-custom-gallery-title\">5d2d7c86-fb9e-47f2-bacd-d20e2adeaf7b (1)<\/span><\/a><\/div><div class=\"su-custom-gallery-slide\" style=\"width:300px;height:300px\"><a href=\"https:\/\/smwroclaw.pl\/wp-content\/uploads\/2022\/07\/0a93b11e-42d3-49a3-bdf2-5687098e7bf8-1.jpg\" title=\"0a93b11e-42d3-49a3-bdf2-5687098e7bf8 (1)\"><img decoding=\"async\" src=\"https:\/\/smwroclaw.pl\/wp-content\/uploads\/2022\/07\/0a93b11e-42d3-49a3-bdf2-5687098e7bf8-1-300x300.jpg\" alt=\"0a93b11e-42d3-49a3-bdf2-5687098e7bf8 (1)\" width=\"300\" height=\"300\" \/><span class=\"su-custom-gallery-title\">0a93b11e-42d3-49a3-bdf2-5687098e7bf8 (1)<\/span><\/a><\/div><div class=\"su-custom-gallery-slide\" style=\"width:300px;height:300px\"><a href=\"https:\/\/smwroclaw.pl\/wp-content\/uploads\/2022\/07\/752d359c-bf15-4338-864d-3d54af445e54-1.jpg\" title=\"752d359c-bf15-4338-864d-3d54af445e54 (1)\"><img decoding=\"async\" src=\"https:\/\/smwroclaw.pl\/wp-content\/uploads\/2022\/07\/752d359c-bf15-4338-864d-3d54af445e54-1-300x300.jpg\" alt=\"752d359c-bf15-4338-864d-3d54af445e54 (1)\" width=\"300\" height=\"300\" \/><span class=\"su-custom-gallery-title\">752d359c-bf15-4338-864d-3d54af445e54 (1)<\/span><\/a><\/div><div class=\"su-clear\"><\/div><\/div>\n<p style=\"text-align: justify;\"><span style=\"font-size: 16px; font-family: georgia, palatino, serif;\">KB<\/span><\/p>\n","protected":false},"excerpt":{"rendered":"<p>Od 16 lipca zostanie zamkni\u0119ta po\u0142udniowa jezdnia mostu Zwierzynieckiego (w kierunku Biskupina). Stra\u017cnicy miejscy\u00a0prowadz\u0105 akcj\u0119 informacyjn\u0105 maj\u0105c\u0105 na celu pom\u00f3c mieszka\u0144com dostosowa\u0107 si\u0119 do zmian oraz zadba\u0107 o bezpiecze\u0144stwo. Koniecznie zapoznaj si\u0119 ze zmianami w organizacji ruchu: https:\/\/www.wroclaw.pl\/komunikacja\/most-zwierzyniecki-objazdy-zmiana-ruchu-remont https:\/\/www.youtube.com\/watch?v=xZuNRsJJBqc<\/p>\n","protected":false},"author":12,"featured_media":24706,"comment_status":"closed","ping_status":"closed","sticky":false,"template":"","format":"standard","meta":{"footnotes":""},"categories":[16],"tags":[],"class_list":["post-24696","post","type-post","status-publish","format-standard","has-post-thumbnail","hentry","category-aktual"],"_links":{"self":[{"href":"https:\/\/smwroclaw.pl\/index.php?rest_route=\/wp\/v2\/posts\/24696","targetHints":{"allow":["GET"]}}],"collection":[{"href":"https:\/\/smwroclaw.pl\/index.php?rest_route=\/wp\/v2\/posts"}],"about":[{"href":"https:\/\/smwroclaw.pl\/index.php?rest_route=\/wp\/v2\/types\/post"}],"author":[{"embeddable":true,"href":"https:\/\/smwroclaw.pl\/index.php?rest_route=\/wp\/v2\/users\/12"}],"replies":[{"embeddable":true,"href":"https:\/\/smwroclaw.pl\/index.php?rest_route=%2Fwp%2Fv2%2Fcomments&post=24696"}],"version-history":[{"count":7,"href":"https:\/\/smwroclaw.pl\/index.php?rest_route=\/wp\/v2\/posts\/24696\/revisions"}],"predecessor-version":[{"id":24709,"href":"https:\/\/smwroclaw.pl\/index.php?rest_route=\/wp\/v2\/posts\/24696\/revisions\/24709"}],"wp:featuredmedia":[{"embeddable":true,"href":"https:\/\/smwroclaw.pl\/index.php?rest_route=\/wp\/v2\/media\/24706"}],"wp:attachment":[{"href":"https:\/\/smwroclaw.pl\/index.php?rest_route=%2Fwp%2Fv2%2Fmedia&parent=24696"}],"wp:term":[{"taxonomy":"category","embeddable":true,"href":"https:\/\/smwroclaw.pl\/index.php?rest_route=%2Fwp%2Fv2%2Fcategories&post=24696"},{"taxonomy":"post_tag","embeddable":true,"href":"https:\/\/smwroclaw.pl\/index.php?rest_route=%2Fwp%2Fv2%2Ftags&post=24696"}],"curies":[{"name":"wp","href":"https:\/\/api.w.org\/{rel}","templated":true}]}}