{"id":2487,"date":"2018-06-21T13:23:24","date_gmt":"2018-06-21T11:23:24","guid":{"rendered":"http:\/\/smwroclaw.pl\/?p=2487"},"modified":"2018-06-21T14:34:26","modified_gmt":"2018-06-21T12:34:26","slug":"straznicy-ujeli-poszukiwanego-mezczyzne","status":"publish","type":"post","link":"https:\/\/smwroclaw.pl\/?p=2487","title":{"rendered":"STRA\u017bNICY UJ\u0118LI POSZUKIWANEGO M\u0118\u017bCZYZN\u0118"},"content":{"rendered":"<p style=\"text-align: justify;\"><span style=\"font-size: 12px;\"><span style=\"font-size: 16px;\">W dniu 20 czerwca 2018r o godz.12.40,\u00a0 patroluj\u0105c ulic\u0119 Graniczn\u0105, stra\u017cnicy miejscy z Oddzia\u0142u Ochrony \u015arodowiska zauwa\u017cyli k\u0142\u0119by czarnego unosz\u0105ce si\u0119 nad pobliskim stawem.\u00a0 Na miejscu zastali m\u0119\u017cczyzn\u0119, kt\u00f3ry w ognisku wypala\u0142 kable elektryczne.<!--more--> Takie \u00a0\u00a0post\u0119powanie jest naruszeniem art. 191 ustawy o odpadach (Kto, wbrew przepisowi art. 155 \/miejsce termicznego przekszta\u0142cania odpad\u00f3w\/, termicznie przekszta\u0142ca odpady poza spalarni\u0105 odpad\u00f3w, podlega karze aresztu albo grzywny). \u00a0\u00a0W czasie interwencji m\u0119\u017cczyzna, zachowywa\u0142 si\u0119 nerwowo, co wzbudzi\u0142o podejrzenia funkcjonariuszy . Za po\u015brednictwem dy\u017curnego \u00a0Policji\u00a0 sprawdzano,\u00a0 czy nie figuruje on \u00a0jako osoba poszukiwana. Okaza\u0142o si\u0119, \u017ce m\u0119\u017cczyzna jest poszukiwany w celu odbycia kary 10 miesi\u0119cy pozbawienia wolno\u015bci. Przeciwdzia\u0142aj\u0105c\u00a0 ewentualnej ucieczce, \u00a0w czasie oczekiwania na przybycie patrolu Policji, m\u0119\u017cczy\u017anie za\u0142o\u017cono kajdanki. Za \u00a0wypalanie\u00a0 kabli elektrycznych zost\u0142 on ukarany mandatem \u00a0w wysoko\u015bci 100 z\u0142. Przybyli\u00a0 na miejsce policjanci przej\u0105\u0142 poszukiwanego<\/span>.<\/span><\/p>\n<p><span style=\"font-size: 12px;\">GM<\/span><\/p>\n","protected":false},"excerpt":{"rendered":"<p>W dniu 20 czerwca 2018r o godz.12.40,\u00a0 patroluj\u0105c ulic\u0119 Graniczn\u0105, stra\u017cnicy miejscy z Oddzia\u0142u Ochrony \u015arodowiska zauwa\u017cyli k\u0142\u0119by czarnego unosz\u0105ce si\u0119 nad pobliskim stawem.\u00a0 Na miejscu zastali m\u0119\u017cczyzn\u0119, kt\u00f3ry w ognisku wypala\u0142 kable elektryczne.<\/p>\n","protected":false},"author":8,"featured_media":2489,"comment_status":"closed","ping_status":"closed","sticky":false,"template":"","format":"standard","meta":{"footnotes":""},"categories":[16],"tags":[],"class_list":["post-2487","post","type-post","status-publish","format-standard","has-post-thumbnail","hentry","category-aktual"],"_links":{"self":[{"href":"https:\/\/smwroclaw.pl\/index.php?rest_route=\/wp\/v2\/posts\/2487","targetHints":{"allow":["GET"]}}],"collection":[{"href":"https:\/\/smwroclaw.pl\/index.php?rest_route=\/wp\/v2\/posts"}],"about":[{"href":"https:\/\/smwroclaw.pl\/index.php?rest_route=\/wp\/v2\/types\/post"}],"author":[{"embeddable":true,"href":"https:\/\/smwroclaw.pl\/index.php?rest_route=\/wp\/v2\/users\/8"}],"replies":[{"embeddable":true,"href":"https:\/\/smwroclaw.pl\/index.php?rest_route=%2Fwp%2Fv2%2Fcomments&post=2487"}],"version-history":[{"count":8,"href":"https:\/\/smwroclaw.pl\/index.php?rest_route=\/wp\/v2\/posts\/2487\/revisions"}],"predecessor-version":[{"id":2496,"href":"https:\/\/smwroclaw.pl\/index.php?rest_route=\/wp\/v2\/posts\/2487\/revisions\/2496"}],"wp:featuredmedia":[{"embeddable":true,"href":"https:\/\/smwroclaw.pl\/index.php?rest_route=\/wp\/v2\/media\/2489"}],"wp:attachment":[{"href":"https:\/\/smwroclaw.pl\/index.php?rest_route=%2Fwp%2Fv2%2Fmedia&parent=2487"}],"wp:term":[{"taxonomy":"category","embeddable":true,"href":"https:\/\/smwroclaw.pl\/index.php?rest_route=%2Fwp%2Fv2%2Fcategories&post=2487"},{"taxonomy":"post_tag","embeddable":true,"href":"https:\/\/smwroclaw.pl\/index.php?rest_route=%2Fwp%2Fv2%2Ftags&post=2487"}],"curies":[{"name":"wp","href":"https:\/\/api.w.org\/{rel}","templated":true}]}}