{"id":24944,"date":"2022-08-05T09:38:47","date_gmt":"2022-08-05T07:38:47","guid":{"rendered":"http:\/\/smwroclaw.pl\/?p=24944"},"modified":"2022-08-05T09:38:47","modified_gmt":"2022-08-05T07:38:47","slug":"piatki-z-profilaktyka-27","status":"publish","type":"post","link":"https:\/\/smwroclaw.pl\/?p=24944","title":{"rendered":"PI\u0104TKI Z PROFILAKTYK\u0104"},"content":{"rendered":"<p style=\"text-align: justify;\"><span style=\"font-family: Times New Roman, serif;\"><span style=\"font-size: medium;\"><strong>Rozmowy, spotkania, tak w\u0142a\u015bnie wygl\u0105da\u0142 nasz lipiec.<\/strong> By\u0142 to <strong>czas nauki<\/strong> m.in. o zasadach <strong>pierwszej pomocy, numerach alarmowych, ekologii, pracy Patrolu Konnego<\/strong> czy <strong>zachowaniu si\u0119 wobec gro\u017anego psa.<\/strong> <strong>Funkcjonariusze<\/strong> przekazuj\u0105 <strong>niezb\u0119dn\u0105 wiedz\u0119,<\/strong> kt\u00f3ra daje najm\u0142odszym poczucie <strong>bezpiecze\u0144stwa.<\/strong> Wszyscy wiemy, \u017ce <strong>w\u0142a\u015bciwa reakcja<\/strong> w sytuacji zagro\u017cenia mo\u017ce <strong>uratowa\u0107 komu\u015b \u017cycie,<\/strong> dlatego ca\u0142y czas powtarzamy z najm\u0142odszymi, jak nale\u017cy post\u0119powa\u0107. <\/span><\/span><\/p>\n<p><strong><!--more--><\/strong><\/p>\n<p style=\"text-align: justify;\"><strong><span style=\"font-family: Times New Roman, serif;\"><span style=\"font-size: medium;\">W tym tygodniu przeprowadzono zaj\u0119cia w:<\/span><\/span><\/strong><\/p>\n<p style=\"text-align: justify;\"><span style=\"font-family: Times New Roman, serif;\"><span style=\"font-size: medium;\">&#8211; <\/span><\/span><span style=\"font-family: Times New Roman, serif;\"><span style=\"font-size: medium;\">Komendzie Stra\u017cy Miejskiej Wroc\u0142awia, ul. Na Grobli 14\/16;<\/span><\/span><\/p>\n<p style=\"text-align: justify;\"><span style=\"font-family: Times New Roman, serif;\"><span style=\"font-size: medium;\">&#8211; Dziennym O\u015brodku Psychiatrii i Zaburze\u0144 Mowy dla Dzieci i M\u0142odzie\u017cy, ul. Wo\u0142owska;<\/span><\/span><\/p>\n<p style=\"text-align: justify;\"><span style=\"font-family: Times New Roman, serif;\"><span style=\"font-size: medium;\">&#8211; <\/span><\/span><span style=\"font-family: Times New Roman, serif;\"><span style=\"font-size: medium;\">Publicznym Przedszkolu \u201eHogu\u015b\u201d, ul. Kominiarska 60b.<\/span><\/span><\/p>\n<p style=\"text-align: justify;\"><strong><span style=\"font-family: Times New Roman, serif;\"><span style=\"font-size: medium;\">Zadania realizowali funkcjonariusze z Zespo\u0142u ds. Koordynacji Program\u00f3w Prewencyjnych, Oddzia\u0142u Patrolowo \u2013 Prewencyjnego <\/span><\/span><span style=\"font-family: Times New Roman, serif;\"><span style=\"font-size: medium;\">oraz<\/span><\/span><span style=\"font-family: Times New Roman, serif;\"><span style=\"font-size: medium;\"> Zespo\u0142u ds. Szkole\u0144 i Doskonalenia Zawodowego.<\/span><\/span><\/strong><\/p>\n<div style=\"width: 940px;\" class=\"wp-video\"><!--[if lt IE 9]><script>document.createElement('video');<\/script><![endif]-->\n<video class=\"wp-video-shortcode\" id=\"video-24944-1\" width=\"940\" height=\"788\" preload=\"metadata\" controls=\"controls\"><source type=\"video\/mp4\" src=\"https:\/\/smwroclaw.pl\/wp-content\/uploads\/2022\/08\/Piatek-z-profilaktyka.mp4?_=1\" \/><a href=\"https:\/\/smwroclaw.pl\/wp-content\/uploads\/2022\/08\/Piatek-z-profilaktyka.mp4\">https:\/\/smwroclaw.pl\/wp-content\/uploads\/2022\/08\/Piatek-z-profilaktyka.mp4<\/a><\/video><\/div>\n<p>&nbsp;<\/p>\n<p>&nbsp;<\/p>\n<p>&nbsp;<\/p>\n<p>KB<\/p>\n","protected":false},"excerpt":{"rendered":"<p>Rozmowy, spotkania, tak w\u0142a\u015bnie wygl\u0105da\u0142 nasz lipiec. By\u0142 to czas nauki m.in. o zasadach pierwszej pomocy, numerach alarmowych, ekologii, pracy Patrolu Konnego czy zachowaniu si\u0119 wobec gro\u017anego psa. Funkcjonariusze przekazuj\u0105 niezb\u0119dn\u0105 wiedz\u0119, kt\u00f3ra daje najm\u0142odszym poczucie bezpiecze\u0144stwa. Wszyscy wiemy, \u017ce w\u0142a\u015bciwa reakcja w sytuacji zagro\u017cenia mo\u017ce uratowa\u0107 komu\u015b \u017cycie, dlatego ca\u0142y czas powtarzamy z najm\u0142odszymi, [&hellip;]<\/p>\n","protected":false},"author":12,"featured_media":24946,"comment_status":"closed","ping_status":"closed","sticky":false,"template":"","format":"standard","meta":{"footnotes":""},"categories":[16],"tags":[],"class_list":["post-24944","post","type-post","status-publish","format-standard","has-post-thumbnail","hentry","category-aktual"],"_links":{"self":[{"href":"https:\/\/smwroclaw.pl\/index.php?rest_route=\/wp\/v2\/posts\/24944","targetHints":{"allow":["GET"]}}],"collection":[{"href":"https:\/\/smwroclaw.pl\/index.php?rest_route=\/wp\/v2\/posts"}],"about":[{"href":"https:\/\/smwroclaw.pl\/index.php?rest_route=\/wp\/v2\/types\/post"}],"author":[{"embeddable":true,"href":"https:\/\/smwroclaw.pl\/index.php?rest_route=\/wp\/v2\/users\/12"}],"replies":[{"embeddable":true,"href":"https:\/\/smwroclaw.pl\/index.php?rest_route=%2Fwp%2Fv2%2Fcomments&post=24944"}],"version-history":[{"count":2,"href":"https:\/\/smwroclaw.pl\/index.php?rest_route=\/wp\/v2\/posts\/24944\/revisions"}],"predecessor-version":[{"id":24948,"href":"https:\/\/smwroclaw.pl\/index.php?rest_route=\/wp\/v2\/posts\/24944\/revisions\/24948"}],"wp:featuredmedia":[{"embeddable":true,"href":"https:\/\/smwroclaw.pl\/index.php?rest_route=\/wp\/v2\/media\/24946"}],"wp:attachment":[{"href":"https:\/\/smwroclaw.pl\/index.php?rest_route=%2Fwp%2Fv2%2Fmedia&parent=24944"}],"wp:term":[{"taxonomy":"category","embeddable":true,"href":"https:\/\/smwroclaw.pl\/index.php?rest_route=%2Fwp%2Fv2%2Fcategories&post=24944"},{"taxonomy":"post_tag","embeddable":true,"href":"https:\/\/smwroclaw.pl\/index.php?rest_route=%2Fwp%2Fv2%2Ftags&post=24944"}],"curies":[{"name":"wp","href":"https:\/\/api.w.org\/{rel}","templated":true}]}}