{"id":2497,"date":"2018-06-21T14:41:25","date_gmt":"2018-06-21T12:41:25","guid":{"rendered":"http:\/\/smwroclaw.pl\/?p=2497"},"modified":"2018-06-21T14:41:56","modified_gmt":"2018-06-21T12:41:56","slug":"pozar-na-ogrodkach-przy-klecinskiej","status":"publish","type":"post","link":"https:\/\/smwroclaw.pl\/?p=2497","title":{"rendered":"PO\u017bAR NA OGR\u00d3DKACH PRZY KLECI\u0143SKIEJ"},"content":{"rendered":"<p style=\"text-align: justify;\"><span style=\"font-size: 16px;\">W dniu 20.06.2018r. o godzinie 18:00 \u00a0stra\u017cnicy miejscy \u00a0patroluj\u0105cy\u00a0 teren przyleg\u0142y do Rodzinnych Ogrod\u00f3w Dzia\u0142kowych \u201eO\u015bwiata\u201d przy ul. Kleci\u0144skiej , zauwa\u017cyli\u00a0 k\u0142\u0119by dymu nad jedn\u0105 z dzia\u0142ek.<!--more--> Po dotarciu na miejsce stwierdzono po\u017car \u00a0jednego z ogr\u00f3dk\u00f3w, kt\u00f3ry zagra\u017ca\u0142 s\u0105siednim altanom. \u00a0Na \u00a0miejsce wezwano Stra\u017c Po\u017carn\u0105, oraz zabezpieczono najbli\u017csz\u0105 okolice przed dost\u0119pem os\u00f3b postronnych. Sprawdzono r\u00f3wnie\u017c czy na terenie obj\u0119tym po\u017carem nie przebywaj\u0105 ludzie. Przyby\u0142a na \u00a0miejsce jednostka Sta\u017cy Po\u017carnej \u00a0ugasi\u0142a p\u0142on\u0105cy ogr\u00f3dek .W zdarzeniu nikt nie ucierpia\u0142.<\/span><!--more--><div class=\"su-custom-gallery su-custom-gallery-align-left su-custom-gallery-title-never su-lightbox-gallery\"><div class=\"su-custom-gallery-slide\" style=\"width:220px;height:160px\"><a href=\"https:\/\/smwroclaw.pl\/wp-content\/uploads\/2018\/06\/kleci\u0144ska2.jpg\" title=\"kleci\u0144ska2\"><img decoding=\"async\" src=\"https:\/\/smwroclaw.pl\/wp-content\/uploads\/2018\/06\/kleci\u0144ska2-220x160.jpg\" alt=\"kleci\u0144ska2\" width=\"220\" height=\"160\" \/><span class=\"su-custom-gallery-title\">kleci\u0144ska2<\/span><\/a><\/div><div class=\"su-custom-gallery-slide\" style=\"width:220px;height:160px\"><a href=\"https:\/\/smwroclaw.pl\/wp-content\/uploads\/2018\/06\/kleci\u0144ska-1.jpg\" title=\"kleci\u0144ska 1\"><img decoding=\"async\" src=\"https:\/\/smwroclaw.pl\/wp-content\/uploads\/2018\/06\/kleci\u0144ska-1-220x160.jpg\" alt=\"kleci\u0144ska 1\" width=\"220\" height=\"160\" \/><span class=\"su-custom-gallery-title\">kleci\u0144ska 1<\/span><\/a><\/div><div class=\"su-clear\"><\/div><\/div>\n","protected":false},"excerpt":{"rendered":"<p>W dniu 20.06.2018r. o godzinie 18:00 \u00a0stra\u017cnicy miejscy \u00a0patroluj\u0105cy\u00a0 teren przyleg\u0142y do Rodzinnych Ogrod\u00f3w Dzia\u0142kowych \u201eO\u015bwiata\u201d przy ul. Kleci\u0144skiej , zauwa\u017cyli\u00a0 k\u0142\u0119by dymu nad jedn\u0105 z dzia\u0142ek.<\/p>\n","protected":false},"author":8,"featured_media":2500,"comment_status":"closed","ping_status":"closed","sticky":false,"template":"","format":"standard","meta":{"footnotes":""},"categories":[16],"tags":[],"class_list":["post-2497","post","type-post","status-publish","format-standard","has-post-thumbnail","hentry","category-aktual"],"_links":{"self":[{"href":"https:\/\/smwroclaw.pl\/index.php?rest_route=\/wp\/v2\/posts\/2497","targetHints":{"allow":["GET"]}}],"collection":[{"href":"https:\/\/smwroclaw.pl\/index.php?rest_route=\/wp\/v2\/posts"}],"about":[{"href":"https:\/\/smwroclaw.pl\/index.php?rest_route=\/wp\/v2\/types\/post"}],"author":[{"embeddable":true,"href":"https:\/\/smwroclaw.pl\/index.php?rest_route=\/wp\/v2\/users\/8"}],"replies":[{"embeddable":true,"href":"https:\/\/smwroclaw.pl\/index.php?rest_route=%2Fwp%2Fv2%2Fcomments&post=2497"}],"version-history":[{"count":2,"href":"https:\/\/smwroclaw.pl\/index.php?rest_route=\/wp\/v2\/posts\/2497\/revisions"}],"predecessor-version":[{"id":2502,"href":"https:\/\/smwroclaw.pl\/index.php?rest_route=\/wp\/v2\/posts\/2497\/revisions\/2502"}],"wp:featuredmedia":[{"embeddable":true,"href":"https:\/\/smwroclaw.pl\/index.php?rest_route=\/wp\/v2\/media\/2500"}],"wp:attachment":[{"href":"https:\/\/smwroclaw.pl\/index.php?rest_route=%2Fwp%2Fv2%2Fmedia&parent=2497"}],"wp:term":[{"taxonomy":"category","embeddable":true,"href":"https:\/\/smwroclaw.pl\/index.php?rest_route=%2Fwp%2Fv2%2Fcategories&post=2497"},{"taxonomy":"post_tag","embeddable":true,"href":"https:\/\/smwroclaw.pl\/index.php?rest_route=%2Fwp%2Fv2%2Ftags&post=2497"}],"curies":[{"name":"wp","href":"https:\/\/api.w.org\/{rel}","templated":true}]}}