{"id":25096,"date":"2022-08-24T14:43:24","date_gmt":"2022-08-24T12:43:24","guid":{"rendered":"http:\/\/smwroclaw.pl\/?p=25096"},"modified":"2022-08-24T14:44:21","modified_gmt":"2022-08-24T12:44:21","slug":"dzien-niepodleglosci-ukrainy","status":"publish","type":"post","link":"https:\/\/smwroclaw.pl\/?p=25096","title":{"rendered":"DZIE\u0143 NIEPODLEG\u0141O\u015aCI UKRAINY"},"content":{"rendered":"<p style=\"text-align: justify;\"><span style=\"font-family: georgia, palatino, serif; font-size: 16px;\">Dzie\u0144 Niepodleg\u0142o\u015bci Ukrainy ustanowiono w rocznic\u0119 uchwalenia Deklaracji Niepodleg\u0142o\u015bci Ukrainy przez Rad\u0119 Najwy\u017csz\u0105 Ukrai\u0144skiej SRR 24 sierpnia 1991. Ta data uwa\u017cana jest za pocz\u0105tek demokratycznego pa\u0144stwa ukrai\u0144skiego.<\/span><\/p>\n<p style=\"text-align: justify;\"><span style=\"font-family: georgia, palatino, serif; font-size: 16px;\">W Stra\u017cy Miejskiej zatrudnione s\u0105 osoby, kt\u00f3re pochodz\u0105 z Ukrainy i to na ich r\u0119ce, w ten szczeg\u00f3lny dzie\u0144 Pan Komendant Piotr Ko\u015bcielny z\u0142o\u017cy\u0142 serdeczne \u017cyczenia pokoju, wytrwa\u0142o\u015bci, si\u0142y i jak najszybszego zako\u0144czenia wojny w ich ojczy\u017anie.<\/span><!--more--><\/p>\n<p><img fetchpriority=\"high\" decoding=\"async\" class=\" wp-image-25098 aligncenter\" src=\"https:\/\/smwroclaw.pl\/wp-content\/uploads\/2022\/08\/SU-300x274.jpg\" alt=\"\" width=\"501\" height=\"458\" srcset=\"https:\/\/smwroclaw.pl\/wp-content\/uploads\/2022\/08\/SU-300x274.jpg 300w, https:\/\/smwroclaw.pl\/wp-content\/uploads\/2022\/08\/SU-768x702.jpg 768w, https:\/\/smwroclaw.pl\/wp-content\/uploads\/2022\/08\/SU.jpg 983w\" sizes=\"(max-width: 501px) 100vw, 501px\" \/><\/p>\n<p>&nbsp;<\/p>\n<p>&nbsp;<\/p>\n","protected":false},"excerpt":{"rendered":"<p>Dzie\u0144 Niepodleg\u0142o\u015bci Ukrainy ustanowiono w rocznic\u0119 uchwalenia Deklaracji Niepodleg\u0142o\u015bci Ukrainy przez Rad\u0119 Najwy\u017csz\u0105 Ukrai\u0144skiej SRR 24 sierpnia 1991. Ta data uwa\u017cana jest za pocz\u0105tek demokratycznego pa\u0144stwa ukrai\u0144skiego. W Stra\u017cy Miejskiej zatrudnione s\u0105 osoby, kt\u00f3re pochodz\u0105 z Ukrainy i to na ich r\u0119ce, w ten szczeg\u00f3lny dzie\u0144 Pan Komendant Piotr Ko\u015bcielny z\u0142o\u017cy\u0142 serdeczne \u017cyczenia pokoju, wytrwa\u0142o\u015bci, [&hellip;]<\/p>\n","protected":false},"author":7,"featured_media":25097,"comment_status":"closed","ping_status":"closed","sticky":false,"template":"","format":"standard","meta":{"footnotes":""},"categories":[16],"tags":[],"class_list":["post-25096","post","type-post","status-publish","format-standard","has-post-thumbnail","hentry","category-aktual"],"_links":{"self":[{"href":"https:\/\/smwroclaw.pl\/index.php?rest_route=\/wp\/v2\/posts\/25096","targetHints":{"allow":["GET"]}}],"collection":[{"href":"https:\/\/smwroclaw.pl\/index.php?rest_route=\/wp\/v2\/posts"}],"about":[{"href":"https:\/\/smwroclaw.pl\/index.php?rest_route=\/wp\/v2\/types\/post"}],"author":[{"embeddable":true,"href":"https:\/\/smwroclaw.pl\/index.php?rest_route=\/wp\/v2\/users\/7"}],"replies":[{"embeddable":true,"href":"https:\/\/smwroclaw.pl\/index.php?rest_route=%2Fwp%2Fv2%2Fcomments&post=25096"}],"version-history":[{"count":2,"href":"https:\/\/smwroclaw.pl\/index.php?rest_route=\/wp\/v2\/posts\/25096\/revisions"}],"predecessor-version":[{"id":25100,"href":"https:\/\/smwroclaw.pl\/index.php?rest_route=\/wp\/v2\/posts\/25096\/revisions\/25100"}],"wp:featuredmedia":[{"embeddable":true,"href":"https:\/\/smwroclaw.pl\/index.php?rest_route=\/wp\/v2\/media\/25097"}],"wp:attachment":[{"href":"https:\/\/smwroclaw.pl\/index.php?rest_route=%2Fwp%2Fv2%2Fmedia&parent=25096"}],"wp:term":[{"taxonomy":"category","embeddable":true,"href":"https:\/\/smwroclaw.pl\/index.php?rest_route=%2Fwp%2Fv2%2Fcategories&post=25096"},{"taxonomy":"post_tag","embeddable":true,"href":"https:\/\/smwroclaw.pl\/index.php?rest_route=%2Fwp%2Fv2%2Ftags&post=25096"}],"curies":[{"name":"wp","href":"https:\/\/api.w.org\/{rel}","templated":true}]}}