{"id":25196,"date":"2022-09-02T14:26:32","date_gmt":"2022-09-02T12:26:32","guid":{"rendered":"http:\/\/smwroclaw.pl\/?p=25196"},"modified":"2022-09-02T14:26:32","modified_gmt":"2022-09-02T12:26:32","slug":"wystartowal-nowy-rok-szkolny-czuwamy-nad-bezpieczenstwem-uczniow","status":"publish","type":"post","link":"https:\/\/smwroclaw.pl\/?p=25196","title":{"rendered":"WYSTARTOWA\u0141 NOWY ROK SZKOLNY \u2013 czuwamy nad bezpiecze\u0144stwem uczni\u00f3w"},"content":{"rendered":"<p style=\"text-align: justify;\"><span style=\"font-family: georgia, palatino, serif; font-size: 16px;\">Od 1 wrze\u015bnia od godzin porannych czuwamy nad bezpiecze\u0144stwem najm\u0142odszych rozpoczynaj\u0105cych rok szkolny. Funkcjonariusze Stra\u017cy Miejskiej Wroc\u0142awia zabezpieczaj\u0105 przej\u015bcia dla pieszych w rejonie plac\u00f3wek o\u015bwiatowych.<\/span><br \/>\n<span style=\"font-family: georgia, palatino, serif; font-size: 16px;\">Poprawa bezpiecze\u0144stwa dzieci i m\u0142odzie\u017cy szkolnej jest jednym z najwa\u017cniejszych zada\u0144 prewencyjno \u2013 profilaktycznych realizowanych przez Stra\u017c Miejsk\u0105 Wroc\u0142awia w ramach akcji <strong>\u201eBezpieczna droga do szko\u0142y\u201d<\/strong>. Sta\u0142ym nadzorem obj\u0119to plac\u00f3wki o\u015bwiatowe w okolicy kt\u00f3rych wyst\u0119puj\u0105 zwi\u0119kszone zagro\u017cenia komunikacyjne tj. zmieniaj\u0105ca si\u0119 organizacja ruchu drogowego, zainstalowane dodatkowe oznakowanie, du\u017ce nat\u0119\u017cenie ruchu, brak sygnalizacji \u015bwietlnej, wysepki lub inne elementy, maj\u0105ce znacz\u0105cy wp\u0142yw na bezpiecze\u0144stwo dzieci.<\/span><br \/>\n<!--more--><\/p>\n\n\t\t<style type=\"text\/css\">\n\t\t\t#gallery-1 {\n\t\t\t\tmargin: auto;\n\t\t\t}\n\t\t\t#gallery-1 .gallery-item {\n\t\t\t\tfloat: left;\n\t\t\t\tmargin-top: 10px;\n\t\t\t\ttext-align: center;\n\t\t\t\twidth: 33%;\n\t\t\t}\n\t\t\t#gallery-1 img {\n\t\t\t\tborder: 2px solid #cfcfcf;\n\t\t\t}\n\t\t\t#gallery-1 .gallery-caption {\n\t\t\t\tmargin-left: 0;\n\t\t\t}\n\t\t\t\/* see gallery_shortcode() in wp-includes\/media.php *\/\n\t\t<\/style>\n\t\t<div id='gallery-1' class='gallery galleryid-25196 gallery-columns-3 gallery-size-thumbnail'><dl class='gallery-item'>\n\t\t\t<dt class='gallery-icon portrait'>\n\t\t\t\t<a href='https:\/\/smwroclaw.pl\/?attachment_id=25197'><img fetchpriority=\"high\" decoding=\"async\" width=\"360\" height=\"260\" src=\"https:\/\/smwroclaw.pl\/wp-content\/uploads\/2022\/09\/1-2-360x260.jpg\" class=\"attachment-thumbnail size-thumbnail\" alt=\"\" \/><\/a>\n\t\t\t<\/dt><\/dl><dl class='gallery-item'>\n\t\t\t<dt class='gallery-icon portrait'>\n\t\t\t\t<a href='https:\/\/smwroclaw.pl\/?attachment_id=25200'><img decoding=\"async\" width=\"360\" height=\"260\" src=\"https:\/\/smwroclaw.pl\/wp-content\/uploads\/2022\/09\/4-2-360x260.jpg\" class=\"attachment-thumbnail size-thumbnail\" alt=\"\" \/><\/a>\n\t\t\t<\/dt><\/dl><dl class='gallery-item'>\n\t\t\t<dt class='gallery-icon portrait'>\n\t\t\t\t<a href='https:\/\/smwroclaw.pl\/?attachment_id=25199'><img decoding=\"async\" width=\"360\" height=\"260\" src=\"https:\/\/smwroclaw.pl\/wp-content\/uploads\/2022\/09\/3-2-360x260.jpg\" class=\"attachment-thumbnail size-thumbnail\" alt=\"\" \/><\/a>\n\t\t\t<\/dt><\/dl><br style=\"clear: both\" \/><dl class='gallery-item'>\n\t\t\t<dt class='gallery-icon portrait'>\n\t\t\t\t<a href='https:\/\/smwroclaw.pl\/?attachment_id=25198'><img loading=\"lazy\" decoding=\"async\" width=\"360\" height=\"260\" src=\"https:\/\/smwroclaw.pl\/wp-content\/uploads\/2022\/09\/2-2-360x260.jpg\" class=\"attachment-thumbnail size-thumbnail\" alt=\"\" \/><\/a>\n\t\t\t<\/dt><\/dl>\n\t\t\t<br style='clear: both' \/>\n\t\t<\/div>\n\n<p>BD<\/p>\n","protected":false},"excerpt":{"rendered":"<p>Od 1 wrze\u015bnia od godzin porannych czuwamy nad bezpiecze\u0144stwem najm\u0142odszych rozpoczynaj\u0105cych rok szkolny. Funkcjonariusze Stra\u017cy Miejskiej Wroc\u0142awia zabezpieczaj\u0105 przej\u015bcia dla pieszych w rejonie plac\u00f3wek o\u015bwiatowych. Poprawa bezpiecze\u0144stwa dzieci i m\u0142odzie\u017cy szkolnej jest jednym z najwa\u017cniejszych zada\u0144 prewencyjno \u2013 profilaktycznych realizowanych przez Stra\u017c Miejsk\u0105 Wroc\u0142awia w ramach akcji \u201eBezpieczna droga do szko\u0142y\u201d. Sta\u0142ym nadzorem obj\u0119to plac\u00f3wki [&hellip;]<\/p>\n","protected":false},"author":7,"featured_media":25202,"comment_status":"closed","ping_status":"closed","sticky":false,"template":"","format":"standard","meta":{"footnotes":""},"categories":[16],"tags":[],"class_list":["post-25196","post","type-post","status-publish","format-standard","has-post-thumbnail","hentry","category-aktual"],"_links":{"self":[{"href":"https:\/\/smwroclaw.pl\/index.php?rest_route=\/wp\/v2\/posts\/25196","targetHints":{"allow":["GET"]}}],"collection":[{"href":"https:\/\/smwroclaw.pl\/index.php?rest_route=\/wp\/v2\/posts"}],"about":[{"href":"https:\/\/smwroclaw.pl\/index.php?rest_route=\/wp\/v2\/types\/post"}],"author":[{"embeddable":true,"href":"https:\/\/smwroclaw.pl\/index.php?rest_route=\/wp\/v2\/users\/7"}],"replies":[{"embeddable":true,"href":"https:\/\/smwroclaw.pl\/index.php?rest_route=%2Fwp%2Fv2%2Fcomments&post=25196"}],"version-history":[{"count":1,"href":"https:\/\/smwroclaw.pl\/index.php?rest_route=\/wp\/v2\/posts\/25196\/revisions"}],"predecessor-version":[{"id":25203,"href":"https:\/\/smwroclaw.pl\/index.php?rest_route=\/wp\/v2\/posts\/25196\/revisions\/25203"}],"wp:featuredmedia":[{"embeddable":true,"href":"https:\/\/smwroclaw.pl\/index.php?rest_route=\/wp\/v2\/media\/25202"}],"wp:attachment":[{"href":"https:\/\/smwroclaw.pl\/index.php?rest_route=%2Fwp%2Fv2%2Fmedia&parent=25196"}],"wp:term":[{"taxonomy":"category","embeddable":true,"href":"https:\/\/smwroclaw.pl\/index.php?rest_route=%2Fwp%2Fv2%2Fcategories&post=25196"},{"taxonomy":"post_tag","embeddable":true,"href":"https:\/\/smwroclaw.pl\/index.php?rest_route=%2Fwp%2Fv2%2Ftags&post=25196"}],"curies":[{"name":"wp","href":"https:\/\/api.w.org\/{rel}","templated":true}]}}