{"id":2539,"date":"2018-06-26T21:48:14","date_gmt":"2018-06-26T19:48:14","guid":{"rendered":"http:\/\/smwroclaw.pl\/?p=2539"},"modified":"2018-10-18T19:48:00","modified_gmt":"2018-10-18T17:48:00","slug":"miniratownik-przerwa-wakacyjna","status":"publish","type":"post","link":"https:\/\/smwroclaw.pl\/?p=2539","title":{"rendered":"MINIRATOWNIK &#8211; PRZERWA WAKACYJNA"},"content":{"rendered":"<p style=\"text-align: justify;\"><span style=\"font-family: georgia, palatino, serif; font-size: 12px;\"><span style=\"font-size: 16px;\">W Przedszkolu <strong>\u201eMa\u0142y Kolejarz\u201d<\/strong> przy ul. Dyrekcyjnej przeprowadzone by\u0142y, ostatnie w tym roku szkolnym zaj\u0119cia z cyklu<strong> \u201eMiniRatownik\u201d<\/strong>. Przez ca\u0142y ten czas nasza funkcjonariuszka <strong>insp. Beata Dopiera\u0142a<\/strong>, absolwentka Wy\u017cszej Szko\u0142y Medycznej w Legnicy, prowadzi\u0142a warsztaty edukacyjne na temat pierwszej pomocy.<\/span><!--more--> <span style=\"font-size: 16px;\">Za\u0142o\u017ceniem programu <strong>\u201eMiniRatownik\u201d<\/strong> by\u0142o nauczanie najm\u0142odszych, czyli dzieci w wieku 2,5 \u2013 10 lat. Potrzeby w tym zakresie okaza\u0142y si\u0119 jednak o wiele wi\u0119ksze.<\/span><\/span><br \/>\n<span style=\"font-family: georgia, palatino, serif; font-size: 16px;\">\u00a0\u00a0\u00a0\u00a0\u00a0 Prowadzili\u015bmy akcj\u0119 dla dzieci ze \u017c\u0142obk\u00f3w o nazwie:<strong> \u201eAkademia Pluszowego Misia\u201d<\/strong>. Dzieci przynosi\u0142y swoje ulubione przytulanki, kt\u00f3rym wsp\u00f3lnie starali\u015bmy si\u0119 pom\u00f3c, je\u017celi by\u0142y chore. Zak\u0142adali\u015bmy karty chorobowe, wypisywali\u015bmy recepty, banda\u017cowali\u015bmy \u0142apki i g\u0142\u00f3wki, przyklejali\u015bmy plasterki. Do najbardziej chorych przyjaci\u00f3\u0142 wzywali\u015bmy Pogotowie Ratunkowe, przy okazji ucz\u0105c numer\u00f3w alarmowych. Musieli\u015bmy prowadzi\u0107 resuscytacj\u0119 kr\u0105\u017ceniowo \u2013 oddechow\u0105, niekiedy z u\u017cyciem defibrylatora. Nauka przez zabaw\u0119 procentuje i wi\u0119kszo\u015b\u0107 nawet tak ma\u0142ych dzieci przyswaja bez problemu podstawowe wiadomo\u015bci z zakresu pierwszej pomocy.<\/span><br \/>\n<span style=\"font-family: georgia, palatino, serif; font-size: 16px;\"> \u00a0\u00a0\u00a0\u00a0\u00a0 Starsze grupy wiekowe, m\u0142odzie\u017c, doro\u015bli, seniorzy, wolontariusze, r\u00f3wnie\u017c ch\u0119tnie korzystali z mo\u017cliwo\u015bci nauki tego, co tak istotne. Caritas, Fundacja Ukraina, kluby seniora, Rady Osiedli, Centrum Aktywno\u015bci Sportowej i Spo\u0142ecznej to tylko niekt\u00f3re z instytucji gdzie przeprowadzili\u015bmy szkolenia.<\/span><br \/>\n<span style=\"font-family: georgia, palatino, serif; font-size: 16px;\"> \u00a0\u00a0\u00a0\u00a0 Wiosna to czas festyn\u00f3w i spotka\u0144 na \u015bwie\u017cym powietrzu. Na wielu z nich, ogromn\u0105 popularno\u015bci\u0105 cieszy\u0142 si\u0119 namiot edukacyjny, w kt\u00f3rym wszyscy ch\u0119tni mogli nauczy\u0107 si\u0119, b\u0105d\u017a sobie przypomnie\u0107 m.in. zasady prowadzenia resuscytacji kr\u0105\u017ceniowo \u2013 oddechowej, u\u017cycie defibrylatora (miejsca w kt\u00f3rych si\u0119 znajduje), jak post\u0119pujemy w przypadku omdlenia, ataku epilepsji, udaru, oparzenia, krwotoku, wypadku itp.<\/span><br \/>\n<span style=\"font-family: georgia, palatino, serif; font-size: 16px;\"> \u00a0\u00a0\u00a0\u00a0\u00a0 Nauczycieli i opiekun\u00f3w ze \u017c\u0142obk\u00f3w, przedszkoli i szk\u00f3\u0142 podstawowych ch\u0119tnych, aby przeprowadzi\u0107 w ich plac\u00f3wkach w roku szkolnym 2018\/2019, zaj\u0119cia z cyklu \u201eMiniRatownik\u201d prosimy o kontakt na adres <a href=\"http:\/\/straz@strazmiejska.wroclaw.pl\">straz@strazmiejska.wroclaw.pl<\/a><\/span><br \/>\n<span style=\"font-family: georgia, palatino, serif; font-size: 16px;\"> Lipiec jest miesi\u0105cem przerwy w realizacji zaj\u0119\u0107, wracamy do nauki w sierpniu.<strong> Wszystkim MiniRatownikom, ich rodzinom i wychowawcom, \u017cyczymy bezpiecznych, udanych wakacji.<\/strong><\/span><\/p>\n<p>BD<\/p>\n<div id=\"su_slider_69ef4b65cc063\" class=\"su-slider su-slider-centered su-slider-pages-yes su-slider-responsive-yes\" style=\"width:100%\" data-autoplay=\"3000\" data-speed=\"600\" data-mousewheel=\"true\"><div class=\"su-slider-slides\"><div class=\"su-slider-slide\"><a><img decoding=\"async\" src=\"https:\/\/smwroclaw.pl\/wp-content\/uploads\/2018\/06\/36293783_1957380304312400_4811684073963520000_n-440x300.jpg\" alt=\"36293783_1957380304312400_4811684073963520000_n\" \/><span class=\"su-slider-slide-title\">36293783_1957380304312400_4811684073963520000_n<\/span><\/a><\/div><div class=\"su-slider-slide\"><a><img decoding=\"async\" src=\"https:\/\/smwroclaw.pl\/wp-content\/uploads\/2018\/06\/36223200_1957356457648118_497212399464480768_n-440x300.jpg\" alt=\"36223200_1957356457648118_497212399464480768_n\" \/><span class=\"su-slider-slide-title\">36223200_1957356457648118_497212399464480768_n<\/span><\/a><\/div><div class=\"su-slider-slide\"><a><img decoding=\"async\" src=\"https:\/\/smwroclaw.pl\/wp-content\/uploads\/2018\/06\/35151561_1937203896330041_3267432130329706496_n-440x300.jpg\" alt=\"35151561_1937203896330041_3267432130329706496_n\" \/><span class=\"su-slider-slide-title\">35151561_1937203896330041_3267432130329706496_n<\/span><\/a><\/div><div class=\"su-slider-slide\"><a><img decoding=\"async\" src=\"https:\/\/smwroclaw.pl\/wp-content\/uploads\/2018\/06\/IMG_8699-440x300.jpg\" alt=\"IMG_8699\" \/><span class=\"su-slider-slide-title\">IMG_8699<\/span><\/a><\/div><div class=\"su-slider-slide\"><a><img decoding=\"async\" src=\"https:\/\/smwroclaw.pl\/wp-content\/uploads\/2018\/06\/33688182_1919974288053002_5684229486422261760_n-440x300.jpg\" alt=\"33688182_1919974288053002_5684229486422261760_n\" \/><span class=\"su-slider-slide-title\">33688182_1919974288053002_5684229486422261760_n<\/span><\/a><\/div><div class=\"su-slider-slide\"><a><img decoding=\"async\" src=\"https:\/\/smwroclaw.pl\/wp-content\/uploads\/2018\/06\/woda-12-440x300.jpg\" alt=\"woda (12)\" \/><span class=\"su-slider-slide-title\">woda (12)<\/span><\/a><\/div><div class=\"su-slider-slide\"><a><img decoding=\"async\" src=\"https:\/\/smwroclaw.pl\/wp-content\/uploads\/2018\/05\/33687268_1918987474818350_7673666799015034880_n-440x300.jpg\" alt=\"33687268_1918987474818350_7673666799015034880_n\" \/><span class=\"su-slider-slide-title\">33687268_1918987474818350_7673666799015034880_n<\/span><\/a><\/div><div class=\"su-slider-slide\"><a><img decoding=\"async\" src=\"https:\/\/smwroclaw.pl\/wp-content\/uploads\/2018\/05\/IMG_5761-440x300.jpg\" alt=\"IMG_5761\" \/><span class=\"su-slider-slide-title\">IMG_5761<\/span><\/a><\/div><div class=\"su-slider-slide\"><a><img decoding=\"async\" src=\"https:\/\/smwroclaw.pl\/wp-content\/uploads\/2018\/05\/33106772_1913443452039419_8604473545923231744_n-001-440x300.jpg\" alt=\"33106772_1913443452039419_8604473545923231744_n-001\" \/><span class=\"su-slider-slide-title\">33106772_1913443452039419_8604473545923231744_n-001<\/span><\/a><\/div><div class=\"su-slider-slide\"><a><img decoding=\"async\" src=\"https:\/\/smwroclaw.pl\/wp-content\/uploads\/2018\/04\/Nowy-Dw\u00f3r2-440x300.jpg\" alt=\"Nowy Dw\u00f3r2\" \/><span class=\"su-slider-slide-title\">Nowy Dw\u00f3r2<\/span><\/a><\/div><div class=\"su-slider-slide\"><a><img decoding=\"async\" src=\"https:\/\/smwroclaw.pl\/wp-content\/uploads\/2018\/05\/33807360_1918987061485058_3991552754463014912_n-440x300.jpg\" alt=\"33807360_1918987061485058_3991552754463014912_n\" \/><span class=\"su-slider-slide-title\">33807360_1918987061485058_3991552754463014912_n<\/span><\/a><\/div><\/div><div class=\"su-slider-nav\"><div class=\"su-slider-direction\"><span class=\"su-slider-prev\"><\/span><span class=\"su-slider-next\"><\/span><\/div><div class=\"su-slider-pagination\"><\/div><\/div><\/div>\n","protected":false},"excerpt":{"rendered":"<p>W Przedszkolu \u201eMa\u0142y Kolejarz\u201d przy ul. Dyrekcyjnej przeprowadzone by\u0142y, ostatnie w tym roku szkolnym zaj\u0119cia z cyklu \u201eMiniRatownik\u201d. Przez ca\u0142y ten czas nasza funkcjonariuszka insp. Beata Dopiera\u0142a, absolwentka Wy\u017cszej Szko\u0142y Medycznej w Legnicy, prowadzi\u0142a warsztaty edukacyjne na temat pierwszej pomocy.<\/p>\n","protected":false},"author":7,"featured_media":1270,"comment_status":"closed","ping_status":"closed","sticky":false,"template":"","format":"standard","meta":{"footnotes":""},"categories":[16,50],"tags":[],"class_list":["post-2539","post","type-post","status-publish","format-standard","has-post-thumbnail","hentry","category-aktual","category-rat"],"_links":{"self":[{"href":"https:\/\/smwroclaw.pl\/index.php?rest_route=\/wp\/v2\/posts\/2539","targetHints":{"allow":["GET"]}}],"collection":[{"href":"https:\/\/smwroclaw.pl\/index.php?rest_route=\/wp\/v2\/posts"}],"about":[{"href":"https:\/\/smwroclaw.pl\/index.php?rest_route=\/wp\/v2\/types\/post"}],"author":[{"embeddable":true,"href":"https:\/\/smwroclaw.pl\/index.php?rest_route=\/wp\/v2\/users\/7"}],"replies":[{"embeddable":true,"href":"https:\/\/smwroclaw.pl\/index.php?rest_route=%2Fwp%2Fv2%2Fcomments&post=2539"}],"version-history":[{"count":9,"href":"https:\/\/smwroclaw.pl\/index.php?rest_route=\/wp\/v2\/posts\/2539\/revisions"}],"predecessor-version":[{"id":2591,"href":"https:\/\/smwroclaw.pl\/index.php?rest_route=\/wp\/v2\/posts\/2539\/revisions\/2591"}],"wp:featuredmedia":[{"embeddable":true,"href":"https:\/\/smwroclaw.pl\/index.php?rest_route=\/wp\/v2\/media\/1270"}],"wp:attachment":[{"href":"https:\/\/smwroclaw.pl\/index.php?rest_route=%2Fwp%2Fv2%2Fmedia&parent=2539"}],"wp:term":[{"taxonomy":"category","embeddable":true,"href":"https:\/\/smwroclaw.pl\/index.php?rest_route=%2Fwp%2Fv2%2Fcategories&post=2539"},{"taxonomy":"post_tag","embeddable":true,"href":"https:\/\/smwroclaw.pl\/index.php?rest_route=%2Fwp%2Fv2%2Ftags&post=2539"}],"curies":[{"name":"wp","href":"https:\/\/api.w.org\/{rel}","templated":true}]}}