{"id":2550,"date":"2018-06-26T23:17:29","date_gmt":"2018-06-26T21:17:29","guid":{"rendered":"http:\/\/smwroclaw.pl\/?p=2550"},"modified":"2018-06-26T23:29:48","modified_gmt":"2018-06-26T21:29:48","slug":"integracja-na-kleczkowie","status":"publish","type":"post","link":"https:\/\/smwroclaw.pl\/?p=2550","title":{"rendered":"INTEGRACJA NA KLECZKOWIE"},"content":{"rendered":"<p style=\"text-align: justify;\"><span style=\"font-family: georgia, palatino, serif; font-size: 16px;\">Maj i czerwiec to miesi\u0105ce, kt\u00f3re obfitowa\u0142y w r\u00f3\u017cnego rodzaju spotkania na wroc\u0142awskim <strong>Kleczkowie<\/strong>. <strong>25 maja<\/strong> mieszka\u0144cy bawili si\u0119 na podw\u00f3rzu mi\u0119dzy ulicami Kleczkowska, Trzebnicka, D\u0119bickiego, Zegad\u0142owicza w czasie akcji<strong> \u201eS\u0105siadujemy\u201d<\/strong>. Zacie\u015bniano tu wi\u0119zi s\u0105siedzkie, a symboliczna w\u0142\u00f3czka ci\u0105gn\u0119\u0142a si\u0119 od mieszkania do mieszkania, z okna do okna, pokazuj\u0105c ilu ludzi si\u0119 ze sob\u0105 przyja\u017ani. Tablice z bonami na s\u0105siedzk\u0105 przys\u0142ug\u0119 ros\u0142y w kolejne og\u0142oszenia.<!--more--> Dowiedzieli\u015bmy si\u0119 kto jest \u201ez\u0142ot\u0105 r\u0105czk\u0105\u201d, kto asem przedmiot\u00f3w \u015bcis\u0142ych, kto pomo\u017ce wyprowadzi\u0107 pieska, albo podzieli si\u0119 kwiatkami.<\/span><\/p>\n<p style=\"text-align: justify;\"><img fetchpriority=\"high\" decoding=\"async\" class=\"alignnone size-medium wp-image-2555\" src=\"https:\/\/smwroclaw.pl\/wp-content\/uploads\/2018\/06\/25.05-300x225.jpg\" alt=\"\" width=\"300\" height=\"225\" srcset=\"https:\/\/smwroclaw.pl\/wp-content\/uploads\/2018\/06\/25.05-300x225.jpg 300w, https:\/\/smwroclaw.pl\/wp-content\/uploads\/2018\/06\/25.05-768x576.jpg 768w, https:\/\/smwroclaw.pl\/wp-content\/uploads\/2018\/06\/25.05.jpg 960w\" sizes=\"(max-width: 300px) 100vw, 300px\" \/><img decoding=\"async\" class=\"alignnone size-medium wp-image-2553\" src=\"https:\/\/smwroclaw.pl\/wp-content\/uploads\/2018\/06\/25.05-3-300x225.jpg\" alt=\"\" width=\"300\" height=\"225\" srcset=\"https:\/\/smwroclaw.pl\/wp-content\/uploads\/2018\/06\/25.05-3-300x225.jpg 300w, https:\/\/smwroclaw.pl\/wp-content\/uploads\/2018\/06\/25.05-3-768x576.jpg 768w, https:\/\/smwroclaw.pl\/wp-content\/uploads\/2018\/06\/25.05-3.jpg 960w\" sizes=\"(max-width: 300px) 100vw, 300px\" \/><br \/>\n<span style=\"font-family: georgia, palatino, serif; font-size: 16px;\"> R\u00f3wnolegle odbywa\u0142 si\u0119 festyn z okazji <strong>Dnia Dziecka<\/strong> na terenie <strong>Szko\u0142y Podstawowej 74<\/strong>, przy ul Kleczkowskiej zorganizowany przez <strong>Rad\u0119 Osiedla Kleczk\u00f3w<\/strong> oraz stowarzyszenie<strong> &#8222;Curatus&#8221;.\u00a0<\/strong>Impreza bogata w zawody sportowe, potyczki umys\u0142owe, karaoke. Mo\u017cna by\u0142o oznakowa\u0107 rower, obejrze\u0107 w\u00f3z stra\u017cacki, a nawet stworzy\u0107 patchworkow\u0105 rodzin\u0119 ze swoim stra\u017cnikiem, z czego skorzysta\u0142a Zuzia, uczennica klasy III. Razem z nasz\u0105 funkcjonariuszk\u0105 zdoby\u0142y II miejsce w potyczkach rodzinnych, przegrywaj\u0105c tylko jednym punktem.<\/span><\/p>\n<p style=\"text-align: justify;\"><img decoding=\"async\" class=\"alignnone size-medium wp-image-2562\" src=\"https:\/\/smwroclaw.pl\/wp-content\/uploads\/2018\/06\/25.05sp-8-300x169.jpg\" alt=\"\" width=\"300\" height=\"169\" srcset=\"https:\/\/smwroclaw.pl\/wp-content\/uploads\/2018\/06\/25.05sp-8-300x169.jpg 300w, https:\/\/smwroclaw.pl\/wp-content\/uploads\/2018\/06\/25.05sp-8-768x432.jpg 768w, https:\/\/smwroclaw.pl\/wp-content\/uploads\/2018\/06\/25.05sp-8.jpg 1599w\" sizes=\"(max-width: 300px) 100vw, 300px\" \/><img loading=\"lazy\" decoding=\"async\" class=\"alignnone size-medium wp-image-2561\" src=\"https:\/\/smwroclaw.pl\/wp-content\/uploads\/2018\/06\/25.05sp-7-300x169.jpg\" alt=\"\" width=\"300\" height=\"169\" srcset=\"https:\/\/smwroclaw.pl\/wp-content\/uploads\/2018\/06\/25.05sp-7-300x169.jpg 300w, https:\/\/smwroclaw.pl\/wp-content\/uploads\/2018\/06\/25.05sp-7-768x432.jpg 768w, https:\/\/smwroclaw.pl\/wp-content\/uploads\/2018\/06\/25.05sp-7.jpg 1599w\" sizes=\"(max-width: 300px) 100vw, 300px\" \/><img loading=\"lazy\" decoding=\"async\" class=\"alignnone size-medium wp-image-2558\" src=\"https:\/\/smwroclaw.pl\/wp-content\/uploads\/2018\/06\/25.05sp-4-300x169.jpg\" alt=\"\" width=\"300\" height=\"169\" srcset=\"https:\/\/smwroclaw.pl\/wp-content\/uploads\/2018\/06\/25.05sp-4-300x169.jpg 300w, https:\/\/smwroclaw.pl\/wp-content\/uploads\/2018\/06\/25.05sp-4-768x432.jpg 768w, https:\/\/smwroclaw.pl\/wp-content\/uploads\/2018\/06\/25.05sp-4.jpg 1599w\" sizes=\"(max-width: 300px) 100vw, 300px\" \/><img loading=\"lazy\" decoding=\"async\" class=\"alignnone size-medium wp-image-2556\" src=\"https:\/\/smwroclaw.pl\/wp-content\/uploads\/2018\/06\/25.05sp-2-168x300.jpg\" alt=\"\" width=\"168\" height=\"300\" srcset=\"https:\/\/smwroclaw.pl\/wp-content\/uploads\/2018\/06\/25.05sp-2-168x300.jpg 168w, https:\/\/smwroclaw.pl\/wp-content\/uploads\/2018\/06\/25.05sp-2.jpg 539w\" sizes=\"(max-width: 168px) 100vw, 168px\" \/><img loading=\"lazy\" decoding=\"async\" class=\"alignnone size-medium wp-image-2563\" src=\"https:\/\/smwroclaw.pl\/wp-content\/uploads\/2018\/06\/25.05sp-300x169.jpg\" alt=\"\" width=\"300\" height=\"169\" srcset=\"https:\/\/smwroclaw.pl\/wp-content\/uploads\/2018\/06\/25.05sp-300x169.jpg 300w, https:\/\/smwroclaw.pl\/wp-content\/uploads\/2018\/06\/25.05sp-768x432.jpg 768w, https:\/\/smwroclaw.pl\/wp-content\/uploads\/2018\/06\/25.05sp.jpg 1599w\" sizes=\"(max-width: 300px) 100vw, 300px\" \/><img loading=\"lazy\" decoding=\"async\" class=\"alignnone size-medium wp-image-2554\" src=\"https:\/\/smwroclaw.pl\/wp-content\/uploads\/2018\/06\/25.05-sp-300x169.jpg\" alt=\"\" width=\"300\" height=\"169\" srcset=\"https:\/\/smwroclaw.pl\/wp-content\/uploads\/2018\/06\/25.05-sp-300x169.jpg 300w, https:\/\/smwroclaw.pl\/wp-content\/uploads\/2018\/06\/25.05-sp-768x432.jpg 768w, https:\/\/smwroclaw.pl\/wp-content\/uploads\/2018\/06\/25.05-sp.jpg 1599w\" sizes=\"(max-width: 300px) 100vw, 300px\" \/><br \/>\n<span style=\"font-family: georgia, palatino, serif; font-size: 16px;\"><strong> 30 maja<\/strong> go\u015bcili\u015bmy wszystkich uczni\u00f3w<strong> Szko\u0142y Podstawowej nr 74 z ul. Kleczkowskiej<\/strong>, wraz z ich wychowawcami na wroc\u0142awskich <strong>Partynicach<\/strong>. Dzieci zapozna\u0142y si\u0119 z prac\u0105 <strong>Referatu Patroli Konnych<\/strong>, mog\u0142y skorzysta\u0107 z przeja\u017cd\u017cki na koniu. Rozegrane zosta\u0142y zawody zr\u0119czno\u015bciowe, m.in. wy\u015bcigi dru\u017cynowe na nartach, rzuty do celu podkow\u0105, przeci\u0105ganie liny, czy skoki w workach. <strong>Stra\u017cnik Osiedla Kleczk\u00f3w insp. Beata Dopiera\u0142a<\/strong>, by\u0142y je\u017adziec wy\u015bcigowy, opowiedzia\u0142a <strong>100 letni\u0105 histori\u0119 Toru Wy\u015bcig\u00f3w Konnych Partynice<\/strong>, zdradzi\u0142a kilka szczeg\u00f3\u0142\u00f3w z \u017cycia wy\u015bcigowego oraz oprowadzi\u0142a po naszym pi\u0119knym obiekcie. Zm\u0119czeni zako\u0144czyli\u015bmy spotkanie ogniskiem i jedzeniem w\u0142asnor\u0119cznie upieczonych kie\u0142basek.<\/span><\/p>\n<p style=\"text-align: justify;\"><img loading=\"lazy\" decoding=\"async\" class=\"alignnone size-medium wp-image-2576\" src=\"https:\/\/smwroclaw.pl\/wp-content\/uploads\/2018\/06\/30.05-12-300x289.jpg\" alt=\"\" width=\"300\" height=\"289\" srcset=\"https:\/\/smwroclaw.pl\/wp-content\/uploads\/2018\/06\/30.05-12-300x289.jpg 300w, https:\/\/smwroclaw.pl\/wp-content\/uploads\/2018\/06\/30.05-12-768x739.jpg 768w, https:\/\/smwroclaw.pl\/wp-content\/uploads\/2018\/06\/30.05-12.jpg 960w\" sizes=\"(max-width: 300px) 100vw, 300px\" \/><img loading=\"lazy\" decoding=\"async\" class=\"alignnone size-medium wp-image-2577\" src=\"https:\/\/smwroclaw.pl\/wp-content\/uploads\/2018\/06\/30.05-13-225x300.jpg\" alt=\"\" width=\"225\" height=\"300\" srcset=\"https:\/\/smwroclaw.pl\/wp-content\/uploads\/2018\/06\/30.05-13-225x300.jpg 225w, https:\/\/smwroclaw.pl\/wp-content\/uploads\/2018\/06\/30.05-13.jpg 720w\" sizes=\"(max-width: 225px) 100vw, 225px\" \/><img loading=\"lazy\" decoding=\"async\" class=\"alignnone size-medium wp-image-2571\" src=\"https:\/\/smwroclaw.pl\/wp-content\/uploads\/2018\/06\/30.05-7-300x169.jpg\" alt=\"\" width=\"300\" height=\"169\" srcset=\"https:\/\/smwroclaw.pl\/wp-content\/uploads\/2018\/06\/30.05-7-300x169.jpg 300w, https:\/\/smwroclaw.pl\/wp-content\/uploads\/2018\/06\/30.05-7-768x432.jpg 768w, https:\/\/smwroclaw.pl\/wp-content\/uploads\/2018\/06\/30.05-7.jpg 1600w\" sizes=\"(max-width: 300px) 100vw, 300px\" \/><img loading=\"lazy\" decoding=\"async\" class=\"alignnone size-medium wp-image-2568\" src=\"https:\/\/smwroclaw.pl\/wp-content\/uploads\/2018\/06\/30.05-4-300x169.jpg\" alt=\"\" width=\"300\" height=\"169\" srcset=\"https:\/\/smwroclaw.pl\/wp-content\/uploads\/2018\/06\/30.05-4-300x169.jpg 300w, https:\/\/smwroclaw.pl\/wp-content\/uploads\/2018\/06\/30.05-4-768x432.jpg 768w, https:\/\/smwroclaw.pl\/wp-content\/uploads\/2018\/06\/30.05-4.jpg 1600w\" sizes=\"(max-width: 300px) 100vw, 300px\" \/><img loading=\"lazy\" decoding=\"async\" class=\"alignnone size-medium wp-image-2566\" src=\"https:\/\/smwroclaw.pl\/wp-content\/uploads\/2018\/06\/30.05-2-300x169.jpg\" alt=\"\" width=\"300\" height=\"169\" srcset=\"https:\/\/smwroclaw.pl\/wp-content\/uploads\/2018\/06\/30.05-2-300x169.jpg 300w, https:\/\/smwroclaw.pl\/wp-content\/uploads\/2018\/06\/30.05-2-768x432.jpg 768w, https:\/\/smwroclaw.pl\/wp-content\/uploads\/2018\/06\/30.05-2.jpg 1600w\" sizes=\"(max-width: 300px) 100vw, 300px\" \/><img loading=\"lazy\" decoding=\"async\" class=\"alignnone size-medium wp-image-2574\" src=\"https:\/\/smwroclaw.pl\/wp-content\/uploads\/2018\/06\/30.05-10-300x225.jpg\" alt=\"\" width=\"300\" height=\"225\" srcset=\"https:\/\/smwroclaw.pl\/wp-content\/uploads\/2018\/06\/30.05-10-300x225.jpg 300w, https:\/\/smwroclaw.pl\/wp-content\/uploads\/2018\/06\/30.05-10-768x576.jpg 768w, https:\/\/smwroclaw.pl\/wp-content\/uploads\/2018\/06\/30.05-10.jpg 960w\" sizes=\"(max-width: 300px) 100vw, 300px\" \/><img loading=\"lazy\" decoding=\"async\" class=\"alignnone size-medium wp-image-2575\" src=\"https:\/\/smwroclaw.pl\/wp-content\/uploads\/2018\/06\/30.05-11-300x225.jpg\" alt=\"\" width=\"300\" height=\"225\" srcset=\"https:\/\/smwroclaw.pl\/wp-content\/uploads\/2018\/06\/30.05-11-300x225.jpg 300w, https:\/\/smwroclaw.pl\/wp-content\/uploads\/2018\/06\/30.05-11-768x576.jpg 768w, https:\/\/smwroclaw.pl\/wp-content\/uploads\/2018\/06\/30.05-11.jpg 960w\" sizes=\"(max-width: 300px) 100vw, 300px\" \/><img loading=\"lazy\" decoding=\"async\" class=\"alignnone size-medium wp-image-2569\" src=\"https:\/\/smwroclaw.pl\/wp-content\/uploads\/2018\/06\/30.05-5-225x300.jpg\" alt=\"\" width=\"225\" height=\"300\" srcset=\"https:\/\/smwroclaw.pl\/wp-content\/uploads\/2018\/06\/30.05-5-225x300.jpg 225w, https:\/\/smwroclaw.pl\/wp-content\/uploads\/2018\/06\/30.05-5.jpg 720w\" sizes=\"(max-width: 225px) 100vw, 225px\" \/><img loading=\"lazy\" decoding=\"async\" class=\"alignnone size-medium wp-image-2581\" src=\"https:\/\/smwroclaw.pl\/wp-content\/uploads\/2018\/06\/30.05-17-300x225.jpg\" alt=\"\" width=\"300\" height=\"225\" srcset=\"https:\/\/smwroclaw.pl\/wp-content\/uploads\/2018\/06\/30.05-17-300x225.jpg 300w, https:\/\/smwroclaw.pl\/wp-content\/uploads\/2018\/06\/30.05-17-768x576.jpg 768w, https:\/\/smwroclaw.pl\/wp-content\/uploads\/2018\/06\/30.05-17.jpg 960w\" sizes=\"(max-width: 300px) 100vw, 300px\" \/><img loading=\"lazy\" decoding=\"async\" class=\"alignnone size-medium wp-image-2572\" src=\"https:\/\/smwroclaw.pl\/wp-content\/uploads\/2018\/06\/30.05-8-300x169.jpg\" alt=\"\" width=\"300\" height=\"169\" srcset=\"https:\/\/smwroclaw.pl\/wp-content\/uploads\/2018\/06\/30.05-8-300x169.jpg 300w, https:\/\/smwroclaw.pl\/wp-content\/uploads\/2018\/06\/30.05-8-768x432.jpg 768w, https:\/\/smwroclaw.pl\/wp-content\/uploads\/2018\/06\/30.05-8.jpg 1600w\" sizes=\"(max-width: 300px) 100vw, 300px\" \/><img loading=\"lazy\" decoding=\"async\" class=\"alignnone size-medium wp-image-2578\" src=\"https:\/\/smwroclaw.pl\/wp-content\/uploads\/2018\/06\/30.05-14-225x300.jpg\" alt=\"\" width=\"225\" height=\"300\" srcset=\"https:\/\/smwroclaw.pl\/wp-content\/uploads\/2018\/06\/30.05-14-225x300.jpg 225w, https:\/\/smwroclaw.pl\/wp-content\/uploads\/2018\/06\/30.05-14.jpg 720w\" sizes=\"(max-width: 225px) 100vw, 225px\" \/><img loading=\"lazy\" decoding=\"async\" class=\"alignnone size-medium wp-image-2582\" src=\"https:\/\/smwroclaw.pl\/wp-content\/uploads\/2018\/06\/30.05-225x300.jpg\" alt=\"\" width=\"225\" height=\"300\" srcset=\"https:\/\/smwroclaw.pl\/wp-content\/uploads\/2018\/06\/30.05-225x300.jpg 225w, https:\/\/smwroclaw.pl\/wp-content\/uploads\/2018\/06\/30.05.jpg 720w\" sizes=\"(max-width: 225px) 100vw, 225px\" \/><img loading=\"lazy\" decoding=\"async\" class=\"alignnone size-medium wp-image-2573\" src=\"https:\/\/smwroclaw.pl\/wp-content\/uploads\/2018\/06\/30.05-9-300x225.jpg\" alt=\"\" width=\"300\" height=\"225\" srcset=\"https:\/\/smwroclaw.pl\/wp-content\/uploads\/2018\/06\/30.05-9-300x225.jpg 300w, https:\/\/smwroclaw.pl\/wp-content\/uploads\/2018\/06\/30.05-9-768x576.jpg 768w, https:\/\/smwroclaw.pl\/wp-content\/uploads\/2018\/06\/30.05-9.jpg 960w\" sizes=\"(max-width: 300px) 100vw, 300px\" \/><br \/>\n<span style=\"font-family: georgia, palatino, serif; font-size: 16px;\"><strong> 18 maja<\/strong> w \u015bwietlicy <strong>\u201eCuratus\u201d<\/strong> przy ul. Kleczkowskiej odby\u0142o si\u0119 spotkanie zorganizowane przez <strong>Rad\u0119 Osiedla Kleczk\u00f3w, Stra\u017cnika Osiedla<\/strong> oraz <strong>Policj\u0119<\/strong> &#8211; <strong>\u201eBezpieczny Senior\u201d<\/strong>, wzi\u0119\u0142o w nim udzia\u0142 25 os\u00f3b. Uczestnicy skorzystali z informacji czego musz\u0105 si\u0119 wystrzega\u0107 i na co uwa\u017ca\u0107. Opowiedziano o popularnych metodach wykorzystywania os\u00f3b starszych: \u201ena wnuczka\u201d, \u201ena policjanta\u201d. Najwi\u0119ksz\u0105 cz\u0119\u015b\u0107 spotkania zaj\u0119\u0142a nauka pierwszej pomocy. Dla niekt\u00f3rych os\u00f3b by\u0142 to pierwszy kontakt z fantomem, defibrylatorem i informacjami o resuscytacji kr\u0105\u017ceniowo \u2013 oddechowej.<\/span><\/p>\n<p style=\"text-align: justify;\"><img loading=\"lazy\" decoding=\"async\" class=\"alignnone size-medium wp-image-2583\" src=\"https:\/\/smwroclaw.pl\/wp-content\/uploads\/2018\/06\/36227128_1957376804312750_2742145956307795968_n-225x300.jpg\" alt=\"\" width=\"225\" height=\"300\" srcset=\"https:\/\/smwroclaw.pl\/wp-content\/uploads\/2018\/06\/36227128_1957376804312750_2742145956307795968_n-225x300.jpg 225w, https:\/\/smwroclaw.pl\/wp-content\/uploads\/2018\/06\/36227128_1957376804312750_2742145956307795968_n.jpg 720w\" sizes=\"(max-width: 225px) 100vw, 225px\" \/><img loading=\"lazy\" decoding=\"async\" class=\"alignnone size-medium wp-image-2584\" src=\"https:\/\/smwroclaw.pl\/wp-content\/uploads\/2018\/06\/36233227_1957377337646030_8108281364400308224_n-300x225.jpg\" alt=\"\" width=\"300\" height=\"225\" srcset=\"https:\/\/smwroclaw.pl\/wp-content\/uploads\/2018\/06\/36233227_1957377337646030_8108281364400308224_n-300x225.jpg 300w, https:\/\/smwroclaw.pl\/wp-content\/uploads\/2018\/06\/36233227_1957377337646030_8108281364400308224_n-768x576.jpg 768w, https:\/\/smwroclaw.pl\/wp-content\/uploads\/2018\/06\/36233227_1957377337646030_8108281364400308224_n.jpg 960w\" sizes=\"(max-width: 300px) 100vw, 300px\" \/><br \/>\n<span style=\"font-family: georgia, palatino, serif; font-size: 16px;\"><strong> 23 maja<\/strong> kolejny raz integracja w ramach akcji <strong>\u201eS\u0105siadujemy\u201d<\/strong>. W ramach obchod\u00f3w <strong>Nocy \u015awi\u0119toja\u0144skiej<\/strong> na <strong>Kleczkowie<\/strong> spotykali\u015bmy si\u0119 na czterech podw\u00f3rkach. Na ka\u017cdym z nich przygotowano warsztaty tworzenia instrument\u00f3w muzycznych, z kt\u00f3rymi przemaszerowano w weso\u0142ym pochodzie po osiedlu zmierzaj\u0105c w kierunku pla\u017cy, na kt\u00f3rej czeka\u0142a zabawa z DJem, ognisko oraz puszczanie wiank\u00f3w na Odrze.<\/span><\/p>\n<p style=\"text-align: justify;\"><img loading=\"lazy\" decoding=\"async\" class=\"alignnone size-medium wp-image-2564\" src=\"https:\/\/smwroclaw.pl\/wp-content\/uploads\/2018\/06\/26.06-2-300x225.jpg\" alt=\"\" width=\"300\" height=\"225\" srcset=\"https:\/\/smwroclaw.pl\/wp-content\/uploads\/2018\/06\/26.06-2-300x225.jpg 300w, https:\/\/smwroclaw.pl\/wp-content\/uploads\/2018\/06\/26.06-2-768x576.jpg 768w, https:\/\/smwroclaw.pl\/wp-content\/uploads\/2018\/06\/26.06-2.jpg 960w\" sizes=\"(max-width: 300px) 100vw, 300px\" \/><img loading=\"lazy\" decoding=\"async\" class=\"alignnone size-medium wp-image-2551\" src=\"https:\/\/smwroclaw.pl\/wp-content\/uploads\/2018\/06\/23.06-300x225.jpg\" alt=\"\" width=\"300\" height=\"225\" srcset=\"https:\/\/smwroclaw.pl\/wp-content\/uploads\/2018\/06\/23.06-300x225.jpg 300w, https:\/\/smwroclaw.pl\/wp-content\/uploads\/2018\/06\/23.06-768x576.jpg 768w, https:\/\/smwroclaw.pl\/wp-content\/uploads\/2018\/06\/23.06.jpg 960w\" sizes=\"(max-width: 300px) 100vw, 300px\" \/><br \/>\n<span style=\"font-family: georgia, palatino, serif; font-size: 16px;\"> W ramach integracji planowane s\u0105 jeszcze seanse pod chmurk\u0105:<\/span><br \/>\n<span style=\"font-family: georgia, palatino, serif; font-size: 16px;\"><strong> 20 lipca od 21:30<\/strong> na podw\u00f3rku Kleczkowska\/Siemie\u0144skiego\/Kraszewskiego\/Trzebnicka s\u0105siedzkie kino podw\u00f3rkowe<\/span><br \/>\n<span style=\"font-family: georgia, palatino, serif; font-size: 16px;\"><strong> 24 sierpnia 21:00<\/strong> na podw\u00f3rku na osiedlu Promenady Wroc\u0142awskie, (z boiskiem do Kosza) s\u0105siedzkie kino podw\u00f3rkowe<\/span><br \/>\n<span style=\"font-family: georgia, palatino, serif; font-size: 16px;\"><strong> 14 wrze\u015bnia 19:30<\/strong> na podw\u00f3rku przy Szkole Podstawowej nr 74 s\u0105siedzkie kino podw\u00f3rkowe. <\/span><\/p>\n<p>BD<\/p>\n","protected":false},"excerpt":{"rendered":"<p>Maj i czerwiec to miesi\u0105ce, kt\u00f3re obfitowa\u0142y w r\u00f3\u017cnego rodzaju spotkania na wroc\u0142awskim Kleczkowie. 25 maja mieszka\u0144cy bawili si\u0119 na podw\u00f3rzu mi\u0119dzy ulicami Kleczkowska, Trzebnicka, D\u0119bickiego, Zegad\u0142owicza w czasie akcji \u201eS\u0105siadujemy\u201d. Zacie\u015bniano tu wi\u0119zi s\u0105siedzkie, a symboliczna w\u0142\u00f3czka ci\u0105gn\u0119\u0142a si\u0119 od mieszkania do mieszkania, z okna do okna, pokazuj\u0105c ilu ludzi si\u0119 ze sob\u0105 przyja\u017ani. [&hellip;]<\/p>\n","protected":false},"author":7,"featured_media":2562,"comment_status":"closed","ping_status":"closed","sticky":false,"template":"","format":"standard","meta":{"footnotes":""},"categories":[16],"tags":[],"class_list":["post-2550","post","type-post","status-publish","format-standard","has-post-thumbnail","hentry","category-aktual"],"_links":{"self":[{"href":"https:\/\/smwroclaw.pl\/index.php?rest_route=\/wp\/v2\/posts\/2550","targetHints":{"allow":["GET"]}}],"collection":[{"href":"https:\/\/smwroclaw.pl\/index.php?rest_route=\/wp\/v2\/posts"}],"about":[{"href":"https:\/\/smwroclaw.pl\/index.php?rest_route=\/wp\/v2\/types\/post"}],"author":[{"embeddable":true,"href":"https:\/\/smwroclaw.pl\/index.php?rest_route=\/wp\/v2\/users\/7"}],"replies":[{"embeddable":true,"href":"https:\/\/smwroclaw.pl\/index.php?rest_route=%2Fwp%2Fv2%2Fcomments&post=2550"}],"version-history":[{"count":5,"href":"https:\/\/smwroclaw.pl\/index.php?rest_route=\/wp\/v2\/posts\/2550\/revisions"}],"predecessor-version":[{"id":2590,"href":"https:\/\/smwroclaw.pl\/index.php?rest_route=\/wp\/v2\/posts\/2550\/revisions\/2590"}],"wp:featuredmedia":[{"embeddable":true,"href":"https:\/\/smwroclaw.pl\/index.php?rest_route=\/wp\/v2\/media\/2562"}],"wp:attachment":[{"href":"https:\/\/smwroclaw.pl\/index.php?rest_route=%2Fwp%2Fv2%2Fmedia&parent=2550"}],"wp:term":[{"taxonomy":"category","embeddable":true,"href":"https:\/\/smwroclaw.pl\/index.php?rest_route=%2Fwp%2Fv2%2Fcategories&post=2550"},{"taxonomy":"post_tag","embeddable":true,"href":"https:\/\/smwroclaw.pl\/index.php?rest_route=%2Fwp%2Fv2%2Ftags&post=2550"}],"curies":[{"name":"wp","href":"https:\/\/api.w.org\/{rel}","templated":true}]}}