{"id":25743,"date":"2022-10-15T19:21:02","date_gmt":"2022-10-15T17:21:02","guid":{"rendered":"http:\/\/smwroclaw.pl\/?p=25743"},"modified":"2022-10-15T19:21:22","modified_gmt":"2022-10-15T17:21:22","slug":"15-pazdziernika-swiatowy-dzien-walki-z-rakiem-piersi","status":"publish","type":"post","link":"https:\/\/smwroclaw.pl\/?p=25743","title":{"rendered":"15 PA\u0179DZIERNIKA \u2013 \u015aWIATOWY DZIE\u0143 WALKI Z RAKIEM PIERSI"},"content":{"rendered":"<p style=\"text-align: justify;\"><span style=\"font-size: 16px; font-family: georgia, palatino, serif;\">O tym, jak wa\u017cna jest <strong>profilaktyka i regularne<\/strong> wykonywanie bada\u0144 m\u00f3wi si\u0119 ca\u0142y czas. Jednak\u017ce ci\u0105g\u0142y po\u015bpiech a czasem nawet strach podsuwa my\u015bli: zadbam o siebie jutro, teraz nie mam do tego g\u0142owy\u2026 Niekiedy trudno jest mierzy\u0107 si\u0119 z emocjami i my\u015bl\u0105, \u017ce co\u015b mog\u0142oby by\u0107 nie tak. Jednak\u017ce<strong> nie warto odk\u0142ada\u0107 \u017cycia na potem<\/strong>, bo mo\u017ce si\u0119 okaza\u0107, \u017ce b\u0119dzie ju\u017c za p\u00f3\u017ano. Ka\u017cda z Was jest wa\u017cna, Ty r\u00f3wnie\u017c! <strong>Badajcie si\u0119!<\/strong> \u00a0Jeste\u015bmy z Wami Kochane Kobietki, rozumiemy i wspieramy ca\u0142ym serduchem!<\/span><\/p>\n<p><span style=\"font-size: 16px; font-family: georgia, palatino, serif;\"><!--more--><\/span><\/p>\n<p><span style=\"font-size: 16px; font-family: georgia, palatino, serif;\"><strong>W linku poni\u017cej znajdziecie wykaz wroc\u0142awskich Punkt\u00f3w Edukacji Zdrowotnej:<\/strong><\/span><\/p>\n<p><span style=\"font-size: 16px; font-family: georgia, palatino, serif;\"><a href=\"-%20https:\/\/www.wroclaw.pl\/dla-mieszkanca\/rozowy-pazdziernik\">&#8211; https:\/\/www.wroclaw.pl\/dla-mieszkanca\/rozowy-pazdziernik<\/a><\/span><\/p>\n<p><span style=\"font-size: 16px; font-family: georgia, palatino, serif;\"><a href=\"-%20https:\/\/www.wroclaw.pl\/portal\/profilaktyka-raka-piersi?fbclid=IwAR1sXPYg7nCvQyNp_gIoJhVWaDDSyz3vmguUrbZ-9-iGRIXVNN_2fD4L2-0\">&#8211; https:\/\/www.wroclaw.pl\/portal\/profilaktyka-raka-piersi?fbclid=IwAR1sXPYg7nCvQyNp_gIoJhVWaDDSyz3vmguUrbZ-9-iGRIXVNN_2fD4L2-0<\/a><\/span><\/p>\n<p>&nbsp;<\/p>\n<p><img fetchpriority=\"high\" decoding=\"async\" class=\" wp-image-25744 aligncenter\" src=\"https:\/\/smwroclaw.pl\/wp-content\/uploads\/2022\/10\/Swiatowy-Dzien-Walki-z-Rakiem-Piersi7-300x251.png\" alt=\"\" width=\"430\" height=\"360\" srcset=\"https:\/\/smwroclaw.pl\/wp-content\/uploads\/2022\/10\/Swiatowy-Dzien-Walki-z-Rakiem-Piersi7-300x251.png 300w, https:\/\/smwroclaw.pl\/wp-content\/uploads\/2022\/10\/Swiatowy-Dzien-Walki-z-Rakiem-Piersi7-768x644.png 768w, https:\/\/smwroclaw.pl\/wp-content\/uploads\/2022\/10\/Swiatowy-Dzien-Walki-z-Rakiem-Piersi7.png 940w\" sizes=\"(max-width: 430px) 100vw, 430px\" \/><\/p>\n<p>&nbsp;<\/p>\n<p>&nbsp;<\/p>\n<p>&nbsp;<\/p>\n<p>&nbsp;<\/p>\n<p>&nbsp;<\/p>\n<p>&nbsp;<\/p>\n<p>&nbsp;<\/p>\n<p>&nbsp;<\/p>\n<p>&nbsp;<\/p>\n<p>&nbsp;<\/p>\n<p>&nbsp;<\/p>\n<p><span style=\"font-size: 16px; font-family: georgia, palatino, serif;\">KB<\/span><\/p>\n<p>&nbsp;<\/p>\n<p>&nbsp;<\/p>\n","protected":false},"excerpt":{"rendered":"<p>O tym, jak wa\u017cna jest profilaktyka i regularne wykonywanie bada\u0144 m\u00f3wi si\u0119 ca\u0142y czas. Jednak\u017ce ci\u0105g\u0142y po\u015bpiech a czasem nawet strach podsuwa my\u015bli: zadbam o siebie jutro, teraz nie mam do tego g\u0142owy\u2026 Niekiedy trudno jest mierzy\u0107 si\u0119 z emocjami i my\u015bl\u0105, \u017ce co\u015b mog\u0142oby by\u0107 nie tak. Jednak\u017ce nie warto odk\u0142ada\u0107 \u017cycia na potem, [&hellip;]<\/p>\n","protected":false},"author":12,"featured_media":25746,"comment_status":"closed","ping_status":"closed","sticky":false,"template":"","format":"standard","meta":{"footnotes":""},"categories":[16],"tags":[],"class_list":["post-25743","post","type-post","status-publish","format-standard","has-post-thumbnail","hentry","category-aktual"],"_links":{"self":[{"href":"https:\/\/smwroclaw.pl\/index.php?rest_route=\/wp\/v2\/posts\/25743","targetHints":{"allow":["GET"]}}],"collection":[{"href":"https:\/\/smwroclaw.pl\/index.php?rest_route=\/wp\/v2\/posts"}],"about":[{"href":"https:\/\/smwroclaw.pl\/index.php?rest_route=\/wp\/v2\/types\/post"}],"author":[{"embeddable":true,"href":"https:\/\/smwroclaw.pl\/index.php?rest_route=\/wp\/v2\/users\/12"}],"replies":[{"embeddable":true,"href":"https:\/\/smwroclaw.pl\/index.php?rest_route=%2Fwp%2Fv2%2Fcomments&post=25743"}],"version-history":[{"count":1,"href":"https:\/\/smwroclaw.pl\/index.php?rest_route=\/wp\/v2\/posts\/25743\/revisions"}],"predecessor-version":[{"id":25745,"href":"https:\/\/smwroclaw.pl\/index.php?rest_route=\/wp\/v2\/posts\/25743\/revisions\/25745"}],"wp:featuredmedia":[{"embeddable":true,"href":"https:\/\/smwroclaw.pl\/index.php?rest_route=\/wp\/v2\/media\/25746"}],"wp:attachment":[{"href":"https:\/\/smwroclaw.pl\/index.php?rest_route=%2Fwp%2Fv2%2Fmedia&parent=25743"}],"wp:term":[{"taxonomy":"category","embeddable":true,"href":"https:\/\/smwroclaw.pl\/index.php?rest_route=%2Fwp%2Fv2%2Fcategories&post=25743"},{"taxonomy":"post_tag","embeddable":true,"href":"https:\/\/smwroclaw.pl\/index.php?rest_route=%2Fwp%2Fv2%2Ftags&post=25743"}],"curies":[{"name":"wp","href":"https:\/\/api.w.org\/{rel}","templated":true}]}}