{"id":26469,"date":"2022-12-23T12:59:01","date_gmt":"2022-12-23T11:59:01","guid":{"rendered":"http:\/\/smwroclaw.pl\/?p=26469"},"modified":"2022-12-23T12:59:01","modified_gmt":"2022-12-23T11:59:01","slug":"swiateczny-czas-w-domu-bezdomnych-kobiet","status":"publish","type":"post","link":"https:\/\/smwroclaw.pl\/?p=26469","title":{"rendered":"\u015aWI\u0104TECZNY CZAS W DOMU BEZDOMNYCH KOBIET"},"content":{"rendered":"<p style=\"text-align: justify;\"><span style=\"font-family: georgia, palatino, serif; font-size: 16px;\">Ze s\u0142odkim kawa\u0142kiem \u201eserca\u201d i \u015bwi\u0105tecznymi \u017cyczeniami Marta i Grzegorz &#8211; nasi stra\u017cnicy pojechali \u015brod\u0119 do Domu Bezdomnych Kobiet przy ul. Strzegomskiej. To ju\u017c kolejny rok, kiedy dzieci, rodzice oraz pracownicy Przedszkola nr 51 przy ul. Semaforowej 42 na wroc\u0142awskim Brochowie upiekli ciasta dla os\u00f3b potrzebuj\u0105cych.<\/span><br \/>\n<span style=\"font-family: georgia, palatino, serif; font-size: 16px;\">Rado\u015bci i \u0142zom wzruszenia nie by\u0142o ko\u0144ca. Cieszymy si\u0119 i dzi\u0119kujemy wszystkim darczy\u0144com, szczeg\u00f3lnie dzieciom, \u017ce wsp\u00f3lnie udaje nam si\u0119 co roku kontynuowa\u0107 t\u0119 wspania\u0142\u0105 tradycj\u0119. Mamy nadziej\u0119, \u017ce dzi\u0119ki takim ma\u0142ym gestom sprawiamy, \u017ce potrzebuj\u0105cy cho\u0107 troch\u0119 poczuj\u0105 magi\u0119 domowych, rodzinnych \u015bwi\u0105t. <strong>Wszystkim \u017cyczymy spokojnych i przede wszystkim zdrowych \u015awi\u0105t Bo\u017cego Narodzenia i szcz\u0119\u015bliwego Nowego Roku.<\/strong><\/span><!--more--><\/p>\n\n\t\t<style type=\"text\/css\">\n\t\t\t#gallery-1 {\n\t\t\t\tmargin: auto;\n\t\t\t}\n\t\t\t#gallery-1 .gallery-item {\n\t\t\t\tfloat: left;\n\t\t\t\tmargin-top: 10px;\n\t\t\t\ttext-align: center;\n\t\t\t\twidth: 33%;\n\t\t\t}\n\t\t\t#gallery-1 img {\n\t\t\t\tborder: 2px solid #cfcfcf;\n\t\t\t}\n\t\t\t#gallery-1 .gallery-caption {\n\t\t\t\tmargin-left: 0;\n\t\t\t}\n\t\t\t\/* see gallery_shortcode() in wp-includes\/media.php *\/\n\t\t<\/style>\n\t\t<div id='gallery-1' class='gallery galleryid-26469 gallery-columns-3 gallery-size-thumbnail'><dl class='gallery-item'>\n\t\t\t<dt class='gallery-icon landscape'>\n\t\t\t\t<a href='https:\/\/smwroclaw.pl\/?attachment_id=26471'><img fetchpriority=\"high\" decoding=\"async\" width=\"360\" height=\"260\" src=\"https:\/\/smwroclaw.pl\/wp-content\/uploads\/2022\/12\/2-3-360x260.jpg\" class=\"attachment-thumbnail size-thumbnail\" alt=\"\" \/><\/a>\n\t\t\t<\/dt><\/dl><dl class='gallery-item'>\n\t\t\t<dt class='gallery-icon landscape'>\n\t\t\t\t<a href='https:\/\/smwroclaw.pl\/?attachment_id=26473'><img decoding=\"async\" width=\"360\" height=\"260\" src=\"https:\/\/smwroclaw.pl\/wp-content\/uploads\/2022\/12\/4-3-360x260.jpg\" class=\"attachment-thumbnail size-thumbnail\" alt=\"\" \/><\/a>\n\t\t\t<\/dt><\/dl><dl class='gallery-item'>\n\t\t\t<dt class='gallery-icon portrait'>\n\t\t\t\t<a href='https:\/\/smwroclaw.pl\/?attachment_id=26472'><img decoding=\"async\" width=\"360\" height=\"260\" src=\"https:\/\/smwroclaw.pl\/wp-content\/uploads\/2022\/12\/3-2-360x260.jpg\" class=\"attachment-thumbnail size-thumbnail\" alt=\"\" \/><\/a>\n\t\t\t<\/dt><\/dl><br style=\"clear: both\" \/><dl class='gallery-item'>\n\t\t\t<dt class='gallery-icon portrait'>\n\t\t\t\t<a href='https:\/\/smwroclaw.pl\/?attachment_id=26470'><img loading=\"lazy\" decoding=\"async\" width=\"360\" height=\"260\" src=\"https:\/\/smwroclaw.pl\/wp-content\/uploads\/2022\/12\/1-5-360x260.jpg\" class=\"attachment-thumbnail size-thumbnail\" alt=\"\" \/><\/a>\n\t\t\t<\/dt><\/dl>\n\t\t\t<br style='clear: both' \/>\n\t\t<\/div>\n\n<p>BD<\/p>\n","protected":false},"excerpt":{"rendered":"<p>Ze s\u0142odkim kawa\u0142kiem \u201eserca\u201d i \u015bwi\u0105tecznymi \u017cyczeniami Marta i Grzegorz &#8211; nasi stra\u017cnicy pojechali \u015brod\u0119 do Domu Bezdomnych Kobiet przy ul. Strzegomskiej. To ju\u017c kolejny rok, kiedy dzieci, rodzice oraz pracownicy Przedszkola nr 51 przy ul. Semaforowej 42 na wroc\u0142awskim Brochowie upiekli ciasta dla os\u00f3b potrzebuj\u0105cych. Rado\u015bci i \u0142zom wzruszenia nie by\u0142o ko\u0144ca. Cieszymy si\u0119 [&hellip;]<\/p>\n","protected":false},"author":7,"featured_media":26474,"comment_status":"closed","ping_status":"closed","sticky":false,"template":"","format":"standard","meta":{"footnotes":""},"categories":[16],"tags":[],"class_list":["post-26469","post","type-post","status-publish","format-standard","has-post-thumbnail","hentry","category-aktual"],"_links":{"self":[{"href":"https:\/\/smwroclaw.pl\/index.php?rest_route=\/wp\/v2\/posts\/26469","targetHints":{"allow":["GET"]}}],"collection":[{"href":"https:\/\/smwroclaw.pl\/index.php?rest_route=\/wp\/v2\/posts"}],"about":[{"href":"https:\/\/smwroclaw.pl\/index.php?rest_route=\/wp\/v2\/types\/post"}],"author":[{"embeddable":true,"href":"https:\/\/smwroclaw.pl\/index.php?rest_route=\/wp\/v2\/users\/7"}],"replies":[{"embeddable":true,"href":"https:\/\/smwroclaw.pl\/index.php?rest_route=%2Fwp%2Fv2%2Fcomments&post=26469"}],"version-history":[{"count":1,"href":"https:\/\/smwroclaw.pl\/index.php?rest_route=\/wp\/v2\/posts\/26469\/revisions"}],"predecessor-version":[{"id":26475,"href":"https:\/\/smwroclaw.pl\/index.php?rest_route=\/wp\/v2\/posts\/26469\/revisions\/26475"}],"wp:featuredmedia":[{"embeddable":true,"href":"https:\/\/smwroclaw.pl\/index.php?rest_route=\/wp\/v2\/media\/26474"}],"wp:attachment":[{"href":"https:\/\/smwroclaw.pl\/index.php?rest_route=%2Fwp%2Fv2%2Fmedia&parent=26469"}],"wp:term":[{"taxonomy":"category","embeddable":true,"href":"https:\/\/smwroclaw.pl\/index.php?rest_route=%2Fwp%2Fv2%2Fcategories&post=26469"},{"taxonomy":"post_tag","embeddable":true,"href":"https:\/\/smwroclaw.pl\/index.php?rest_route=%2Fwp%2Fv2%2Ftags&post=26469"}],"curies":[{"name":"wp","href":"https:\/\/api.w.org\/{rel}","templated":true}]}}