{"id":2649,"date":"2018-06-27T11:36:20","date_gmt":"2018-06-27T09:36:20","guid":{"rendered":"http:\/\/smwroclaw.pl\/?p=2649"},"modified":"2018-06-28T09:15:45","modified_gmt":"2018-06-28T07:15:45","slug":"bezpieczne-wakacje-prelekcja-w-przedszkolu","status":"publish","type":"post","link":"https:\/\/smwroclaw.pl\/?p=2649","title":{"rendered":"\u201eBEZPIECZNE WAKACJE\u201d &#8211; PRELEKCJA W PRZEDSZKOLU"},"content":{"rendered":"<p><span style=\"font-family: georgia,palatino,serif; font-size: 16px;\">W Przedszkolu nr 16 przy ul. Wietrznej 50 przedszkolaki ju\u017c znaj\u0105 podstawowe zasady bezpiecznego przebywania z rodzicami na wakacjach. <strong>26 czerwca 2018 r. st. insp. Pawe\u0142 Gr\u0105bczewski przypomnia\u0142 jak bezpiecznie przechodzi\u0107 przez jezdni\u0119 oraz zachowa\u0107 si\u0119 na placu zabaw<\/strong>. Zwr\u00f3ci\u0142 uwag\u0119, \u017ce podczas zaczepek <strong>os\u00f3b obcych zawsze trzeba powiadomi\u0107 rodzic\u00f3w<\/strong>. W wakacje najcz\u0119\u015bciej\u00a0<strong> wolny czas <\/strong><strong>sp\u0119dzamy <\/strong><strong>nad wod\u0105 i tam r\u00f3wnie\u017c nie zapominamy o bezpiecznym zachowaniu<\/strong>. Czytamy regulamin, sprawdzamy jakiego koloru flag\u0119 wywiesili ratownicy i do jakiego koloru bojki mo\u017cemy si\u0119 k\u0105pa\u0107. <\/span><\/p>\n<p><!--more--><\/p>\n<p><span style=\"font-family: georgia,palatino,serif; font-size: 16px;\">Funkcjonariusz szczeg\u00f3ln\u0105 uwag\u0119 zwr\u00f3ci\u0142 na <strong>wypoczynek sp\u0119dzany na wsi <\/strong>u babci i dziadka. Nale\u017cy tam zwr\u00f3ci\u0107 uwag\u0119 na <strong>urz\u0105dzenia i maszyny rolnicze, zwierz\u0119ta gospodarcze oraz zachowa\u0107 ostro\u017cno\u015b\u0107 przy niezabezpieczonych studniach. <\/strong>Pami\u0119tajmy przedszkolaki, \u017ce zawsze s\u0142uchamy si\u0119 mamy i taty by weso\u0142o i bezpiecznie sp\u0119dzi\u0107 wakacje. <\/span><\/p>\n<p><img fetchpriority=\"high\" decoding=\"async\" class=\"size-medium wp-image-2654\" src=\"https:\/\/smwroclaw.pl\/wp-content\/uploads\/2018\/06\/IMG_20180626_095415-300x169.jpg\" alt=\"\" width=\"300\" height=\"169\" srcset=\"https:\/\/smwroclaw.pl\/wp-content\/uploads\/2018\/06\/IMG_20180626_095415-300x169.jpg 300w, https:\/\/smwroclaw.pl\/wp-content\/uploads\/2018\/06\/IMG_20180626_095415.jpg 640w\" sizes=\"(max-width: 300px) 100vw, 300px\" \/><\/p>\n<div id=\"attachment_2651\" style=\"width: 310px\" class=\"wp-caption alignnone\"><img decoding=\"async\" aria-describedby=\"caption-attachment-2651\" class=\"size-medium wp-image-2651\" src=\"https:\/\/smwroclaw.pl\/wp-content\/uploads\/2018\/06\/IMG_20180626_093308-300x230.jpg\" alt=\"\" width=\"300\" height=\"230\" srcset=\"https:\/\/smwroclaw.pl\/wp-content\/uploads\/2018\/06\/IMG_20180626_093308-300x230.jpg 300w, https:\/\/smwroclaw.pl\/wp-content\/uploads\/2018\/06\/IMG_20180626_093308.jpg 640w\" sizes=\"(max-width: 300px) 100vw, 300px\" \/><p id=\"caption-attachment-2651\" class=\"wp-caption-text\">dav<\/p><\/div>\n","protected":false},"excerpt":{"rendered":"<p>W Przedszkolu nr 16 przy ul. Wietrznej 50 przedszkolaki ju\u017c znaj\u0105 podstawowe zasady bezpiecznego przebywania z rodzicami na wakacjach. 26 czerwca 2018 r. st. insp. Pawe\u0142 Gr\u0105bczewski przypomnia\u0142 jak bezpiecznie przechodzi\u0107 przez jezdni\u0119 oraz zachowa\u0107 si\u0119 na placu zabaw. Zwr\u00f3ci\u0142 uwag\u0119, \u017ce podczas zaczepek os\u00f3b obcych zawsze trzeba powiadomi\u0107 rodzic\u00f3w. W wakacje najcz\u0119\u015bciej\u00a0 wolny czas [&hellip;]<\/p>\n","protected":false},"author":3,"featured_media":2652,"comment_status":"closed","ping_status":"closed","sticky":false,"template":"","format":"standard","meta":{"footnotes":""},"categories":[16,33],"tags":[],"class_list":["post-2649","post","type-post","status-publish","format-standard","has-post-thumbnail","hentry","category-aktual","category-prew"],"_links":{"self":[{"href":"https:\/\/smwroclaw.pl\/index.php?rest_route=\/wp\/v2\/posts\/2649","targetHints":{"allow":["GET"]}}],"collection":[{"href":"https:\/\/smwroclaw.pl\/index.php?rest_route=\/wp\/v2\/posts"}],"about":[{"href":"https:\/\/smwroclaw.pl\/index.php?rest_route=\/wp\/v2\/types\/post"}],"author":[{"embeddable":true,"href":"https:\/\/smwroclaw.pl\/index.php?rest_route=\/wp\/v2\/users\/3"}],"replies":[{"embeddable":true,"href":"https:\/\/smwroclaw.pl\/index.php?rest_route=%2Fwp%2Fv2%2Fcomments&post=2649"}],"version-history":[{"count":6,"href":"https:\/\/smwroclaw.pl\/index.php?rest_route=\/wp\/v2\/posts\/2649\/revisions"}],"predecessor-version":[{"id":2664,"href":"https:\/\/smwroclaw.pl\/index.php?rest_route=\/wp\/v2\/posts\/2649\/revisions\/2664"}],"wp:featuredmedia":[{"embeddable":true,"href":"https:\/\/smwroclaw.pl\/index.php?rest_route=\/wp\/v2\/media\/2652"}],"wp:attachment":[{"href":"https:\/\/smwroclaw.pl\/index.php?rest_route=%2Fwp%2Fv2%2Fmedia&parent=2649"}],"wp:term":[{"taxonomy":"category","embeddable":true,"href":"https:\/\/smwroclaw.pl\/index.php?rest_route=%2Fwp%2Fv2%2Fcategories&post=2649"},{"taxonomy":"post_tag","embeddable":true,"href":"https:\/\/smwroclaw.pl\/index.php?rest_route=%2Fwp%2Fv2%2Ftags&post=2649"}],"curies":[{"name":"wp","href":"https:\/\/api.w.org\/{rel}","templated":true}]}}