{"id":2666,"date":"2018-06-30T15:04:04","date_gmt":"2018-06-30T13:04:04","guid":{"rendered":"http:\/\/smwroclaw.pl\/?p=2666"},"modified":"2018-07-02T20:49:14","modified_gmt":"2018-07-02T18:49:14","slug":"uwaga-kierowcy-2","status":"publish","type":"post","link":"https:\/\/smwroclaw.pl\/?p=2666","title":{"rendered":"UWAGA KIEROWCY!"},"content":{"rendered":"<p><span style=\"font-size: 16px;\">W tych miejscach w okresie <strong>od 1 do 15 lipca 2018 r<\/strong>. stra\u017cnicy miejscy, b\u0119d\u0105 prowadzi\u0107 zintensyfikowane dzia\u0142ania prewencyjne, ukierunkowane na wyeliminowanie zagro\u017ce\u0144 w ruchu drogowym i pieszym:<\/span><!--more--><\/p>\n<table width=\"645\">\n<tbody>\n<tr>\n<td width=\"30\">Lp.<\/td>\n<td width=\"114\">Dzie\u0144<\/td>\n<td width=\"419\">Miejsce<\/td>\n<td width=\"82\"><\/td>\n<\/tr>\n<tr>\n<td width=\"30\">1<\/td>\n<td width=\"114\"><strong>01.07.2018<\/strong><\/td>\n<td width=\"419\">ul. Komandorska przy Uniwersytecie Ekonomicznym \u2013 parkowanie za B-36 oraz chodniki<\/td>\n<td width=\"82\"><\/td>\n<\/tr>\n<tr>\n<td width=\"30\">2<\/td>\n<td width=\"114\"><strong>02.07.2018 <\/strong><\/td>\n<td width=\"419\">ul. \u015aw. Antoniego \u2013 strefa zamieszkania<\/p>\n<p>ul. W\u0142odkowica &#8211; B-36<\/td>\n<td width=\"82\">Park Kulturowy<\/td>\n<\/tr>\n<tr>\n<td width=\"30\">3<\/td>\n<td width=\"114\"><strong>03.07.2018<\/strong><\/p>\n<p><strong>\u00a0<\/strong><\/td>\n<td width=\"419\">al. S\u0142owackiego \u2013 parkowanie na chodnikach niezgodnie z oznakowaniem, brak 1,5 metra przej\u015bcia dla pieszych<\/p>\n<p>&nbsp;<\/td>\n<td width=\"82\"><\/td>\n<\/tr>\n<tr>\n<td width=\"30\">4<\/td>\n<td width=\"114\"><strong>04.07.2018<\/strong><\/td>\n<td width=\"419\">ul. \u0141\u00f3dzka odcinek od Gajowej do Glinianej &#8211; parkowanie na chodniku brak 1,5 metra przej\u015bcia dla pieszych<\/td>\n<td width=\"82\"><\/td>\n<\/tr>\n<tr>\n<td width=\"30\">5<\/td>\n<td width=\"114\"><strong>05.07.2018<\/strong><\/td>\n<td width=\"419\">ul. Zaporoska 60 -72 parkowanie na chodniku za B-36<\/td>\n<td width=\"82\"><\/td>\n<\/tr>\n<tr>\n<td width=\"30\">6<\/td>\n<td width=\"114\"><strong>06.07.2018<\/strong><\/td>\n<td width=\"419\">ul. \u015aw. Antoniego \u2013 strefa zamieszkania<\/p>\n<p>ul. W\u0142odkowica &#8211; B-36<\/td>\n<td width=\"82\">Park Kulturowy<\/td>\n<\/tr>\n<tr>\n<td width=\"30\">7<\/td>\n<td width=\"114\"><strong>07.07.2018<\/strong><\/td>\n<td width=\"419\">ul. Zaolzia\u0144ska \u2013 parkowanie na przej\u015bciach dla pieszych<\/td>\n<td width=\"82\"><\/td>\n<\/tr>\n<tr>\n<td width=\"30\">8<\/td>\n<td width=\"114\"><strong>08.07.2018<\/strong><\/td>\n<td width=\"419\">ul. Ksi\u0119cia Witolda a Jagie\u0142\u0142y,- skrzy\u017cowanie, chodniki i przej\u015bcia dla pieszych<\/td>\n<td width=\"82\"><\/td>\n<\/tr>\n<tr>\n<td width=\"30\">9<\/td>\n<td width=\"114\"><strong>09.07.2018<\/strong><\/td>\n<td width=\"419\">ul. Kotlarska \u2013 ca\u0142a (w szczeg\u00f3lno\u015bci od pl. Nowy Targ do ul. Szewskiej)<\/td>\n<td width=\"82\">Park Kulturowy<\/td>\n<\/tr>\n<tr>\n<td width=\"30\">10<\/td>\n<td width=\"114\"><strong>10.07.2018<\/strong><\/td>\n<td width=\"419\">ul. \u0141\u00f3dzka odcinek od Gajowej do Glinianej &#8211; parkowanie na chodniku brak 1,5 metra przej\u015bcia dla pieszych<\/td>\n<td width=\"82\"><\/td>\n<\/tr>\n<tr>\n<td width=\"30\">11<\/td>\n<td width=\"114\"><strong>11.07.2018<\/strong><\/td>\n<td width=\"419\">ul. Grabiszy\u0144ska 291 parkowanie na chodnikach brak 1,5 metra przej\u015bcia dla pieszych przy zatoce MPK<\/p>\n<p>ul. Ostrowskiego przy Grabiszy\u0144skiej\u00a0 parkowanie na chodnikach brak 1,5 metra przej\u015bcia dla pieszych i za znakiem B-36<\/td>\n<td width=\"82\"><\/td>\n<\/tr>\n<tr>\n<td width=\"30\">12<\/td>\n<td width=\"114\"><strong>12.07.2018<\/strong><\/td>\n<td width=\"419\">ul. Sielska od strony skrzy\u017cowania z ul. Gwareck\u0105 \u2013 parkowanie na chodniku brak 1,5 metra przej\u015bcia dla pieszych<\/td>\n<td width=\"82\"><\/td>\n<\/tr>\n<tr>\n<td width=\"30\">13<\/td>\n<td width=\"114\"><strong>13.07.2018<\/strong><\/td>\n<td width=\"419\">ul. Pochy\u0142a \u2013 parkowanie na chodnikach brak 1,5 metra przej\u015bcia dla pieszych<\/td>\n<td width=\"82\"><\/td>\n<\/tr>\n<tr>\n<td width=\"30\">14<\/td>\n<td width=\"114\"><strong>14.07.2018<\/strong><\/td>\n<td width=\"419\">ul. Komandorska przy Uniwersytecie Ekonomicznym \u2013 parkowanie za B-36 oraz chodniki<\/td>\n<td width=\"82\"><\/td>\n<\/tr>\n<tr>\n<td width=\"30\">15<\/td>\n<td width=\"114\"><strong>15.07.2018<\/strong><\/td>\n<td width=\"419\">ul. Kotlarska \u2013 ca\u0142a (w szczeg\u00f3lno\u015bci od pl. Nowy Targ do ul. Szewskiej)<\/td>\n<td width=\"82\">Park Kulturowy<\/td>\n<\/tr>\n<\/tbody>\n<\/table>\n","protected":false},"excerpt":{"rendered":"<p>W tych miejscach w okresie od 1 do 15 lipca 2018 r. stra\u017cnicy miejscy, b\u0119d\u0105 prowadzi\u0107 zintensyfikowane dzia\u0142ania prewencyjne, ukierunkowane na wyeliminowanie zagro\u017ce\u0144 w ruchu drogowym i pieszym:<\/p>\n","protected":false},"author":8,"featured_media":1817,"comment_status":"closed","ping_status":"closed","sticky":false,"template":"","format":"standard","meta":{"footnotes":""},"categories":[16],"tags":[],"class_list":["post-2666","post","type-post","status-publish","format-standard","has-post-thumbnail","hentry","category-aktual"],"_links":{"self":[{"href":"https:\/\/smwroclaw.pl\/index.php?rest_route=\/wp\/v2\/posts\/2666","targetHints":{"allow":["GET"]}}],"collection":[{"href":"https:\/\/smwroclaw.pl\/index.php?rest_route=\/wp\/v2\/posts"}],"about":[{"href":"https:\/\/smwroclaw.pl\/index.php?rest_route=\/wp\/v2\/types\/post"}],"author":[{"embeddable":true,"href":"https:\/\/smwroclaw.pl\/index.php?rest_route=\/wp\/v2\/users\/8"}],"replies":[{"embeddable":true,"href":"https:\/\/smwroclaw.pl\/index.php?rest_route=%2Fwp%2Fv2%2Fcomments&post=2666"}],"version-history":[{"count":3,"href":"https:\/\/smwroclaw.pl\/index.php?rest_route=\/wp\/v2\/posts\/2666\/revisions"}],"predecessor-version":[{"id":2691,"href":"https:\/\/smwroclaw.pl\/index.php?rest_route=\/wp\/v2\/posts\/2666\/revisions\/2691"}],"wp:featuredmedia":[{"embeddable":true,"href":"https:\/\/smwroclaw.pl\/index.php?rest_route=\/wp\/v2\/media\/1817"}],"wp:attachment":[{"href":"https:\/\/smwroclaw.pl\/index.php?rest_route=%2Fwp%2Fv2%2Fmedia&parent=2666"}],"wp:term":[{"taxonomy":"category","embeddable":true,"href":"https:\/\/smwroclaw.pl\/index.php?rest_route=%2Fwp%2Fv2%2Fcategories&post=2666"},{"taxonomy":"post_tag","embeddable":true,"href":"https:\/\/smwroclaw.pl\/index.php?rest_route=%2Fwp%2Fv2%2Ftags&post=2666"}],"curies":[{"name":"wp","href":"https:\/\/api.w.org\/{rel}","templated":true}]}}