{"id":2784,"date":"2018-07-16T11:45:47","date_gmt":"2018-07-16T09:45:47","guid":{"rendered":"http:\/\/smwroclaw.pl\/?p=2784"},"modified":"2018-07-16T12:03:59","modified_gmt":"2018-07-16T10:03:59","slug":"sprawca-napasci-ujety-przez-straznikow-miejskich","status":"publish","type":"post","link":"https:\/\/smwroclaw.pl\/?p=2784","title":{"rendered":"SPRAWCA NAPA\u015aCI UJ\u0118TY PRZEZ STRA\u017bNIK\u00d3W MIEJSKICH"},"content":{"rendered":"<p style=\"text-align: justify;\"><span style=\"font-family: georgia,palatino,serif; font-size: 16px;\">W <strong>niedziel\u0119 15 lipca 2018 r.<\/strong> ok. godziny <strong>16.40 w Rynku<\/strong> przy barze Vega do patrolu stra\u017cnik\u00f3w miejskich podesz\u0142a kobieta, kt\u00f3ra o\u015bwiadczy\u0142a, \u017ce jej kole\u017canka <strong>obywatelka Korei,<\/strong> chwil\u0119 wcze\u015bniej <strong>zosta\u0142a uderzona w twarz i obra\u017cona s\u0142owami: \u201ety pie&#8230;&#8230;ny Chi\u0144czyku\u201d<\/strong>. <\/span><!--more--><\/p>\n<p style=\"text-align: justify;\"><span style=\"font-family: georgia,palatino,serif; font-size: 16px;\">Kobieta poda\u0142a rysopis sprawcy &#8211; m\u0119\u017cczyzny, kt\u00f3ry po tym zdarzeniu uciek\u0142 w kierunku ul.Igielnej. Patrol stra\u017cnik\u00f3w ruszy\u0142 w po\u015bcig. Na ulicy Odrza\u0144skiej zauwa\u017cono m\u0119\u017cczyzn\u0119 odpowiadaj\u0105cego rysopisowi, co potwierdzi\u0142a zg\u0142aszaj\u0105ca. Na widok patrolu stra\u017cnik\u00f3w m\u0119\u017cczyzna zacz\u0105\u0142 ucieka\u0107 ale <strong>po po\u015bcigu zosta\u0142 uj\u0119ty<\/strong>. W trakcie interwencji m\u0119\u017cczyzna zniewa\u017cy\u0142 funkcjonariuszy s\u0142ownie,\u00a0 grozi\u0142 i kaza\u0142 odst\u0105pi\u0107 od interwencji. Sprawca zosta\u0142 <strong>przewieziony do Komisariatu Policji<\/strong>, gdzie prowadzone s\u0105 dalsze czynno\u015bci w sprawie.<br \/>\n<\/span><\/p>\n<p>&nbsp;<\/p>\n<p>WF<\/p>\n","protected":false},"excerpt":{"rendered":"<p>W niedziel\u0119 15 lipca 2018 r. ok. godziny 16.40 w Rynku przy barze Vega do patrolu stra\u017cnik\u00f3w miejskich podesz\u0142a kobieta, kt\u00f3ra o\u015bwiadczy\u0142a, \u017ce jej kole\u017canka obywatelka Korei, chwil\u0119 wcze\u015bniej zosta\u0142a uderzona w twarz i obra\u017cona s\u0142owami: \u201ety pie&#8230;&#8230;ny Chi\u0144czyku\u201d.<\/p>\n","protected":false},"author":4,"featured_media":2788,"comment_status":"closed","ping_status":"closed","sticky":false,"template":"","format":"standard","meta":{"footnotes":""},"categories":[16],"tags":[],"class_list":["post-2784","post","type-post","status-publish","format-standard","has-post-thumbnail","hentry","category-aktual"],"_links":{"self":[{"href":"https:\/\/smwroclaw.pl\/index.php?rest_route=\/wp\/v2\/posts\/2784","targetHints":{"allow":["GET"]}}],"collection":[{"href":"https:\/\/smwroclaw.pl\/index.php?rest_route=\/wp\/v2\/posts"}],"about":[{"href":"https:\/\/smwroclaw.pl\/index.php?rest_route=\/wp\/v2\/types\/post"}],"author":[{"embeddable":true,"href":"https:\/\/smwroclaw.pl\/index.php?rest_route=\/wp\/v2\/users\/4"}],"replies":[{"embeddable":true,"href":"https:\/\/smwroclaw.pl\/index.php?rest_route=%2Fwp%2Fv2%2Fcomments&post=2784"}],"version-history":[{"count":6,"href":"https:\/\/smwroclaw.pl\/index.php?rest_route=\/wp\/v2\/posts\/2784\/revisions"}],"predecessor-version":[{"id":2791,"href":"https:\/\/smwroclaw.pl\/index.php?rest_route=\/wp\/v2\/posts\/2784\/revisions\/2791"}],"wp:featuredmedia":[{"embeddable":true,"href":"https:\/\/smwroclaw.pl\/index.php?rest_route=\/wp\/v2\/media\/2788"}],"wp:attachment":[{"href":"https:\/\/smwroclaw.pl\/index.php?rest_route=%2Fwp%2Fv2%2Fmedia&parent=2784"}],"wp:term":[{"taxonomy":"category","embeddable":true,"href":"https:\/\/smwroclaw.pl\/index.php?rest_route=%2Fwp%2Fv2%2Fcategories&post=2784"},{"taxonomy":"post_tag","embeddable":true,"href":"https:\/\/smwroclaw.pl\/index.php?rest_route=%2Fwp%2Fv2%2Ftags&post=2784"}],"curies":[{"name":"wp","href":"https:\/\/api.w.org\/{rel}","templated":true}]}}