{"id":2809,"date":"2018-07-18T10:58:01","date_gmt":"2018-07-18T08:58:01","guid":{"rendered":"http:\/\/smwroclaw.pl\/?p=2809"},"modified":"2018-07-18T11:08:16","modified_gmt":"2018-07-18T09:08:16","slug":"bezpieczne-wakacje-2","status":"publish","type":"post","link":"https:\/\/smwroclaw.pl\/?p=2809","title":{"rendered":"Bezpieczne Wakacje"},"content":{"rendered":"<p style=\"text-align: justify;\"><span style=\"font-size: 16px;\"><span style=\"font-family: georgia,palatino,serif;\">Stra\u017c Miejska Wroc\u0142awia bierze udzia\u0142 w og\u00f3lnopolskiej akcji Bezpieczne Wakacje, kt\u00f3rej celem jest zwi\u0119kszenie poziomu bezpiecze\u0144stwa sp\u0119dzania wolnego czasu przez dzieci, m\u0142odzie\u017c i doros\u0142ych.<\/span><!--more--><\/span><\/p>\n<p>&nbsp;<\/p>\n<p>&nbsp;<\/p>\n<p>&nbsp;<\/p>\n<p>&nbsp;<\/p>\n<p style=\"text-align: justify;\"><span style=\"font-family: georgia,palatino,serif; font-size: 16px;\">Cel zostanie osi\u0105gni\u0119ty poprzez promowanie bezpiecznych zachowa\u0144 takich jak :<\/span><\/p>\n<p style=\"text-align: justify;\"><span style=\"font-size: 20px;\"><a href=\"https:\/\/bezpiecznewakacje.pl\/index.php?option=com_content&amp;view=article&amp;id=152:w-podrozy&amp;catid=66&amp;Itemid=101\"><span style=\"font-family: georgia,palatino,serif;\">w podr\u00f3\u017cy<\/span><\/a><\/span><br \/>\n<span style=\"font-family: georgia,palatino,serif; font-size: 16px;\"> Zasady, kt\u00f3re pomog\u0105 unikn\u0105\u0107 nieprzyjemnych przyg\u00f3d.<\/span><br \/>\n<a href=\"https:\/\/bezpiecznewakacje.pl\/index.php?option=com_content&amp;view=article&amp;id=151:nad-morzem&amp;catid=66&amp;Itemid=101\"><span style=\"font-family: georgia,palatino,serif; font-size: 16px;\"><span style=\"font-size: 20px;\"> nad wod\u0105<\/span><\/span><\/a><br \/>\n<span style=\"font-family: georgia,palatino,serif; font-size: 16px;\"> Odpoczynek nad morzem, jeziorem, rzek\u0105 to wspania\u0142a rzecz. S\u0142o\u0144ce, pla\u017ca, atmosfera wakacji.<\/span><br \/>\n<a href=\"https:\/\/bezpiecznewakacje.pl\/index.php?option=com_content&amp;view=article&amp;id=150:w-gorach&amp;catid=66&amp;Itemid=101\"><span style=\"font-family: georgia,palatino,serif; font-size: 16px;\"><span style=\"font-size: 20px;\"> w g\u00f3rach<\/span><\/span><\/a><br \/>\n<span style=\"font-family: georgia,palatino,serif; font-size: 16px;\"> Dlaczego wychodz\u0105c w g\u00f3ry, w miejscu pobytu zostawia si\u0119 wiadomo\u015b\u0107 o trasie wycieczki?<\/span><br \/>\n<a href=\"https:\/\/bezpiecznewakacje.pl\/index.php?option=com_content&amp;view=article&amp;id=149:czas-wolny&amp;catid=66&amp;Itemid=101\"><span style=\"font-family: georgia,palatino,serif; font-size: 16px;\"><span style=\"font-size: 20px;\"> czas wolny<\/span><\/span><\/a><br \/>\n<span style=\"font-family: georgia,palatino,serif; font-size: 16px;\"> Czy masz ju\u017c w telefonie ustawiony kontakt ICE?<\/span><\/p>\n<p><img decoding=\"async\" class=\"alignnone size-medium wp-image-2811\" src=\"https:\/\/smwroclaw.pl\/wp-content\/uploads\/2018\/07\/bezpieczne_wakacje_468_60-300x38.jpg\" alt=\"\" width=\"300\" height=\"38\" srcset=\"https:\/\/smwroclaw.pl\/wp-content\/uploads\/2018\/07\/bezpieczne_wakacje_468_60-300x38.jpg 300w, https:\/\/smwroclaw.pl\/wp-content\/uploads\/2018\/07\/bezpieczne_wakacje_468_60.jpg 468w\" sizes=\"(max-width: 300px) 100vw, 300px\" \/><\/p>\n<p style=\"text-align: justify;\"><span style=\"font-family: georgia,palatino,serif; font-size: 16px;\">\u0179r\u00f3d\u0142o: <a href=\"http:\/\/www.bezpiecznewakacje.pl\">www.bezpiecznewakacje.pl<\/a><\/span><\/p>\n","protected":false},"excerpt":{"rendered":"<p>Stra\u017c Miejska Wroc\u0142awia bierze udzia\u0142 w og\u00f3lnopolskiej akcji Bezpieczne Wakacje, kt\u00f3rej celem jest zwi\u0119kszenie poziomu bezpiecze\u0144stwa sp\u0119dzania wolnego czasu przez dzieci, m\u0142odzie\u017c i doros\u0142ych.<\/p>\n","protected":false},"author":3,"featured_media":2821,"comment_status":"closed","ping_status":"closed","sticky":false,"template":"","format":"standard","meta":{"footnotes":""},"categories":[16],"tags":[],"class_list":["post-2809","post","type-post","status-publish","format-standard","has-post-thumbnail","hentry","category-aktual"],"_links":{"self":[{"href":"https:\/\/smwroclaw.pl\/index.php?rest_route=\/wp\/v2\/posts\/2809","targetHints":{"allow":["GET"]}}],"collection":[{"href":"https:\/\/smwroclaw.pl\/index.php?rest_route=\/wp\/v2\/posts"}],"about":[{"href":"https:\/\/smwroclaw.pl\/index.php?rest_route=\/wp\/v2\/types\/post"}],"author":[{"embeddable":true,"href":"https:\/\/smwroclaw.pl\/index.php?rest_route=\/wp\/v2\/users\/3"}],"replies":[{"embeddable":true,"href":"https:\/\/smwroclaw.pl\/index.php?rest_route=%2Fwp%2Fv2%2Fcomments&post=2809"}],"version-history":[{"count":11,"href":"https:\/\/smwroclaw.pl\/index.php?rest_route=\/wp\/v2\/posts\/2809\/revisions"}],"predecessor-version":[{"id":2823,"href":"https:\/\/smwroclaw.pl\/index.php?rest_route=\/wp\/v2\/posts\/2809\/revisions\/2823"}],"wp:featuredmedia":[{"embeddable":true,"href":"https:\/\/smwroclaw.pl\/index.php?rest_route=\/wp\/v2\/media\/2821"}],"wp:attachment":[{"href":"https:\/\/smwroclaw.pl\/index.php?rest_route=%2Fwp%2Fv2%2Fmedia&parent=2809"}],"wp:term":[{"taxonomy":"category","embeddable":true,"href":"https:\/\/smwroclaw.pl\/index.php?rest_route=%2Fwp%2Fv2%2Fcategories&post=2809"},{"taxonomy":"post_tag","embeddable":true,"href":"https:\/\/smwroclaw.pl\/index.php?rest_route=%2Fwp%2Fv2%2Ftags&post=2809"}],"curies":[{"name":"wp","href":"https:\/\/api.w.org\/{rel}","templated":true}]}}