{"id":28331,"date":"2023-06-22T11:32:21","date_gmt":"2023-06-22T09:32:21","guid":{"rendered":"https:\/\/smwroclaw.pl\/?p=28331"},"modified":"2023-06-22T11:38:48","modified_gmt":"2023-06-22T09:38:48","slug":"my-dzieci-swiata-i-miedzykulturowy-dialog-podworkowy-na-ruskiej-46","status":"publish","type":"post","link":"https:\/\/smwroclaw.pl\/?p=28331","title":{"rendered":"\u201eMY, DZIECI \u015aWIATA \u2013 I MI\u0118DZYKULTUROWY DIALOG PODW\u00d3RKOWY NA RUSKIEJ 46\u201d"},"content":{"rendered":"<p style=\"text-align: justify;\"><span style=\"font-size: 16px; font-family: georgia, palatino, serif;\">W dniu <strong>17 czerwca<\/strong> w ramach wieloletniej <strong>wsp\u00f3\u0142pracy<\/strong> zwi\u0105zanej z dzia\u0142aniem i wspieraniem spo\u0142eczno\u015bci romskiej na rzecz <strong>Klubowego Centrum Aktywno\u015bci i Integracji \u201eZak\u0105tek Krasnoludka\u201d<\/strong> prowadzonego przez <strong>Fundacj\u0119 Integracji Spo\u0142ecznej \u201ePROM\u201d<\/strong> <strong>funkcjonariusze z Zespo\u0142u szkolenia i doskonalenia zawodowego<\/strong> zadbali o <strong>bezpiecze\u0144stwo uczestnik\u00f3w projektu<\/strong> maj\u0105cego na celu <strong>integracj\u0119<\/strong> przedstawicieli <strong>mniejszo\u015bci narodowych i etnicznych.<\/strong><\/span><\/p>\n<p><span style=\"font-size: 16px; font-family: georgia, palatino, serif;\"><!--more--><\/span><\/p>\n<p style=\"text-align: justify;\"><span style=\"font-size: 16px; font-family: georgia, palatino, serif;\">By\u0142o to <strong>wa\u017cne wydarzenie,<\/strong> kt\u00f3remu towarzyszyli reprezentanci <strong>Fundacji Ukraina,<\/strong> jak i dzieci z ukrai\u0144skiego zespo\u0142u <strong>\u201eKapusta Band\u201d<\/strong> oraz obcoj\u0119zyczni wolontariusze Fundacji Prom z <strong>Turcji, Francji, Hiszpanii, W\u0142och i Bu\u0142garii.<\/strong> Pi\u0119kny mural powsta\u0142 w <strong>Podw\u00f3rku Neon\u00f3w na ul. Ruskiej 46.<\/strong><\/span><\/p>\n<p><span style=\"font-size: 16px; font-family: georgia, palatino, serif;\"><div class=\"su-spacer\" style=\"height:50px\"><\/div><\/span><\/p>\n<p><span style=\"font-size: 16px; font-family: georgia, palatino, serif;\"> <img fetchpriority=\"high\" decoding=\"async\" class=\"alignnone  wp-image-28335\" src=\"https:\/\/smwroclaw.pl\/wp-content\/uploads\/2023\/06\/20230617_150648-300x135.jpg\" alt=\"\" width=\"609\" height=\"274\" \/> \u00a0 \u00a0 <img decoding=\"async\" class=\"alignnone  wp-image-28333\" src=\"https:\/\/smwroclaw.pl\/wp-content\/uploads\/2023\/06\/20230617_150024-300x135.jpg\" alt=\"\" width=\"611\" height=\"275\" \/><\/span><\/p>\n<p>&nbsp;<\/p>\n<p><img decoding=\"async\" class=\"alignnone  wp-image-28334\" src=\"https:\/\/smwroclaw.pl\/wp-content\/uploads\/2023\/06\/20230617_150031-300x135.jpg\" alt=\"\" width=\"609\" height=\"274\" \/> \u00a0 \u00a0 <img loading=\"lazy\" decoding=\"async\" class=\"alignnone  wp-image-28336\" src=\"https:\/\/smwroclaw.pl\/wp-content\/uploads\/2023\/06\/20230617_161401-300x135.jpg\" alt=\"\" width=\"609\" height=\"274\" \/><\/p>\n<p>&nbsp;<\/p>\n<p><span style=\"font-size: 16px; font-family: georgia, palatino, serif;\">KB<\/span><\/p>\n","protected":false},"excerpt":{"rendered":"<p>W dniu 17 czerwca w ramach wieloletniej wsp\u00f3\u0142pracy zwi\u0105zanej z dzia\u0142aniem i wspieraniem spo\u0142eczno\u015bci romskiej na rzecz Klubowego Centrum Aktywno\u015bci i Integracji \u201eZak\u0105tek Krasnoludka\u201d prowadzonego przez Fundacj\u0119 Integracji Spo\u0142ecznej \u201ePROM\u201d funkcjonariusze z Zespo\u0142u szkolenia i doskonalenia zawodowego zadbali o bezpiecze\u0144stwo uczestnik\u00f3w projektu maj\u0105cego na celu integracj\u0119 przedstawicieli mniejszo\u015bci narodowych i etnicznych.<\/p>\n","protected":false},"author":12,"featured_media":28341,"comment_status":"closed","ping_status":"closed","sticky":false,"template":"","format":"standard","meta":{"footnotes":""},"categories":[16],"tags":[],"class_list":["post-28331","post","type-post","status-publish","format-standard","has-post-thumbnail","hentry","category-aktual"],"_links":{"self":[{"href":"https:\/\/smwroclaw.pl\/index.php?rest_route=\/wp\/v2\/posts\/28331","targetHints":{"allow":["GET"]}}],"collection":[{"href":"https:\/\/smwroclaw.pl\/index.php?rest_route=\/wp\/v2\/posts"}],"about":[{"href":"https:\/\/smwroclaw.pl\/index.php?rest_route=\/wp\/v2\/types\/post"}],"author":[{"embeddable":true,"href":"https:\/\/smwroclaw.pl\/index.php?rest_route=\/wp\/v2\/users\/12"}],"replies":[{"embeddable":true,"href":"https:\/\/smwroclaw.pl\/index.php?rest_route=%2Fwp%2Fv2%2Fcomments&post=28331"}],"version-history":[{"count":8,"href":"https:\/\/smwroclaw.pl\/index.php?rest_route=\/wp\/v2\/posts\/28331\/revisions"}],"predecessor-version":[{"id":28343,"href":"https:\/\/smwroclaw.pl\/index.php?rest_route=\/wp\/v2\/posts\/28331\/revisions\/28343"}],"wp:featuredmedia":[{"embeddable":true,"href":"https:\/\/smwroclaw.pl\/index.php?rest_route=\/wp\/v2\/media\/28341"}],"wp:attachment":[{"href":"https:\/\/smwroclaw.pl\/index.php?rest_route=%2Fwp%2Fv2%2Fmedia&parent=28331"}],"wp:term":[{"taxonomy":"category","embeddable":true,"href":"https:\/\/smwroclaw.pl\/index.php?rest_route=%2Fwp%2Fv2%2Fcategories&post=28331"},{"taxonomy":"post_tag","embeddable":true,"href":"https:\/\/smwroclaw.pl\/index.php?rest_route=%2Fwp%2Fv2%2Ftags&post=28331"}],"curies":[{"name":"wp","href":"https:\/\/api.w.org\/{rel}","templated":true}]}}