{"id":28355,"date":"2023-06-23T16:19:49","date_gmt":"2023-06-23T14:19:49","guid":{"rendered":"https:\/\/smwroclaw.pl\/?p=28355"},"modified":"2023-06-23T16:31:49","modified_gmt":"2023-06-23T14:31:49","slug":"piatki-z-profilaktyka-zakonczenie-roku-szkolnego-2022-2023","status":"publish","type":"post","link":"https:\/\/smwroclaw.pl\/?p=28355","title":{"rendered":"PI\u0104TKI Z PROFILAKTYK\u0104 &#8211; ZAKO\u0143CZENIE ROKU SZKOLNEGO 2022\/2023"},"content":{"rendered":"<p style=\"text-align: justify;\"><span style=\"font-size: 16px; font-family: georgia, palatino, serif;\"><strong>Z du\u017cym zaanga\u017cowaniem<\/strong> starali\u015bmy si\u0119 sprosta\u0107 <strong>potrzebom edukacyjnym<\/strong> zwi\u0105zanym z <strong>bezpiecze\u0144stwem dzieci i m\u0142odzie\u017cy<\/strong> w tym roku szkolnym. Z ca\u0142\u0105 pewno\u015bci\u0105 <strong>mo\u017cemy powiedzie\u0107,<\/strong> \u017ce to by\u0142 <strong>szczeg\u00f3lnie<\/strong> dla Was kochane<strong> dzieci<\/strong> ale i dla nas naprawd\u0119 <strong>pracowity rok.<\/strong> Jednak ju\u017c czas na zas\u0142u\u017cone wakacje. <\/span><\/p>\n<p><span style=\"font-size: 16px; font-family: georgia, palatino, serif;\"><!--more--><\/span><\/p>\n<p style=\"text-align: justify;\"><span style=\"font-size: 16px; font-family: georgia, palatino, serif;\">Z niekt\u00f3rymi z Was <strong>spotkamy si\u0119<\/strong> jeszcze <strong>na p\u00f3\u0142koloniach,<\/strong> gdzie dalej b\u0119dziemy <strong>przypomina\u0107 o bezpiecze\u0144stwie.<\/strong> Tymczasem nie pozostaje nam nic innego jak zamkn\u0105\u0107 rok szkolny 2022\/2023 i <strong>\u017cyczy\u0107 Wam bezpiecznych wakacji!<\/strong><\/span><\/p>\n<p style=\"text-align: justify;\"><span style=\"font-size: 16px; font-family: georgia, palatino, serif;\"><div class=\"su-spacer\" style=\"height:50px\"><\/div><\/span><\/p>\n<div style=\"width: 1048px;\" class=\"wp-video\"><!--[if lt IE 9]><script>document.createElement('video');<\/script><![endif]-->\n<video class=\"wp-video-shortcode\" id=\"video-28355-1\" width=\"1048\" height=\"878\" preload=\"metadata\" controls=\"controls\"><source type=\"video\/mp4\" src=\"https:\/\/smwroclaw.pl\/wp-content\/uploads\/2023\/06\/BEZPIECZNIE4.mp4?_=1\" \/><a href=\"https:\/\/smwroclaw.pl\/wp-content\/uploads\/2023\/06\/BEZPIECZNIE4.mp4\">https:\/\/smwroclaw.pl\/wp-content\/uploads\/2023\/06\/BEZPIECZNIE4.mp4<\/a><\/video><\/div>\n<p style=\"text-align: justify;\"><span style=\"font-size: 16px; font-family: georgia, palatino, serif;\">KB<\/span><\/p>\n","protected":false},"excerpt":{"rendered":"<p>Z du\u017cym zaanga\u017cowaniem starali\u015bmy si\u0119 sprosta\u0107 potrzebom edukacyjnym zwi\u0105zanym z bezpiecze\u0144stwem dzieci i m\u0142odzie\u017cy w tym roku szkolnym. Z ca\u0142\u0105 pewno\u015bci\u0105 mo\u017cemy powiedzie\u0107, \u017ce to by\u0142 szczeg\u00f3lnie dla Was kochane dzieci ale i dla nas naprawd\u0119 pracowity rok. Jednak ju\u017c czas na zas\u0142u\u017cone wakacje.<\/p>\n","protected":false},"author":12,"featured_media":28357,"comment_status":"closed","ping_status":"closed","sticky":false,"template":"","format":"standard","meta":{"footnotes":""},"categories":[16],"tags":[],"class_list":["post-28355","post","type-post","status-publish","format-standard","has-post-thumbnail","hentry","category-aktual"],"_links":{"self":[{"href":"https:\/\/smwroclaw.pl\/index.php?rest_route=\/wp\/v2\/posts\/28355","targetHints":{"allow":["GET"]}}],"collection":[{"href":"https:\/\/smwroclaw.pl\/index.php?rest_route=\/wp\/v2\/posts"}],"about":[{"href":"https:\/\/smwroclaw.pl\/index.php?rest_route=\/wp\/v2\/types\/post"}],"author":[{"embeddable":true,"href":"https:\/\/smwroclaw.pl\/index.php?rest_route=\/wp\/v2\/users\/12"}],"replies":[{"embeddable":true,"href":"https:\/\/smwroclaw.pl\/index.php?rest_route=%2Fwp%2Fv2%2Fcomments&post=28355"}],"version-history":[{"count":4,"href":"https:\/\/smwroclaw.pl\/index.php?rest_route=\/wp\/v2\/posts\/28355\/revisions"}],"predecessor-version":[{"id":28362,"href":"https:\/\/smwroclaw.pl\/index.php?rest_route=\/wp\/v2\/posts\/28355\/revisions\/28362"}],"wp:featuredmedia":[{"embeddable":true,"href":"https:\/\/smwroclaw.pl\/index.php?rest_route=\/wp\/v2\/media\/28357"}],"wp:attachment":[{"href":"https:\/\/smwroclaw.pl\/index.php?rest_route=%2Fwp%2Fv2%2Fmedia&parent=28355"}],"wp:term":[{"taxonomy":"category","embeddable":true,"href":"https:\/\/smwroclaw.pl\/index.php?rest_route=%2Fwp%2Fv2%2Fcategories&post=28355"},{"taxonomy":"post_tag","embeddable":true,"href":"https:\/\/smwroclaw.pl\/index.php?rest_route=%2Fwp%2Fv2%2Ftags&post=28355"}],"curies":[{"name":"wp","href":"https:\/\/api.w.org\/{rel}","templated":true}]}}