{"id":2836,"date":"2018-07-20T10:47:06","date_gmt":"2018-07-20T08:47:06","guid":{"rendered":"http:\/\/smwroclaw.pl\/?p=2836"},"modified":"2018-07-25T08:31:20","modified_gmt":"2018-07-25T06:31:20","slug":"pozar-budynku-przy-ulicy-dubois-straznicy-miejscy-byli-na-miejscu-pierwsi","status":"publish","type":"post","link":"https:\/\/smwroclaw.pl\/?p=2836","title":{"rendered":"PO\u017bAR BUDYNKU PRZY ULICY DUBOIS &#8211; STRA\u017bNICY MIEJSCY BYLI NA MIEJSCU PIERWSI"},"content":{"rendered":"<p style=\"text-align: justify;\"><span style=\"font-family: georgia,palatino,serif; font-size: 16px;\">W dniu <strong>19.07.2018r o godzinie 12:55<\/strong> podczas przejazdu <strong>ul. Stanis\u0142awa Dubois 31<\/strong> stra\u017cnicy miejscy zauwa\u017cyli wydobywaj\u0105cy si\u0119 <strong>g\u0119sty czarny dym z okien<\/strong> lokalu mieszkalnego na czwartym pi\u0119trz\u0119 w budynku wielorodzinnym &#8211; <strong>to by\u0142 po\u017car!<\/strong> Stra\u017cnicy wezwali na miejsce Pa\u0144stwow\u0105 Stra\u017c Po\u017carn\u0105 a nast\u0119pnie\u00a0 weszli do budynku w celu powiadomienia o niebezpiecze\u0144stwie i ewakuacji mieszka\u0144c\u00f3w.<\/span><!--more--><\/p>\n<p style=\"text-align: justify;\"><span style=\"font-family: georgia,palatino,serif; font-size: 16px;\"> Na klatce schodowej by\u0142o silne zadymienie, pomimo tego,stra\u017cnicy weszli\u00a0 na najwy\u017csze pi\u0119tro &#8211; po drodze dobijano si\u0119 do wszystkich mieszka\u0144\u00a0 informuj\u0105c o po\u017carze i konieczno\u015bci natychmiastowego opuszczeniu budynku ze wzgl\u0119du na zagro\u017cenie \u017cycia i zdrowia. <\/span><\/p>\n<p style=\"text-align: justify;\"><span style=\"font-family: georgia,palatino,serif; font-size: 16px;\">W trakcie wyprowadzania mieszka\u0144c\u00f3w, kt\u00f3rych by\u0142o 18, uzyskano informacj\u0119, \u017ce w p\u0142on\u0105cym lokalu mog\u0105 przebywa\u0107 dwie osoby. Po dotarciu na najwy\u017csz\u0105 kondygnacj\u0119 budynku zlokalizowano lokal, z kt\u00f3rego wydobywa\u0142y si\u0119 k\u0142\u0119by g\u0119stego czarnego dymu co \u015bwiadczy\u0142o o trwaj\u0105cym po\u017carze wewn\u0105trz lokalu, w tym momencie oko\u0142o godziny 13:05 na miejsce do\u0142\u0105czyli do stra\u017cnik\u00f3w pierwsi stra\u017cacy. Przekazano im informacj\u0119 o mo\u017cliwo\u015bci przebywania os\u00f3b w p\u0142on\u0105cym mieszkaniu. <\/span><\/p>\n<p style=\"text-align: justify;\"><span style=\"font-family: georgia,palatino,serif; font-size: 16px;\">Wraz z jednym ze stra\u017cak\u00f3w podj\u0119to pr\u00f3b\u0119 wej\u015bcia do p\u0142on\u0105cego mieszkania, jednak po uchyleniu drzwi z uwagi na bardzo du\u017ce zadymienie na zewn\u0105trz jak i wewn\u0105trz oraz widoczne p\u0142omienie, stra\u017cnicy miejscy musieli wycofali si\u0119 z budynku. Stra\u017cnicy schodz\u0105c udzielili pomocy kilku starszym osob\u0105 w opuszczeniu kamienicy. <\/span><\/p>\n<p style=\"text-align: justify;\"><span style=\"font-family: georgia,palatino,serif; font-size: 16px;\">Po dotarciu na miejsce kilku zast\u0119p\u00f3w Pa\u0144stwowej Stra\u017cy Po\u017carnej oraz karetek Pogotowia Ratunkowego,\u00a0 Pogotowia energetycznego i Pogotowia Gazowego, stra\u017cnicy miejscy zaj\u0119li si\u0119 zabezpieczeniem terenu &#8211; odgradzaj\u0105c ta\u015bm\u0105 ostrzegawcz\u0105 miejsce niebezpieczne przed dost\u0119pem os\u00f3b postronnych. Mieszka\u0144c\u00f3w ewakuowana\u00a0 na bezpieczn\u0105 odleg\u0142o\u015b\u0107 poza ta\u015bm\u0119 zabezpieczaj\u0105c\u0105, do specjalnego autobusu (przygotowanego przez MPK). <\/span><\/p>\n<p style=\"text-align: justify;\"><span style=\"font-family: georgia,palatino,serif; font-size: 16px;\">Podczas trwania akcji ratunkowo &#8211; ga\u015bniczej, ratownicy medyczni wraz ze stra\u017cakami wyprowadzili z lokalu rannego m\u0119\u017cczyzn\u0119, kt\u00f3remu natychmiast udzieli\u0142o pomocy pogotowie. Po ustaniu akcji ga\u015bniczej i udzieleniu pierwszej pomocy, stra\u017cacy\u00a0 zaj\u0119li si\u0119 oddymianiem budynku. Jak si\u0119 p\u00f3\u017aniej dowiedzieli\u015bmy, niestety w po\u017carze zgin\u0119\u0142a jedna osoba.<br \/>\n<\/span><\/p>\n<p><img fetchpriority=\"high\" decoding=\"async\" class=\" wp-image-2857 aligncenter\" src=\"https:\/\/smwroclaw.pl\/wp-content\/uploads\/2018\/07\/IMG_20180719_130615.jpg\" alt=\"\" width=\"626\" height=\"353\" srcset=\"https:\/\/smwroclaw.pl\/wp-content\/uploads\/2018\/07\/IMG_20180719_130615.jpg 4632w, https:\/\/smwroclaw.pl\/wp-content\/uploads\/2018\/07\/IMG_20180719_130615-300x169.jpg 300w, https:\/\/smwroclaw.pl\/wp-content\/uploads\/2018\/07\/IMG_20180719_130615-768x432.jpg 768w\" sizes=\"(max-width: 626px) 100vw, 626px\" \/><\/p>\n<p><img decoding=\"async\" class=\" wp-image-2858 aligncenter\" src=\"https:\/\/smwroclaw.pl\/wp-content\/uploads\/2018\/07\/IMG_20180719_130734-2266x4024.jpg\" alt=\"\" width=\"624\" height=\"1109\" srcset=\"https:\/\/smwroclaw.pl\/wp-content\/uploads\/2018\/07\/IMG_20180719_130734-2266x4024.jpg 2266w, https:\/\/smwroclaw.pl\/wp-content\/uploads\/2018\/07\/IMG_20180719_130734-169x300.jpg 169w, https:\/\/smwroclaw.pl\/wp-content\/uploads\/2018\/07\/IMG_20180719_130734-768x1364.jpg 768w\" sizes=\"(max-width: 624px) 100vw, 624px\" \/><\/p>\n<p><img decoding=\"async\" class=\" wp-image-2859 aligncenter\" src=\"https:\/\/smwroclaw.pl\/wp-content\/uploads\/2018\/07\/IMG_20180719_130820-2266x4024.jpg\" alt=\"\" width=\"626\" height=\"1111\" srcset=\"https:\/\/smwroclaw.pl\/wp-content\/uploads\/2018\/07\/IMG_20180719_130820-2266x4024.jpg 2266w, https:\/\/smwroclaw.pl\/wp-content\/uploads\/2018\/07\/IMG_20180719_130820-169x300.jpg 169w, https:\/\/smwroclaw.pl\/wp-content\/uploads\/2018\/07\/IMG_20180719_130820-768x1364.jpg 768w\" sizes=\"(max-width: 626px) 100vw, 626px\" \/><\/p>\n<p><img loading=\"lazy\" decoding=\"async\" class=\" wp-image-2860 aligncenter\" src=\"https:\/\/smwroclaw.pl\/wp-content\/uploads\/2018\/07\/IMG_20180719_131657-2266x4024.jpg\" alt=\"\" width=\"627\" height=\"1113\" srcset=\"https:\/\/smwroclaw.pl\/wp-content\/uploads\/2018\/07\/IMG_20180719_131657-2266x4024.jpg 2266w, https:\/\/smwroclaw.pl\/wp-content\/uploads\/2018\/07\/IMG_20180719_131657-169x300.jpg 169w, https:\/\/smwroclaw.pl\/wp-content\/uploads\/2018\/07\/IMG_20180719_131657-768x1364.jpg 768w\" sizes=\"(max-width: 627px) 100vw, 627px\" \/><\/p>\n<p><img loading=\"lazy\" decoding=\"async\" class=\" wp-image-2861 aligncenter\" src=\"https:\/\/smwroclaw.pl\/wp-content\/uploads\/2018\/07\/IMG_20180719_135856.jpg\" alt=\"\" width=\"628\" height=\"354\" srcset=\"https:\/\/smwroclaw.pl\/wp-content\/uploads\/2018\/07\/IMG_20180719_135856.jpg 4632w, https:\/\/smwroclaw.pl\/wp-content\/uploads\/2018\/07\/IMG_20180719_135856-300x169.jpg 300w, https:\/\/smwroclaw.pl\/wp-content\/uploads\/2018\/07\/IMG_20180719_135856-768x432.jpg 768w\" sizes=\"(max-width: 628px) 100vw, 628px\" \/><\/p>\n<p><img loading=\"lazy\" decoding=\"async\" class=\" wp-image-2862 aligncenter\" src=\"https:\/\/smwroclaw.pl\/wp-content\/uploads\/2018\/07\/IMG_20180719_135759.jpg\" alt=\"\" width=\"635\" height=\"357\" srcset=\"https:\/\/smwroclaw.pl\/wp-content\/uploads\/2018\/07\/IMG_20180719_135759.jpg 4632w, https:\/\/smwroclaw.pl\/wp-content\/uploads\/2018\/07\/IMG_20180719_135759-300x169.jpg 300w, https:\/\/smwroclaw.pl\/wp-content\/uploads\/2018\/07\/IMG_20180719_135759-768x432.jpg 768w\" sizes=\"(max-width: 635px) 100vw, 635px\" \/><\/p>\n<p>&nbsp;<\/p>\n<p><strong>wf<\/strong><\/p>\n","protected":false},"excerpt":{"rendered":"<p>W dniu 19.07.2018r o godzinie 12:55 podczas przejazdu ul. Stanis\u0142awa Dubois 31 stra\u017cnicy miejscy zauwa\u017cyli wydobywaj\u0105cy si\u0119 g\u0119sty czarny dym z okien lokalu mieszkalnego na czwartym pi\u0119trz\u0119 w budynku wielorodzinnym &#8211; to by\u0142 po\u017car! Stra\u017cnicy wezwali na miejsce Pa\u0144stwow\u0105 Stra\u017c Po\u017carn\u0105 a nast\u0119pnie\u00a0 weszli do budynku w celu powiadomienia o niebezpiecze\u0144stwie i ewakuacji mieszka\u0144c\u00f3w.<\/p>\n","protected":false},"author":4,"featured_media":2856,"comment_status":"closed","ping_status":"closed","sticky":false,"template":"","format":"standard","meta":{"footnotes":""},"categories":[16],"tags":[],"class_list":["post-2836","post","type-post","status-publish","format-standard","has-post-thumbnail","hentry","category-aktual"],"_links":{"self":[{"href":"https:\/\/smwroclaw.pl\/index.php?rest_route=\/wp\/v2\/posts\/2836","targetHints":{"allow":["GET"]}}],"collection":[{"href":"https:\/\/smwroclaw.pl\/index.php?rest_route=\/wp\/v2\/posts"}],"about":[{"href":"https:\/\/smwroclaw.pl\/index.php?rest_route=\/wp\/v2\/types\/post"}],"author":[{"embeddable":true,"href":"https:\/\/smwroclaw.pl\/index.php?rest_route=\/wp\/v2\/users\/4"}],"replies":[{"embeddable":true,"href":"https:\/\/smwroclaw.pl\/index.php?rest_route=%2Fwp%2Fv2%2Fcomments&post=2836"}],"version-history":[{"count":11,"href":"https:\/\/smwroclaw.pl\/index.php?rest_route=\/wp\/v2\/posts\/2836\/revisions"}],"predecessor-version":[{"id":2863,"href":"https:\/\/smwroclaw.pl\/index.php?rest_route=\/wp\/v2\/posts\/2836\/revisions\/2863"}],"wp:featuredmedia":[{"embeddable":true,"href":"https:\/\/smwroclaw.pl\/index.php?rest_route=\/wp\/v2\/media\/2856"}],"wp:attachment":[{"href":"https:\/\/smwroclaw.pl\/index.php?rest_route=%2Fwp%2Fv2%2Fmedia&parent=2836"}],"wp:term":[{"taxonomy":"category","embeddable":true,"href":"https:\/\/smwroclaw.pl\/index.php?rest_route=%2Fwp%2Fv2%2Fcategories&post=2836"},{"taxonomy":"post_tag","embeddable":true,"href":"https:\/\/smwroclaw.pl\/index.php?rest_route=%2Fwp%2Fv2%2Ftags&post=2836"}],"curies":[{"name":"wp","href":"https:\/\/api.w.org\/{rel}","templated":true}]}}