{"id":2879,"date":"2018-07-25T12:04:53","date_gmt":"2018-07-25T10:04:53","guid":{"rendered":"http:\/\/smwroclaw.pl\/?p=2879"},"modified":"2018-07-26T07:54:36","modified_gmt":"2018-07-26T05:54:36","slug":"swieto-policji-24-lipca-2018-r","status":"publish","type":"post","link":"https:\/\/smwroclaw.pl\/?p=2879","title":{"rendered":"\u015aWI\u0118TO  POLICJI  24 Lipca 2018 r."},"content":{"rendered":"<h3 style=\"text-align: justify;\"><span style=\"font-family: georgia,palatino,serif; font-size: 16px; color: #000000;\">Policja Pa\u0144stwowa zosta\u0142a powo\u0142ana ustaw\u0105 Sejmu II Rzeczypospolitej z 24 lipca 1919 r. Na pami\u0105tk\u0119 tego wydarzenia wsp\u00f3\u0142czesna Policja obchodzi swoje \u015bwi\u0119to\u00a0 24 lipca. Polska Policja to najwi\u0119ksza formacja resortu spraw wewn\u0119trznych i administracji. <\/span><span style=\"font-family: georgia,palatino,serif; font-size: 16px; color: #000000;\">Jej funkcjonariusze przy wsparciu pracownik\u00f3w Policji codziennie czuwaj\u0105 nad bezpiecze\u0144stwem obywateli i pilnuj\u0105 porz\u0105dku publicznego. Ka\u017cdego dnia z determinacj\u0105, po\u015bwi\u0119ceniem i odwag\u0105 nara\u017caj\u0105 swoje \u017cycie i zdrowie w trosce o dobro drugiego cz\u0142owieka.<\/span><\/h3>\n<p><!--more--><\/p>\n<p><img fetchpriority=\"high\" decoding=\"async\" class=\" wp-image-2885 aligncenter\" src=\"https:\/\/smwroclaw.pl\/wp-content\/uploads\/2018\/07\/POLICJA-2018-JPG.jpg\" alt=\"\" width=\"628\" height=\"490\" srcset=\"https:\/\/smwroclaw.pl\/wp-content\/uploads\/2018\/07\/POLICJA-2018-JPG.jpg 688w, https:\/\/smwroclaw.pl\/wp-content\/uploads\/2018\/07\/POLICJA-2018-JPG-300x234.jpg 300w\" sizes=\"(max-width: 628px) 100vw, 628px\" \/><\/p>\n<p style=\"text-align: justify;\"><span style=\"font-size: 20px; color: #000080;\"><strong><span style=\"font-family: comic sans ms,sans-serif;\">Z okazji XCIX rocznicy utworzenia Policji w imieniu swoim a tak\u017ce stra\u017cnik\u00f3w miejskich i pracownik\u00f3w Stra\u017cy Miejskiej Wroc\u0142awia, mam ogromny zaszczyt z\u0142o\u017cy\u0107 najserdeczniejsze gratulacje oraz \u017cyczenia wszelkiej pomy\u015blno\u015bci dla funkcjonariuszy i pracownik\u00f3w Policji. Dzi\u0119kuj\u0119 za dotychczasow\u0105 wsp\u00f3\u0142prac\u0119, \u017cywi\u0119 nadziej\u0119, \u017ce nasze dalsze dzia\u0142ania przyczyni\u0105 si\u0119 do poprawy bezpiecze\u0144stwa i komfortu \u017cycia spo\u0142eczno\u015bci lokalnej Wroc\u0142awia.<\/span><\/strong><\/span><\/p>\n<p style=\"text-align: justify;\"><span style=\"font-size: 20px; color: #000080;\"><strong><span style=\"font-family: comic sans ms,sans-serif;\">\u00a0\u00a0\u00a0\u00a0\u00a0\u00a0\u00a0\u00a0\u00a0\u00a0\u00a0\u00a0\u00a0\u00a0\u00a0\u00a0\u00a0\u00a0\u00a0\u00a0\u00a0\u00a0\u00a0\u00a0\u00a0\u00a0\u00a0\u00a0\u00a0\u00a0\u00a0\u00a0\u00a0\u00a0\u00a0\u00a0\u00a0\u00a0\u00a0\u00a0\u00a0\u00a0\u00a0\u00a0\u00a0\u00a0\u00a0 \u00a0\u00a0 Komendant <\/span><\/strong><\/span><\/p>\n<p style=\"text-align: justify;\"><span style=\"font-size: 20px; color: #000080;\"><strong><span style=\"font-family: comic sans ms,sans-serif;\">\u00a0\u00a0\u00a0\u00a0\u00a0\u00a0\u00a0\u00a0\u00a0\u00a0\u00a0\u00a0\u00a0\u00a0\u00a0\u00a0\u00a0\u00a0\u00a0\u00a0\u00a0\u00a0\u00a0\u00a0\u00a0\u00a0\u00a0\u00a0\u00a0\u00a0\u00a0\u00a0\u00a0\u00a0\u00a0\u00a0\u00a0\u00a0\u00a0\u00a0\u00a0\u00a0\u00a0 Stra\u017cy Miejskiej Wroc\u0142awia<\/span><\/strong><\/span><\/p>\n<p><span style=\"font-size: 20px; color: #000080;\"><strong><span style=\"font-family: comic sans ms,sans-serif;\">\u00a0\u00a0\u00a0\u00a0\u00a0\u00a0\u00a0\u00a0\u00a0\u00a0\u00a0\u00a0\u00a0\u00a0\u00a0\u00a0\u00a0\u00a0\u00a0\u00a0\u00a0\u00a0\u00a0\u00a0\u00a0\u00a0\u00a0\u00a0\u00a0\u00a0\u00a0\u00a0\u00a0\u00a0\u00a0\u00a0\u00a0\u00a0\u00a0\u00a0\u00a0\u00a0\u00a0\u00a0\u00a0\u00a0\u00a0\u00a0 Zbigniew S\u0142ysz<\/span><\/strong><\/span><\/p>\n<p>&nbsp;<\/p>\n","protected":false},"excerpt":{"rendered":"<p>Policja Pa\u0144stwowa zosta\u0142a powo\u0142ana ustaw\u0105 Sejmu II Rzeczypospolitej z 24 lipca 1919 r. Na pami\u0105tk\u0119 tego wydarzenia wsp\u00f3\u0142czesna Policja obchodzi swoje \u015bwi\u0119to\u00a0 24 lipca. Polska Policja to najwi\u0119ksza formacja resortu spraw wewn\u0119trznych i administracji. Jej funkcjonariusze przy wsparciu pracownik\u00f3w Policji codziennie czuwaj\u0105 nad bezpiecze\u0144stwem obywateli i pilnuj\u0105 porz\u0105dku publicznego. Ka\u017cdego dnia z determinacj\u0105, po\u015bwi\u0119ceniem i [&hellip;]<\/p>\n","protected":false},"author":4,"featured_media":1511,"comment_status":"closed","ping_status":"closed","sticky":false,"template":"","format":"standard","meta":{"footnotes":""},"categories":[16],"tags":[],"class_list":["post-2879","post","type-post","status-publish","format-standard","has-post-thumbnail","hentry","category-aktual"],"_links":{"self":[{"href":"https:\/\/smwroclaw.pl\/index.php?rest_route=\/wp\/v2\/posts\/2879","targetHints":{"allow":["GET"]}}],"collection":[{"href":"https:\/\/smwroclaw.pl\/index.php?rest_route=\/wp\/v2\/posts"}],"about":[{"href":"https:\/\/smwroclaw.pl\/index.php?rest_route=\/wp\/v2\/types\/post"}],"author":[{"embeddable":true,"href":"https:\/\/smwroclaw.pl\/index.php?rest_route=\/wp\/v2\/users\/4"}],"replies":[{"embeddable":true,"href":"https:\/\/smwroclaw.pl\/index.php?rest_route=%2Fwp%2Fv2%2Fcomments&post=2879"}],"version-history":[{"count":16,"href":"https:\/\/smwroclaw.pl\/index.php?rest_route=\/wp\/v2\/posts\/2879\/revisions"}],"predecessor-version":[{"id":7572,"href":"https:\/\/smwroclaw.pl\/index.php?rest_route=\/wp\/v2\/posts\/2879\/revisions\/7572"}],"wp:featuredmedia":[{"embeddable":true,"href":"https:\/\/smwroclaw.pl\/index.php?rest_route=\/wp\/v2\/media\/1511"}],"wp:attachment":[{"href":"https:\/\/smwroclaw.pl\/index.php?rest_route=%2Fwp%2Fv2%2Fmedia&parent=2879"}],"wp:term":[{"taxonomy":"category","embeddable":true,"href":"https:\/\/smwroclaw.pl\/index.php?rest_route=%2Fwp%2Fv2%2Fcategories&post=2879"},{"taxonomy":"post_tag","embeddable":true,"href":"https:\/\/smwroclaw.pl\/index.php?rest_route=%2Fwp%2Fv2%2Ftags&post=2879"}],"curies":[{"name":"wp","href":"https:\/\/api.w.org\/{rel}","templated":true}]}}