{"id":29023,"date":"2023-10-09T07:57:08","date_gmt":"2023-10-09T05:57:08","guid":{"rendered":"https:\/\/smwroclaw.pl\/?p=29023"},"modified":"2023-10-09T09:18:05","modified_gmt":"2023-10-09T07:18:05","slug":"tak-nie-parkujmy-613","status":"publish","type":"post","link":"https:\/\/smwroclaw.pl\/?p=29023","title":{"rendered":"TAK NIE PARKUJMY"},"content":{"rendered":"<p style=\"text-align: justify;\"><span style=\"font-family: georgia, palatino, serif; font-size: 16px;\"><strong>6,7,8 pa\u017adziernika 2023 r. (pi\u0105tek, sobota, niedziela)<\/strong> stra\u017cnicy miejscy w wyniku dzia\u0142a\u0144 prewencyjno kontrolnych, pod k\u0105tem przestrzegania przepis\u00f3w zawartych w <strong>ustawie prawo o ruchu drogowym<\/strong>:<\/span><br \/>\n<span style=\"font-family: georgia, palatino, serif; font-size: 16px;\">\u2022 na\u0142o\u017cyli <strong>113<\/strong> mandat\u00f3w na kwot\u0119<strong> 43700 z\u0142<\/strong>;<\/span><br \/>\n<span style=\"font-family: georgia, palatino, serif; font-size: 16px;\">\u2022 wydali dyspozycje odholowania <strong>30<\/strong> pojazd\u00f3w;<\/span><br \/>\n<span style=\"font-family: georgia, palatino, serif; font-size: 16px;\">\u2022 na ko\u0142a nieprawid\u0142owo zaparkowanych pojazd\u00f3w za\u0142o\u017cyli<strong> 9<\/strong> blokad;<\/span><br \/>\n<span style=\"font-family: georgia, palatino, serif; font-size: 16px;\">\u2022 pouczyli <strong>26<\/strong> os\u00f3b;<\/span><br \/>\n<span style=\"font-family: georgia, palatino, serif; font-size: 16px;\">\u2022 w sprawie <strong>79<\/strong> wykrocze\u0144 wszcz\u0119to czynno\u015bci wyja\u015bniaj\u0105ce.<\/span><\/p>\n","protected":false},"excerpt":{"rendered":"<p>6,7,8 pa\u017adziernika 2023 r. (pi\u0105tek, sobota, niedziela) stra\u017cnicy miejscy w wyniku dzia\u0142a\u0144 prewencyjno kontrolnych, pod k\u0105tem przestrzegania przepis\u00f3w zawartych w ustawie prawo o ruchu drogowym: \u2022 na\u0142o\u017cyli 113 mandat\u00f3w na kwot\u0119 43700 z\u0142; \u2022 wydali dyspozycje odholowania 30 pojazd\u00f3w; \u2022 na ko\u0142a nieprawid\u0142owo zaparkowanych pojazd\u00f3w za\u0142o\u017cyli 9 blokad; \u2022 pouczyli 26 os\u00f3b; \u2022 w sprawie [&hellip;]<\/p>\n","protected":false},"author":7,"featured_media":28805,"comment_status":"closed","ping_status":"closed","sticky":false,"template":"","format":"standard","meta":{"footnotes":""},"categories":[16],"tags":[],"class_list":["post-29023","post","type-post","status-publish","format-standard","has-post-thumbnail","hentry","category-aktual"],"_links":{"self":[{"href":"https:\/\/smwroclaw.pl\/index.php?rest_route=\/wp\/v2\/posts\/29023","targetHints":{"allow":["GET"]}}],"collection":[{"href":"https:\/\/smwroclaw.pl\/index.php?rest_route=\/wp\/v2\/posts"}],"about":[{"href":"https:\/\/smwroclaw.pl\/index.php?rest_route=\/wp\/v2\/types\/post"}],"author":[{"embeddable":true,"href":"https:\/\/smwroclaw.pl\/index.php?rest_route=\/wp\/v2\/users\/7"}],"replies":[{"embeddable":true,"href":"https:\/\/smwroclaw.pl\/index.php?rest_route=%2Fwp%2Fv2%2Fcomments&post=29023"}],"version-history":[{"count":1,"href":"https:\/\/smwroclaw.pl\/index.php?rest_route=\/wp\/v2\/posts\/29023\/revisions"}],"predecessor-version":[{"id":29025,"href":"https:\/\/smwroclaw.pl\/index.php?rest_route=\/wp\/v2\/posts\/29023\/revisions\/29025"}],"wp:featuredmedia":[{"embeddable":true,"href":"https:\/\/smwroclaw.pl\/index.php?rest_route=\/wp\/v2\/media\/28805"}],"wp:attachment":[{"href":"https:\/\/smwroclaw.pl\/index.php?rest_route=%2Fwp%2Fv2%2Fmedia&parent=29023"}],"wp:term":[{"taxonomy":"category","embeddable":true,"href":"https:\/\/smwroclaw.pl\/index.php?rest_route=%2Fwp%2Fv2%2Fcategories&post=29023"},{"taxonomy":"post_tag","embeddable":true,"href":"https:\/\/smwroclaw.pl\/index.php?rest_route=%2Fwp%2Fv2%2Ftags&post=29023"}],"curies":[{"name":"wp","href":"https:\/\/api.w.org\/{rel}","templated":true}]}}