{"id":29110,"date":"2023-10-25T14:00:14","date_gmt":"2023-10-25T12:00:14","guid":{"rendered":"https:\/\/smwroclaw.pl\/?p=29110"},"modified":"2023-10-25T14:00:14","modified_gmt":"2023-10-25T12:00:14","slug":"jazda-na-rowerze-bez-kasku-tak-czy-nie","status":"publish","type":"post","link":"https:\/\/smwroclaw.pl\/?p=29110","title":{"rendered":"JAZDA NA ROWERZE BEZ KASKU \u2013 TAK CZY NIE"},"content":{"rendered":"<p style=\"text-align: justify;\"><span style=\"font-family: georgia, palatino, serif; font-size: 16px;\">W dniu wczorajszym jeden z naszych funkcjonariuszy w drodze z pracy do domu by\u0142 \u015bwiadkiem wypadku w czasie kt\u00f3rego m\u0142ody rowerzysta nie opanowa\u0142 jedno\u015bladu, przekozio\u0142kowa\u0142 uderzaj\u0105c g\u0142ow\u0105 o chodnik. Nasz stra\u017cnik niezw\u0142ocznie udzieli\u0142 ch\u0142opcu pierwszej pomocy oraz wezwa\u0142 Pogotowie Ratunkowe. By\u0142 p\u0142acz, zdenerwowanie, powiadomiono mam\u0119, kt\u00f3ra tak\u017ce nie potrafi\u0142a kry\u0107 emocji. <\/span><span style=\"font-family: georgia, palatino, serif; font-size: 16px;\">Czy mo\u017cna by\u0142o zapobiec ca\u0142ej sytuacji? Raczej nie, ale mo\u017cna by\u0142o zminimalizowa\u0107 skutki nag\u0142ego zderzenia g\u0142owy z chodnikiem. No w\u0142a\u015bnie, czy m\u0142ody cz\u0142owiek posiada\u0142 na g\u0142owie kask? Ot\u00f3\u017c w tym przypadku niestety nie, a gdyby mia\u0142 to najad\u0142by si\u0119 troch\u0119 strachu, mia\u0142by kilka zadrapa\u0144, ale pomoc Pogotowia nie by\u0142aby potrzebna.<\/span><!--more--><\/p>\n<p style=\"text-align: justify;\"><span style=\"font-family: georgia, palatino, serif; font-size: 16px;\"><strong>Lekarze alarmuj\u0105<\/strong> \u2013 najci\u0119\u017csze urazy os\u00f3b po wypadkach na rowerach czy hulajnogach, trafiaj\u0105ce do szpitala, to te, gdzie na g\u0142owie nie by\u0142o kasku.<\/span><br \/>\n<span style=\"font-family: georgia, palatino, serif; font-size: 16px;\">Codziennie w <strong>Szpitalnym Oddziale Ratunkowym<\/strong> przyjmowanych jest kilku rowerzyst\u00f3w i u\u017cytkownik\u00f3w hulajn\u00f3g z r\u00f3\u017cnymi urazami, dominuj\u0105 g\u0142\u00f3wnie obra\u017cenia ko\u0144czyn, ale tak\u017ce g\u0142owy i twarzy \u2013 m\u00f3wi <strong>dr Janusz Soko\u0142owski<\/strong>, kierownik SOR &#8211; u w Uniwersyteckim Szpitalu Klinicznym we Wroc\u0142awiu. \u201eTo obra\u017cenia bardzo r\u00f3\u017cne. Pocz\u0105wszy od otar\u0107 nask\u00f3rka, po powa\u017cniejsze, jak wybicie z\u0119b\u00f3w, z\u0142amania ko\u015bci twarzoczaszki, co wymaga interwencji chirurga szcz\u0119kowego, po rozerwania podniebienia, warg i te najci\u0119\u017csze dotycz\u0105ce uszkodzenia o\u015brodkowego uk\u0142adu nerwowego wymagaj\u0105ce nawet interwencji neurochirurgicznej&#8221; \u2013 wylicza.<\/span><\/p>\n<p style=\"text-align: justify;\"><span style=\"font-family: georgia, palatino, serif; font-size: 16px;\"> Je\u017celi wci\u0105\u017c nie zdo\u0142ali\u015bmy przekona\u0107 Pa\u0144stwa, co do konieczno\u015bci ubioru ochronnego nakrycia g\u0142owy (kask), mamy nadziej\u0119, \u017ce jednak zmieni\u0105 Pa\u0144stwo zdanie! Przeja\u017cd\u017cka jedno\u015bladem z kaskiem na g\u0142owie to zawsze s\u0142uszna decyzja! Niewa\u017cne czy je\u017adzisz po mie\u015bcie po idealnych asfaltowych \u015bcie\u017ckach, czy te\u017c wybierasz g\u00f3rskie, ekstremalne szlaki.<\/span><br \/>\n<strong><span style=\"font-family: georgia, palatino, serif; font-size: 16px;\">Stra\u017c Miejska Wroc\u0142awia przypomina!<\/span><\/strong><br \/>\n<span style=\"font-family: georgia, palatino, serif; font-size: 16px;\">Jazda na hulajnodze elektrycznej bez kasku jest tak samo niebezpieczna, jak jazda na rowerze bez ochrony g\u0142owy.\u00a0Mo\u017ce to w\u0142a\u015bnie dzi\u015b jest dobry dzie\u0144, \u017ceby poszuka\u0107 wyj\u0105tkowego kasku ochronnego.<\/span><\/p>\n<p style=\"text-align: justify;\"><span style=\"font-family: georgia, palatino, serif; font-size: 16px;\">#Nietra\u0107g\u0142owynarowerze<\/span><br \/>\n<span style=\"font-family: georgia, palatino, serif; font-size: 16px;\">#Jazdawkaskunieboli<\/span><\/p>\n","protected":false},"excerpt":{"rendered":"<p>W dniu wczorajszym jeden z naszych funkcjonariuszy w drodze z pracy do domu by\u0142 \u015bwiadkiem wypadku w czasie kt\u00f3rego m\u0142ody rowerzysta nie opanowa\u0142 jedno\u015bladu, przekozio\u0142kowa\u0142 uderzaj\u0105c g\u0142ow\u0105 o chodnik. Nasz stra\u017cnik niezw\u0142ocznie udzieli\u0142 ch\u0142opcu pierwszej pomocy oraz wezwa\u0142 Pogotowie Ratunkowe. By\u0142 p\u0142acz, zdenerwowanie, powiadomiono mam\u0119, kt\u00f3ra tak\u017ce nie potrafi\u0142a kry\u0107 emocji. Czy mo\u017cna by\u0142o zapobiec [&hellip;]<\/p>\n","protected":false},"author":7,"featured_media":29112,"comment_status":"closed","ping_status":"closed","sticky":false,"template":"","format":"standard","meta":{"footnotes":""},"categories":[16],"tags":[],"class_list":["post-29110","post","type-post","status-publish","format-standard","has-post-thumbnail","hentry","category-aktual"],"_links":{"self":[{"href":"https:\/\/smwroclaw.pl\/index.php?rest_route=\/wp\/v2\/posts\/29110","targetHints":{"allow":["GET"]}}],"collection":[{"href":"https:\/\/smwroclaw.pl\/index.php?rest_route=\/wp\/v2\/posts"}],"about":[{"href":"https:\/\/smwroclaw.pl\/index.php?rest_route=\/wp\/v2\/types\/post"}],"author":[{"embeddable":true,"href":"https:\/\/smwroclaw.pl\/index.php?rest_route=\/wp\/v2\/users\/7"}],"replies":[{"embeddable":true,"href":"https:\/\/smwroclaw.pl\/index.php?rest_route=%2Fwp%2Fv2%2Fcomments&post=29110"}],"version-history":[{"count":1,"href":"https:\/\/smwroclaw.pl\/index.php?rest_route=\/wp\/v2\/posts\/29110\/revisions"}],"predecessor-version":[{"id":29111,"href":"https:\/\/smwroclaw.pl\/index.php?rest_route=\/wp\/v2\/posts\/29110\/revisions\/29111"}],"wp:featuredmedia":[{"embeddable":true,"href":"https:\/\/smwroclaw.pl\/index.php?rest_route=\/wp\/v2\/media\/29112"}],"wp:attachment":[{"href":"https:\/\/smwroclaw.pl\/index.php?rest_route=%2Fwp%2Fv2%2Fmedia&parent=29110"}],"wp:term":[{"taxonomy":"category","embeddable":true,"href":"https:\/\/smwroclaw.pl\/index.php?rest_route=%2Fwp%2Fv2%2Fcategories&post=29110"},{"taxonomy":"post_tag","embeddable":true,"href":"https:\/\/smwroclaw.pl\/index.php?rest_route=%2Fwp%2Fv2%2Ftags&post=29110"}],"curies":[{"name":"wp","href":"https:\/\/api.w.org\/{rel}","templated":true}]}}