{"id":29120,"date":"2023-10-27T14:42:05","date_gmt":"2023-10-27T12:42:05","guid":{"rendered":"https:\/\/smwroclaw.pl\/?p=29120"},"modified":"2023-10-27T14:48:29","modified_gmt":"2023-10-27T12:48:29","slug":"wszystkich-swietych-istotne-informacje-2","status":"publish","type":"post","link":"https:\/\/smwroclaw.pl\/?p=29120","title":{"rendered":"WSZYSTKICH \u015aWI\u0118TYCH \u2013 istotne informacje"},"content":{"rendered":"<p style=\"text-align: justify;\"><span style=\"font-family: georgia, palatino, serif; font-size: 16px;\">Przed nami dni zadumy i refleksji. Odwiedzamy groby rodzinne i znajomych. Patrole Stra\u017cy Miejskiej Wroc\u0142awia pracuj\u0105 ju\u017c w okolicach wroc\u0142awskich cmentarzy zwracaj\u0105c szczeg\u00f3ln\u0105 uwag\u0119 na bezpiecze\u0144stwo. Tradycyjnie musimy przygotowa\u0107 si\u0119 na zmiany w kursowaniu tramwaj\u00f3w i autobus\u00f3w, a tak\u017ce utrudnienia dla kierowc\u00f3w w pobli\u017cu miejskich nekropolii. Ze specjalnej komunikacji b\u0119dzie mo\u017cna skorzysta\u0107 a\u017c do 2 listopada do czego szczeg\u00f3lnie zach\u0119camy. Poni\u017cej przedstawiamy kilka wa\u017cnych rad i informacji, kt\u00f3re u\u0142atwi\u0105 spokojne i bezpieczne wizyty na cmentarzach.<\/span><!--more--><\/p>\n\n\t\t<style type=\"text\/css\">\n\t\t\t#gallery-1 {\n\t\t\t\tmargin: auto;\n\t\t\t}\n\t\t\t#gallery-1 .gallery-item {\n\t\t\t\tfloat: left;\n\t\t\t\tmargin-top: 10px;\n\t\t\t\ttext-align: center;\n\t\t\t\twidth: 33%;\n\t\t\t}\n\t\t\t#gallery-1 img {\n\t\t\t\tborder: 2px solid #cfcfcf;\n\t\t\t}\n\t\t\t#gallery-1 .gallery-caption {\n\t\t\t\tmargin-left: 0;\n\t\t\t}\n\t\t\t\/* see gallery_shortcode() in wp-includes\/media.php *\/\n\t\t<\/style>\n\t\t<div id='gallery-1' class='gallery galleryid-29120 gallery-columns-3 gallery-size-thumbnail'><dl class='gallery-item'>\n\t\t\t<dt class='gallery-icon landscape'>\n\t\t\t\t<a href='https:\/\/smwroclaw.pl\/?attachment_id=29127'><img fetchpriority=\"high\" decoding=\"async\" width=\"360\" height=\"260\" src=\"https:\/\/smwroclaw.pl\/wp-content\/uploads\/2023\/10\/5-360x260.jpg\" class=\"attachment-thumbnail size-thumbnail\" alt=\"\" \/><\/a>\n\t\t\t<\/dt><\/dl><dl class='gallery-item'>\n\t\t\t<dt class='gallery-icon portrait'>\n\t\t\t\t<a href='https:\/\/smwroclaw.pl\/?attachment_id=29126'><img decoding=\"async\" width=\"360\" height=\"260\" src=\"https:\/\/smwroclaw.pl\/wp-content\/uploads\/2023\/10\/BEZPIECZNIE-WE-WSZYSTKICH-SWIETYCH-360x260.png\" class=\"attachment-thumbnail size-thumbnail\" alt=\"\" \/><\/a>\n\t\t\t<\/dt><\/dl>\n\t\t\t<br style='clear: both' \/>\n\t\t<\/div>\n\n<p style=\"text-align: justify;\"><strong><span style=\"font-family: georgia, palatino, serif; font-size: 16px;\">Kilka rad dla pieszych:<\/span><\/strong><br \/>\n<span style=\"font-family: georgia, palatino, serif; font-size: 16px;\">\u2022 zachowa\u0107 szczeg\u00f3ln\u0105 ostro\u017cno\u015b\u0107 i uwag\u0119 przy wysiadaniu z tramwaj\u00f3w i autobus\u00f3w;<\/span><br \/>\n<span style=\"font-family: georgia, palatino, serif; font-size: 16px;\">\u2022 przechodzi\u0107 przez jezdni\u0119 tylko w miejscach wyznaczonych \u2013 najlepiej pilnowanych przez Policj\u0119 i Stra\u017c Miejsk\u0105;<\/span><br \/>\n<span style=\"font-family: georgia, palatino, serif; font-size: 16px;\">\u2022 nie wbiega\u0107 na jezdni\u0119;<\/span><br \/>\n<span style=\"font-family: georgia, palatino, serif; font-size: 16px;\">\u2022 uwa\u017ca\u0107 po zmroku (za\u0142o\u017cy\u0107 element odblaskowy);<\/span><br \/>\n<span style=\"font-family: georgia, palatino, serif; font-size: 16px;\">\u2022 chodzi\u0107 tylko chodnikami i wyznaczonymi ci\u0105gami pieszymi (nie wchodzi\u0107 na jezdni\u0119);<\/span><br \/>\n<span style=\"font-family: georgia, palatino, serif; font-size: 16px;\">\u2022 wykonywa\u0107 polecenia s\u0142u\u017cb.<\/span><\/p>\n<p style=\"text-align: justify;\"><strong><span style=\"font-family: georgia, palatino, serif; font-size: 16px;\">Kilka rad dla kierowc\u00f3w:<\/span><\/strong><br \/>\n<span style=\"font-family: georgia, palatino, serif; font-size: 16px;\">\u2022 zachowa\u0107 szczeg\u00f3ln\u0105 uwag\u0119 i ostro\u017cno\u015b\u0107;<\/span><br \/>\n<span style=\"font-family: georgia, palatino, serif; font-size: 16px;\">\u2022 przestrzega\u0107 zmian w organizacji ruchu;<\/span><br \/>\n<span style=\"font-family: georgia, palatino, serif; font-size: 16px;\">\u2022 ograniczy\u0107 pr\u0119dko\u015b\u0107 \u2013 zw\u0142aszcza w pobli\u017cu przystank\u00f3w MPK;<\/span><br \/>\n<span style=\"font-family: georgia, palatino, serif; font-size: 16px;\">\u2022 wykonywa\u0107 polecenia s\u0142u\u017cb odpowiedzialnych za bezpiecze\u0144stwo.<\/span><\/p>\n<p style=\"text-align: justify;\"><strong><span style=\"font-family: georgia, palatino, serif; font-size: 16px;\">Dla wszystkich:<\/span><\/strong><br \/>\n<span style=\"font-family: georgia, palatino, serif; font-size: 16px;\">\u2022 nie nale\u017cy pozostawia\u0107 bez nadzoru \u2013 garderoby, torebek;<\/span><br \/>\n<span style=\"font-family: georgia, palatino, serif; font-size: 16px;\">\u2022 nie nosi\u0107 przy sobie du\u017cych kwot pieni\u0119\u017cnych \u2013 z\u0142odzieje mog\u0105 pr\u00f3bowa\u0107 nas okra\u015b\u0107 tak\u017ce w autobusie czy tramwaju!<\/span><br \/>\n<span style=\"font-family: georgia, palatino, serif; font-size: 16px;\">\u2022 pilnowa\u0107 dzieci \u2013 \u0142atwo mog\u0105 si\u0119 zagubi\u0107!<\/span><br \/>\n<span style=\"font-family: georgia, palatino, serif; font-size: 16px;\">\u2022 je\u017celi widzimy zagubione dziecko \u2013 pom\u00f3\u017cmy \u2013 poinformujmy stra\u017cnika lub policjanta!<\/span><br \/>\n<span style=\"font-family: georgia, palatino, serif; font-size: 16px;\">\u2022 zwr\u00f3\u0107my uwag\u0119 na senior\u00f3w \u2013 mog\u0105 mie\u0107 problemy ze zdrowiem lub by\u0107 zagubieni \u2013 reagujmy \u2013 stra\u017cnik lub policjant pomo\u017ce.<\/span><\/p>\n<p style=\"text-align: justify;\"><strong><span style=\"font-family: georgia, palatino, serif; font-size: 16px;\">Komunikacja zbiorowa &#8211; jak kursuj\u0105 autobusy i tramwaje?<\/span><\/strong><br \/>\n<span style=\"font-family: georgia, palatino, serif; font-size: 16px;\">W zwi\u0105zku z tymczasowym przywr\u00f3ceniem ruchu tramwajowego w miejscu trwaj\u0105cej przebudowy ulicy Pomorskiej i placu Staszica w okresie Wszystkich \u015awi\u0119tych, od godzin rannych\u00a028 pa\u017adziernika MPK Wroc\u0142aw wprowadzi zmiany w organizacji komunikacji zbiorowej.<\/span><br \/>\n<strong><span style=\"font-family: georgia, palatino, serif; font-size: 16px;\">Linia 14:<\/span><\/strong><br \/>\n<span style=\"font-family: georgia, palatino, serif; font-size: 16px;\">OSOBOWICE\u00a0\u2013 Osobowicka \u2013 most Osobowicki \u2013 Reymonta \u2013 pl. Staszica \u2013 pl. Powsta\u0144c\u00f3w Wielkopolskich \u2013 Chrobrego \u2013\u0141okietka \u2013 Drobnera \u2013 Dubois \u2013 most Mieszcza\u0144ski \u2013 Jagie\u0142\u0142y \u2013 Mostowa \u2013 most Sikorskiego \u2013 Podwale \u2013 pl. Jana Paw\u0142a II \u2013 Podwale \u2013 Pi\u0142sudskiego \u2013 pl. Legion\u00f3w \u2013 Grabiszy\u0144ska \u2013 Hallera \u2013 Powsta\u0144c\u00f3w \u015al\u0105skich \u2013\u00a0KRZYKI<\/span><br \/>\n<span style=\"font-family: georgia, palatino, serif; font-size: 16px;\">KRZYKI\u00a0\u2013 Powsta\u0144c\u00f3w \u015al\u0105skich \u2013 Hallera \u2013 Grabiszy\u0144ska \u2013 pl. Legion\u00f3w \u2013 Pi\u0142sudskiego \u2013 Podwale \u2013 pl. Jana Paw\u0142a II \u2013 Podwale \u2013 most Sikorskiego \u2013 Mostowa \u2013 Jagie\u0142\u0142y \u2013 most Mieszcza\u0144ski \u2013 Dubois \u2013 Drobnera \u2013 \u0141okietka \u2013 Chrobrego \u2013 pl. Powsta\u0144c\u00f3w Wielkopolskich \u2013 pl. Staszica \u2013 Reymonta \u2013 most Osobowicki \u2013 Osobowicka \u2013\u00a0OSOBOWICE<\/span><br \/>\n<strong><span style=\"font-family: georgia, palatino, serif; font-size: 16px;\">Linia 15:<\/span><\/strong><br \/>\n<span style=\"font-family: georgia, palatino, serif; font-size: 16px;\">PO\u015aWI\u0118TNE\u00a0\u2013 \u017bmigrodzka \u2013 Ba\u0142tycka \u2013 most Osobowicki \u2013 Reymonta \u2013 pl. Staszica \u2013 pl. Powsta\u0144c\u00f3w Wielkopolskich \u2013 Chrobrego \u2013 \u0141okietka \u2013 Drobnera \u2013 Dubois \u2013 most Mieszcza\u0144ski \u2013 Jagie\u0142\u0142y \u2013 Mostowa \u2013 most Sikorskiego \u2013 Podwale \u2013 pl. Jana Paw\u0142a II \u2013 Podwale \u2013 Pi\u0142sudskiego \u2013 pl. Legion\u00f3w \u2013 Pi\u0142sudskiego \u2013 Stawowa \u2013 Borowska \u2013 Dyrekcyjna \u2013 \u015al\u0119\u017cna \u2013\u00a0PARK PO\u0141UDNIOWY<\/span><br \/>\n<span style=\"font-family: georgia, palatino, serif; font-size: 16px;\">PARK PO\u0141UDNIOWY\u00a0\u2013 \u015al\u0119\u017cna \u2013 Dyrekcyjna \u2013 Borowska \u2013 Stawowa \u2013 Pi\u0142sudskiego \u2013 pl. Legion\u00f3w \u2013 Pi\u0142sudskiego \u2013 Podwale \u2013 pl. Jana Paw\u0142a II \u2013 Podwale \u2013 most Sikorskiego \u2013 Mostowa \u2013 Jagie\u0142\u0142y \u2013 most Mieszcza\u0144ski \u2013 Dubois \u2013 Drobnera \u2013 \u0141okietka \u2013 Chrobrego \u2013 pl. Powsta\u0144c\u00f3w Wielkopolskich \u2013 pl. Staszica \u2013 Reymonta \u2013 most Osobowicki \u2013 Ba\u0142tycka \u2013 \u017bmigrodzka \u2013\u00a0PO\u015aWI\u0118TNE<\/span><br \/>\n<strong><span style=\"font-family: georgia, palatino, serif; font-size: 16px;\">Linia 16:<\/span><\/strong><br \/>\n<span style=\"font-family: georgia, palatino, serif; font-size: 16px;\">TARNOGAJ\u00a0\u2013 Tarnogajska \u2013 Armii Krajowej \u2013 Bardzka \u2013 Hubska \u2013 Pu\u0142askiego \u2013 pl. Wr\u00f3blewskiego \u2013 Kujawska \u2013 most Grunwaldzki \u2013 pl. Grunwaldzki \u2013 Rondo Reagana (peron 2) \u2013 Piastowska \u2013 Nowowiejska \u2013 Jedno\u015bci Narodowej \u2013 S\u0142owia\u0144ska \u2013 Trzebnicka \u2013 pl. Powsta\u0144c\u00f3w Wielkopolskich \u2013 pl. Staszica \u2013 Reymonta \u2013 most Osobowicki \u2013 Osobowicka \u2013\u00a0OSOBOWICE<\/span><br \/>\n<span style=\"font-family: georgia, palatino, serif; font-size: 16px;\">OSOBOWICE\u00a0\u2013 Osobowicka \u2013 most Osobowicki \u2013 Reymonta \u2013 pl. Staszica \u2013 pl. Powsta\u0144c\u00f3w Wielkopolskich \u2013 Trzebnicka \u2013 S\u0142owia\u0144ska \u2013 Jedno\u015bci Narodowej \u2013 Nowowiejska \u2013 Piastowska \u2013 Rondo Reagana (peron 3) \u2013 pl. Grunwaldzki \u2013 most Grunwaldzki \u2013 pl. Spo\u0142eczny \u2013 Kujawska \u2013 pl. Wr\u00f3blewskiego \u2013 Pu\u0142askiego \u2013 Hubska \u2013 Bardzka \u2013 Armii Krajowej \u2013 Tarnogajska \u2013 Gazowa \u2013\u00a0TARNOGAJ<\/span><br \/>\n<span style=\"font-family: georgia, palatino, serif; font-size: 16px;\">Tramwaje linii 1, 2, 3, 4, 5, 6, 7, 8, 9, 10, 11, 12, 13, 17, 18, 19, 20, 21, 22 i 23 kursowa\u0107 b\u0119d\u0105 po dotychczasowych trasach przejazdu.<\/span><br \/>\n<span style=\"font-family: georgia, palatino, serif; font-size: 16px;\">Zawieszona b\u0119dzie na ten czas linia autobusowa 714.<\/span><\/p>\n<p style=\"text-align: center;\"><strong><span style=\"font-family: georgia, palatino, serif; font-size: 16px;\">INFORMACJE O ZMIANACH W ORGANIZACJI RUCHU PRZY CMENTARZACH<\/span><\/strong><\/p>\n<p style=\"text-align: center;\"><strong><span style=\"font-family: georgia, palatino, serif; font-size: 16px;\">CMENTARZ OSOBOWICKI<\/span><\/strong><\/p>\n<p style=\"text-align: justify;\"><img decoding=\"async\" class=\" wp-image-29123 aligncenter\" src=\"https:\/\/smwroclaw.pl\/wp-content\/uploads\/2023\/10\/3-300x212.png\" alt=\"\" width=\"572\" height=\"404\" srcset=\"https:\/\/smwroclaw.pl\/wp-content\/uploads\/2023\/10\/3-300x212.png 300w, https:\/\/smwroclaw.pl\/wp-content\/uploads\/2023\/10\/3-768x542.png 768w, https:\/\/smwroclaw.pl\/wp-content\/uploads\/2023\/10\/3.png 843w\" sizes=\"(max-width: 572px) 100vw, 572px\" \/><\/p>\n<p style=\"text-align: center;\"><strong><span style=\"font-family: georgia, palatino, serif; font-size: 16px;\">CMENTARZ GRABISZY\u0143SKI<\/span><\/strong><\/p>\n<p style=\"text-align: center;\"><img loading=\"lazy\" decoding=\"async\" class=\"alignnone wp-image-29124\" src=\"https:\/\/smwroclaw.pl\/wp-content\/uploads\/2023\/10\/4-300x213.png\" alt=\"\" width=\"571\" height=\"406\" srcset=\"https:\/\/smwroclaw.pl\/wp-content\/uploads\/2023\/10\/4-300x213.png 300w, https:\/\/smwroclaw.pl\/wp-content\/uploads\/2023\/10\/4.png 834w\" sizes=\"(max-width: 571px) 100vw, 571px\" \/><\/p>\n<p style=\"text-align: center;\"><strong><span style=\"font-family: georgia, palatino, serif; font-size: 16px;\">CMENTARZ \u015aW.DUCHA PRZY UL.BARDZKIEJ<\/span><\/strong><\/p>\n<p style=\"text-align: center;\"><img loading=\"lazy\" decoding=\"async\" class=\"alignnone wp-image-29125\" src=\"https:\/\/smwroclaw.pl\/wp-content\/uploads\/2023\/10\/5-300x212.png\" alt=\"\" width=\"566\" height=\"400\" srcset=\"https:\/\/smwroclaw.pl\/wp-content\/uploads\/2023\/10\/5-300x212.png 300w, https:\/\/smwroclaw.pl\/wp-content\/uploads\/2023\/10\/5-768x544.png 768w, https:\/\/smwroclaw.pl\/wp-content\/uploads\/2023\/10\/5.png 835w\" sizes=\"(max-width: 566px) 100vw, 566px\" \/><\/p>\n<p style=\"text-align: center;\"><strong><span style=\"font-family: georgia, palatino, serif; font-size: 16px;\">SZCZEG\u00d3\u0141OWE INFORMACJE NA STRONIE<\/span><\/strong><\/p>\n<p style=\"text-align: center;\"><strong><span style=\"font-family: georgia, palatino, serif; font-size: 16px;\"> <a href=\"https:\/\/www.wroclaw.pl\/dla-mieszkanca\/autobusy-tramwaje-wszystkich-swietych-wroclaw\">https:\/\/www.wroclaw.pl\/dla-mieszkanca\/autobusy-tramwaje-wszystkich-swietych-wroclaw<\/a><\/span><\/strong><\/p>\n<p style=\"text-align: center;\"><a href=\"https:\/\/www.wroclaw.pl\/dla-mieszkanca\/wszystkich-swietych-we-wroclawiu\">https:\/\/www.wroclaw.pl\/dla-mieszkanca\/wszystkich-swietych-we-wroclawiu<\/a><\/p>\n<p style=\"text-align: center;\"><strong><span style=\"font-family: georgia, palatino, serif; font-size: 16px;\">Wyszukiwarka grob\u00f3w we Wroc\u0142awiu:<\/span><\/strong><br \/>\n<span style=\"font-family: georgia, palatino, serif; font-size: 16px;\">Zach\u0119camy w przypadku problem\u00f3w z odnalezieniem grob\u00f3w Waszych bliskich do skorzystania z wyszukiwarki grob\u00f3w we Wroc\u0142awiu.<\/span><\/p>\n<p style=\"text-align: center;\"><span style=\"font-family: georgia, palatino, serif; font-size: 16px;\"><a href=\"https:\/\/groby.cui.wroclaw.pl\/\">https:\/\/groby.cui.wroclaw.pl\/<\/a> <\/span><\/p>\n<p style=\"text-align: left;\">BD<\/p>\n","protected":false},"excerpt":{"rendered":"<p>Przed nami dni zadumy i refleksji. Odwiedzamy groby rodzinne i znajomych. Patrole Stra\u017cy Miejskiej Wroc\u0142awia pracuj\u0105 ju\u017c w okolicach wroc\u0142awskich cmentarzy zwracaj\u0105c szczeg\u00f3ln\u0105 uwag\u0119 na bezpiecze\u0144stwo. Tradycyjnie musimy przygotowa\u0107 si\u0119 na zmiany w kursowaniu tramwaj\u00f3w i autobus\u00f3w, a tak\u017ce utrudnienia dla kierowc\u00f3w w pobli\u017cu miejskich nekropolii. Ze specjalnej komunikacji b\u0119dzie mo\u017cna skorzysta\u0107 a\u017c do 2 [&hellip;]<\/p>\n","protected":false},"author":7,"featured_media":29128,"comment_status":"closed","ping_status":"closed","sticky":false,"template":"","format":"standard","meta":{"footnotes":""},"categories":[16],"tags":[],"class_list":["post-29120","post","type-post","status-publish","format-standard","has-post-thumbnail","hentry","category-aktual"],"_links":{"self":[{"href":"https:\/\/smwroclaw.pl\/index.php?rest_route=\/wp\/v2\/posts\/29120","targetHints":{"allow":["GET"]}}],"collection":[{"href":"https:\/\/smwroclaw.pl\/index.php?rest_route=\/wp\/v2\/posts"}],"about":[{"href":"https:\/\/smwroclaw.pl\/index.php?rest_route=\/wp\/v2\/types\/post"}],"author":[{"embeddable":true,"href":"https:\/\/smwroclaw.pl\/index.php?rest_route=\/wp\/v2\/users\/7"}],"replies":[{"embeddable":true,"href":"https:\/\/smwroclaw.pl\/index.php?rest_route=%2Fwp%2Fv2%2Fcomments&post=29120"}],"version-history":[{"count":3,"href":"https:\/\/smwroclaw.pl\/index.php?rest_route=\/wp\/v2\/posts\/29120\/revisions"}],"predecessor-version":[{"id":29131,"href":"https:\/\/smwroclaw.pl\/index.php?rest_route=\/wp\/v2\/posts\/29120\/revisions\/29131"}],"wp:featuredmedia":[{"embeddable":true,"href":"https:\/\/smwroclaw.pl\/index.php?rest_route=\/wp\/v2\/media\/29128"}],"wp:attachment":[{"href":"https:\/\/smwroclaw.pl\/index.php?rest_route=%2Fwp%2Fv2%2Fmedia&parent=29120"}],"wp:term":[{"taxonomy":"category","embeddable":true,"href":"https:\/\/smwroclaw.pl\/index.php?rest_route=%2Fwp%2Fv2%2Fcategories&post=29120"},{"taxonomy":"post_tag","embeddable":true,"href":"https:\/\/smwroclaw.pl\/index.php?rest_route=%2Fwp%2Fv2%2Ftags&post=29120"}],"curies":[{"name":"wp","href":"https:\/\/api.w.org\/{rel}","templated":true}]}}