{"id":2958,"date":"2020-07-31T11:00:32","date_gmt":"2020-07-31T09:00:32","guid":{"rendered":"http:\/\/smwroclaw.pl\/?p=2958"},"modified":"2020-07-30T11:09:23","modified_gmt":"2020-07-30T09:09:23","slug":"narodowy-dzien-pamieci-powstania-warszawskiego-01-sierpnia-2018-r","status":"publish","type":"post","link":"https:\/\/smwroclaw.pl\/?p=2958","title":{"rendered":"NARODOWY DZIE\u0143 PAMI\u0118CI POWSTANIA WARSZAWSKIEGO 1 SIERPNIA 2020 r. (czytaj dalej)"},"content":{"rendered":"<p style=\"text-align: center;\"><span style=\"font-size: 20px;\"><strong>\u00a0PAMI\u0118TAJMY O BOHATERACH STOLICY!<\/strong><\/span><\/p>\n<p>&nbsp;<\/p>\n<p><img fetchpriority=\"high\" decoding=\"async\" class=\" wp-image-2963 aligncenter\" src=\"https:\/\/smwroclaw.pl\/wp-content\/uploads\/2018\/07\/43eea19b939c3eae443da76c436b6b2cdf3350d8.jpeg.png\" alt=\"\" width=\"355\" height=\"355\" \/><\/p>\n<p><span style=\"font-size: 10px;\">\u00a0<\/span><\/p>\n<p style=\"text-align: center;\" align=\"center\"><span style=\"font-family: georgia,palatino,serif; font-size: 16px; color: #000080;\">Oddzielili ci\u0119, syneczku, od sn\u00f3w, co jak motyl dr\u017c\u0105,<br \/>\nhaftowali ci, syneczku, smutne oczy rud\u0105 krwi\u0105,<br \/>\nmalowali krajobrazy w \u017c\u00f3\u0142te \u015bciegi po\u017c\u00f3g,<br \/>\nwyszywali wisielcami drzew p\u0142yn\u0105ce morze.<\/span><\/p>\n<p style=\"text-align: center;\"><span style=\"font-family: georgia,palatino,serif; font-size: 16px; color: #000080;\">Wyuczyli ci\u0119, syneczku, ziemi twej na pami\u0119\u0107,<\/span><br \/>\n<span style=\"font-family: georgia,palatino,serif; font-size: 16px; color: #000080;\"> gdy\u015b jej \u015bcie\u017cki powycina\u0142 \u017celaznymi \u0142zami.<\/span><br \/>\n<span style=\"font-family: georgia,palatino,serif; font-size: 16px; color: #000080;\"> Odchowali ci\u0119 w ciemno\u015bci, odkarmili bochnem trw\u00f3g,<\/span><br \/>\n<span style=\"font-family: georgia,palatino,serif; font-size: 16px; color: #000080;\"> przemierzy\u0142e\u015b po omacku najwstydliwsze z ludzkich dr\u00f3g.<\/span><\/p>\n<p style=\"text-align: center;\"><span style=\"font-family: georgia,palatino,serif; font-size: 16px; color: #000080;\">I wyszed\u0142e\u015b, jasny synku, z czarn\u0105 broni\u0105 w noc,<\/span><br \/>\n<span style=\"font-family: georgia,palatino,serif; font-size: 16px; color: #000080;\"> i poczu\u0142e\u015b, jak si\u0119 je\u017cy w d\u017awi\u0119ku minut &#8211; z\u0142o.<\/span><br \/>\n<span style=\"font-family: georgia,palatino,serif; font-size: 16px; color: #000080;\"> Zanim pad\u0142e\u015b, jeszcze ziemi\u0119 prze\u017cegna\u0142e\u015b r\u0119k\u0105.<\/span><br \/>\n<span style=\"font-family: georgia,palatino,serif; font-size: 16px; color: #000080;\"> Czy to by\u0142a kula, synku, czy to serce p\u0119k\u0142o?<\/span><\/p>\n<p align=\"right\"><span style=\"font-family: Verdana; font-size: small; color: #000080;\"><i>K.K. Baczy\u0144ski 20 III 1944 r<\/i><\/span><\/p>\n<p style=\"text-align: left;\" align=\"right\"><strong><span style=\"font-size: 10px;\">\u00a0<\/span><\/strong><\/p>\n<p align=\"right\"><!--more--><\/p>\n<p style=\"text-align: justify;\"><span style=\"font-size: 12pt;\"><strong><span style=\"font-family: georgia, palatino, serif;\">W sobot\u0119, 1 sierpnia, przypada 76. rocznica wybuchu Powstania Warszawskiego. Tradycyjnie w tym dniu wroc\u0142awianie oddadz\u0105 ho\u0142d jego uczestnikom m.in. sk\u0142adaj\u0105c kwiaty pod pomnikiem rotmistrza Witolda Pileckiego. W mie\u015bcie zabrzmi\u0105 te\u017c syreny alarmowe.<\/span><\/strong><\/span><\/p>\n<h2 style=\"text-align: justify;\"><span style=\"font-family: georgia, palatino, serif; font-size: 12pt; color: #000000;\"><strong>Oficjalne uroczysto\u015bci we Wroc\u0142awiu<\/strong><\/span><\/h2>\n<p style=\"text-align: justify;\"><span style=\"font-family: georgia, palatino, serif; font-size: 12pt;\">Oficjalne uroczysto\u015bci obchod\u00f3w rocznicy Powstania Warszawskiego rozpoczn\u0105 si\u0119 kilka minut przed godzin\u0105 \u201eW\u201d (godz. 17.00) pod pomnikiem rotmistrza Witolda Pileckiego przy Promenadzie Staromiejskiej. Po symbolicznym ho\u0142dzie oddanym powsta\u0144com przygotowano przem\u00f3wienia, apel pami\u0119ci i salw\u0119 honorow\u0105. Kwiaty pod pomnikiem z\u0142o\u017cy tak\u017ce Jacek Sutryk, prezydent Wroc\u0142awia.<\/span><\/p>\n<p style=\"text-align: justify;\"><span style=\"font-family: georgia, palatino, serif; font-size: 12pt;\">Natomiast punktualnie o godz. 17.00 zabrzmi\u0105 syreny alarmowe, a mieszka\u0144cy na minut\u0119 zatrzymaj\u0105 si\u0119, by upami\u0119tni\u0107 bohater\u00f3w tych tragicznych wydarze\u0144. Planowane jest tak\u017ce spontaniczne spotkania wroc\u0142awian na pl. Dominika\u0144skim.<\/span><\/p>\n<p style=\"text-align: justify;\"><span style=\"font-family: georgia, palatino, serif; font-size: 12pt;\">O godz. 19.00 w bazylice garnizonowej p.w. El\u017cbiety odprawiona zostanie msza \u015bwi\u0119ta w intencji poleg\u0142ych i \u017cyj\u0105cych uczestnik\u00f3w Powstania Warszawskiego.<\/span><\/p>\n<p><span style=\"font-family: georgia, palatino, serif; font-size: 12pt;\">wi\u0119cej: <a href=\"https:\/\/www.wroclaw.pl\/wroclawskie-obchody-powstania-warszawskiego\">https:\/\/www.wroclaw.pl\/wroclawskie-obchody-powstania-warszawskiego<\/a><\/span><\/p>\n<p><span style=\"font-family: georgia, palatino, serif; font-size: 10pt;\">\u017ar\u00f3d\u0142o pozyskania zdj\u0119cia: https:\/\/pracownieorange.pl\/wydarzenia\/10685\/powstanie-warszawskie-1944<\/span><\/p>\n<p>&nbsp;<\/p>\n<p>wf<\/p>\n","protected":false},"excerpt":{"rendered":"<p>\u00a0PAMI\u0118TAJMY O BOHATERACH STOLICY! &nbsp; \u00a0 Oddzielili ci\u0119, syneczku, od sn\u00f3w, co jak motyl dr\u017c\u0105, haftowali ci, syneczku, smutne oczy rud\u0105 krwi\u0105, malowali krajobrazy w \u017c\u00f3\u0142te \u015bciegi po\u017c\u00f3g, wyszywali wisielcami drzew p\u0142yn\u0105ce morze. Wyuczyli ci\u0119, syneczku, ziemi twej na pami\u0119\u0107, gdy\u015b jej \u015bcie\u017cki powycina\u0142 \u017celaznymi \u0142zami. Odchowali ci\u0119 w ciemno\u015bci, odkarmili bochnem trw\u00f3g, przemierzy\u0142e\u015b po [&hellip;]<\/p>\n","protected":false},"author":4,"featured_media":0,"comment_status":"closed","ping_status":"closed","sticky":false,"template":"","format":"standard","meta":{"footnotes":""},"categories":[16],"tags":[],"class_list":["post-2958","post","type-post","status-publish","format-standard","hentry","category-aktual"],"_links":{"self":[{"href":"https:\/\/smwroclaw.pl\/index.php?rest_route=\/wp\/v2\/posts\/2958","targetHints":{"allow":["GET"]}}],"collection":[{"href":"https:\/\/smwroclaw.pl\/index.php?rest_route=\/wp\/v2\/posts"}],"about":[{"href":"https:\/\/smwroclaw.pl\/index.php?rest_route=\/wp\/v2\/types\/post"}],"author":[{"embeddable":true,"href":"https:\/\/smwroclaw.pl\/index.php?rest_route=\/wp\/v2\/users\/4"}],"replies":[{"embeddable":true,"href":"https:\/\/smwroclaw.pl\/index.php?rest_route=%2Fwp%2Fv2%2Fcomments&post=2958"}],"version-history":[{"count":27,"href":"https:\/\/smwroclaw.pl\/index.php?rest_route=\/wp\/v2\/posts\/2958\/revisions"}],"predecessor-version":[{"id":12994,"href":"https:\/\/smwroclaw.pl\/index.php?rest_route=\/wp\/v2\/posts\/2958\/revisions\/12994"}],"wp:attachment":[{"href":"https:\/\/smwroclaw.pl\/index.php?rest_route=%2Fwp%2Fv2%2Fmedia&parent=2958"}],"wp:term":[{"taxonomy":"category","embeddable":true,"href":"https:\/\/smwroclaw.pl\/index.php?rest_route=%2Fwp%2Fv2%2Fcategories&post=2958"},{"taxonomy":"post_tag","embeddable":true,"href":"https:\/\/smwroclaw.pl\/index.php?rest_route=%2Fwp%2Fv2%2Ftags&post=2958"}],"curies":[{"name":"wp","href":"https:\/\/api.w.org\/{rel}","templated":true}]}}