{"id":30469,"date":"2024-04-24T09:48:32","date_gmt":"2024-04-24T07:48:32","guid":{"rendered":"https:\/\/smwroclaw.pl\/?p=30469"},"modified":"2024-04-24T09:49:30","modified_gmt":"2024-04-24T07:49:30","slug":"patrol-interwencyjny-w-dzialaniu-niebezpieczne-zabawy-na-wodzie","status":"publish","type":"post","link":"https:\/\/smwroclaw.pl\/?p=30469","title":{"rendered":"PATROL INTERWENCYJNY W DZIA\u0141ANIU \u2013 niebezpieczne zabawy na wodzie"},"content":{"rendered":"<p style=\"text-align: justify;\"><span style=\"font-family: georgia, palatino, serif; font-size: 16px;\">Wczoraj nasz dy\u017curny otrzyma\u0142 zg\u0142oszenie dotycz\u0105ce dw\u00f3jki dzieci bez opieki p\u0142ywaj\u0105cych po fosie. Natychmiast zadysponowano patrol, kt\u00f3ry o godzinie 17:00 przy placu Jana Paw\u0142a II na w\u0142asne oczy przekona\u0142 si\u0119, \u017ce dw\u00f3ch nieletnich ch\u0142opc\u00f3w lat 12 i 15, p\u0142ywa\u0142o \u0142\u00f3dk\u0105 w fosie miejskiej, odpychaj\u0105c si\u0119 nad\u0142amanymi ga\u0142\u0119ziami drzewa. \u0141\u00f3dka przycumowana by\u0142a parcian\u0105 grub\u0105 ta\u015bm\u0105 pod k\u0142adk\u0105 dla pieszych. Ch\u0142opcom polecono dop\u0142yn\u0105\u0107 do brzegu i opu\u015bci\u0107 \u0142\u00f3dk\u0119. W mi\u0119dzyczasie na miejsce przyby\u0142 zesp\u00f3\u0142 Dolno\u015bl\u0105skiego Wodnego Ochotniczego Pogotowia Ratunkowego oraz patrol Policji OPP KWP. Ch\u0142opcy nie wymagali pomocy medycznej. Patrol Policji po rozpoznaniu sytuacji odjecha\u0142 do dalszych dzia\u0142a\u0144, pozostawiaj\u0105c ch\u0142opc\u00f3w pod opiek\u0105 naszego patrolu. Telefonicznie skontaktowano si\u0119 z rodzicami nieletnich.<!--more--><\/span><\/p>\n<p style=\"text-align: justify;\"><span style=\"font-family: georgia, palatino, serif; font-size: 16px;\"> Ch\u0142opiec lat 15 na miejscu zosta\u0142 przekazany mamie za stosownym pisemnym o\u015bwiadczeniem. Ch\u0142opca lat 12 dowieziono do miejsca pracy mamy, gdzie tak\u017ce zosta\u0142 przekazany za stosownym o\u015bwiadczeniem. W zwi\u0105zku z zaistnia\u0142\u0105 sytuacj\u0105 powiadomiono Zarz\u0105d Zieleni Miejskiej o konieczno\u015bci odpowiedniego zabezpieczenia sprz\u0119tu p\u0142ywackiego.<\/span><br \/>\n<span style=\"font-family: georgia, palatino, serif; font-size: 16px;\">Tym razem wszystko zako\u0144czy\u0142o si\u0119 dobrze, ale przed nami d\u0142ugi weekend majowy i wakacje. Rodzicu, porozmawiaj ze swoim dzieckiem i przypomnij mu o bezpiecznych zachowaniach.<\/span><\/p>\n<p><span style=\"font-family: georgia, palatino, serif; font-size: 16px;\">BD<\/span><\/p>\n","protected":false},"excerpt":{"rendered":"<p>Wczoraj nasz dy\u017curny otrzyma\u0142 zg\u0142oszenie dotycz\u0105ce dw\u00f3jki dzieci bez opieki p\u0142ywaj\u0105cych po fosie. Natychmiast zadysponowano patrol, kt\u00f3ry o godzinie 17:00 przy placu Jana Paw\u0142a II na w\u0142asne oczy przekona\u0142 si\u0119, \u017ce dw\u00f3ch nieletnich ch\u0142opc\u00f3w lat 12 i 15, p\u0142ywa\u0142o \u0142\u00f3dk\u0105 w fosie miejskiej, odpychaj\u0105c si\u0119 nad\u0142amanymi ga\u0142\u0119ziami drzewa. \u0141\u00f3dka przycumowana by\u0142a parcian\u0105 grub\u0105 ta\u015bm\u0105 pod [&hellip;]<\/p>\n","protected":false},"author":7,"featured_media":30470,"comment_status":"closed","ping_status":"closed","sticky":false,"template":"","format":"standard","meta":{"footnotes":""},"categories":[16],"tags":[],"class_list":["post-30469","post","type-post","status-publish","format-standard","has-post-thumbnail","hentry","category-aktual"],"_links":{"self":[{"href":"https:\/\/smwroclaw.pl\/index.php?rest_route=\/wp\/v2\/posts\/30469","targetHints":{"allow":["GET"]}}],"collection":[{"href":"https:\/\/smwroclaw.pl\/index.php?rest_route=\/wp\/v2\/posts"}],"about":[{"href":"https:\/\/smwroclaw.pl\/index.php?rest_route=\/wp\/v2\/types\/post"}],"author":[{"embeddable":true,"href":"https:\/\/smwroclaw.pl\/index.php?rest_route=\/wp\/v2\/users\/7"}],"replies":[{"embeddable":true,"href":"https:\/\/smwroclaw.pl\/index.php?rest_route=%2Fwp%2Fv2%2Fcomments&post=30469"}],"version-history":[{"count":2,"href":"https:\/\/smwroclaw.pl\/index.php?rest_route=\/wp\/v2\/posts\/30469\/revisions"}],"predecessor-version":[{"id":30472,"href":"https:\/\/smwroclaw.pl\/index.php?rest_route=\/wp\/v2\/posts\/30469\/revisions\/30472"}],"wp:featuredmedia":[{"embeddable":true,"href":"https:\/\/smwroclaw.pl\/index.php?rest_route=\/wp\/v2\/media\/30470"}],"wp:attachment":[{"href":"https:\/\/smwroclaw.pl\/index.php?rest_route=%2Fwp%2Fv2%2Fmedia&parent=30469"}],"wp:term":[{"taxonomy":"category","embeddable":true,"href":"https:\/\/smwroclaw.pl\/index.php?rest_route=%2Fwp%2Fv2%2Fcategories&post=30469"},{"taxonomy":"post_tag","embeddable":true,"href":"https:\/\/smwroclaw.pl\/index.php?rest_route=%2Fwp%2Fv2%2Ftags&post=30469"}],"curies":[{"name":"wp","href":"https:\/\/api.w.org\/{rel}","templated":true}]}}