{"id":3053,"date":"2018-08-14T09:30:51","date_gmt":"2018-08-14T07:30:51","guid":{"rendered":"http:\/\/smwroclaw.pl\/?p=3053"},"modified":"2018-08-14T10:00:26","modified_gmt":"2018-08-14T08:00:26","slug":"czlowiek-odchodzi-pamiec-pozostaje","status":"publish","type":"post","link":"https:\/\/smwroclaw.pl\/?p=3053","title":{"rendered":"&#8222;CZ\u0141OWIEK ODCHODZI, PAMI\u0118\u0106 POZOSTAJE&#8221;"},"content":{"rendered":"<p><span style=\"font-family: georgia,palatino,serif; font-size: 16px;\"><strong>Z g\u0142\u0119bokim \u017calem zawiadamiamy,\u00a0 \u017ce w dniu 11 sierpnia 2018r. po ci\u0119\u017ckiej chorobie odszed\u0142 Nasz Kolega Jan \u0141\u0119towski Komendant Stra\u017cy Miejskiej w \u015awidnicy.<\/strong><!--more--><\/span><\/p>\n<p><span style=\"font-family: georgia,palatino,serif; font-size: 16px;\"><strong>Z Rodzin\u0105 oraz Wszystkimi Bliskimi Zmar\u0142ego \u0142\u0105czymy si\u0119 w b\u00f3lu i sk\u0142adamy wyrazy g\u0142\u0119bokiego wsp\u00f3\u0142czucia.<\/strong><\/span><\/p>\n<p><span style=\"font-family: georgia,palatino,serif; font-size: 16px;\"><strong>Pracownicy Stra\u017cy Miejskiej Wroc\u0142awia.<\/strong><\/span><\/p>\n<h1><a href=\"http:\/\/sm.swidnica.pl\/?wspomnienie-%E2%80%B6,772\">WSPOMNIENIE \u2026<\/a><\/h1>\n","protected":false},"excerpt":{"rendered":"<p>Z g\u0142\u0119bokim \u017calem zawiadamiamy,\u00a0 \u017ce w dniu 11 sierpnia 2018r. po ci\u0119\u017ckiej chorobie odszed\u0142 Nasz Kolega Jan \u0141\u0119towski Komendant Stra\u017cy Miejskiej w \u015awidnicy.<\/p>\n","protected":false},"author":3,"featured_media":3054,"comment_status":"closed","ping_status":"closed","sticky":false,"template":"","format":"standard","meta":{"footnotes":""},"categories":[16],"tags":[],"class_list":["post-3053","post","type-post","status-publish","format-standard","has-post-thumbnail","hentry","category-aktual"],"_links":{"self":[{"href":"https:\/\/smwroclaw.pl\/index.php?rest_route=\/wp\/v2\/posts\/3053","targetHints":{"allow":["GET"]}}],"collection":[{"href":"https:\/\/smwroclaw.pl\/index.php?rest_route=\/wp\/v2\/posts"}],"about":[{"href":"https:\/\/smwroclaw.pl\/index.php?rest_route=\/wp\/v2\/types\/post"}],"author":[{"embeddable":true,"href":"https:\/\/smwroclaw.pl\/index.php?rest_route=\/wp\/v2\/users\/3"}],"replies":[{"embeddable":true,"href":"https:\/\/smwroclaw.pl\/index.php?rest_route=%2Fwp%2Fv2%2Fcomments&post=3053"}],"version-history":[{"count":4,"href":"https:\/\/smwroclaw.pl\/index.php?rest_route=\/wp\/v2\/posts\/3053\/revisions"}],"predecessor-version":[{"id":3058,"href":"https:\/\/smwroclaw.pl\/index.php?rest_route=\/wp\/v2\/posts\/3053\/revisions\/3058"}],"wp:featuredmedia":[{"embeddable":true,"href":"https:\/\/smwroclaw.pl\/index.php?rest_route=\/wp\/v2\/media\/3054"}],"wp:attachment":[{"href":"https:\/\/smwroclaw.pl\/index.php?rest_route=%2Fwp%2Fv2%2Fmedia&parent=3053"}],"wp:term":[{"taxonomy":"category","embeddable":true,"href":"https:\/\/smwroclaw.pl\/index.php?rest_route=%2Fwp%2Fv2%2Fcategories&post=3053"},{"taxonomy":"post_tag","embeddable":true,"href":"https:\/\/smwroclaw.pl\/index.php?rest_route=%2Fwp%2Fv2%2Ftags&post=3053"}],"curies":[{"name":"wp","href":"https:\/\/api.w.org\/{rel}","templated":true}]}}