{"id":30535,"date":"2024-05-02T10:06:49","date_gmt":"2024-05-02T08:06:49","guid":{"rendered":"https:\/\/smwroclaw.pl\/?p=30535"},"modified":"2024-05-02T10:06:49","modified_gmt":"2024-05-02T08:06:49","slug":"tak-nie-parkujmy-747","status":"publish","type":"post","link":"https:\/\/smwroclaw.pl\/?p=30535","title":{"rendered":"TAK NIE PARKUJMY"},"content":{"rendered":"<p><span style=\"font-family: georgia, palatino, serif; font-size: 16px;\"><strong>30 kwietnia, 1 maja 2024 r. (wtorek, \u015broda))<\/strong>\u00a0stra\u017cnicy miejscy w wyniku dzia\u0142a\u0144 prewencyjno kontrolnych, pod k\u0105tem przestrzegania przepis\u00f3w zawartych w\u00a0<strong>ustawie prawo o\u00a0ruchu drogowym<\/strong>:<\/span><br \/>\n<span style=\"font-family: georgia, palatino, serif; font-size: 16px;\">\u2022 na\u0142o\u017cyli <strong>101<\/strong>\u00a0mandat\u00f3w na kwot\u0119\u00a0<strong>13000 z\u0142<\/strong>;<\/span><br \/>\n<span style=\"font-family: georgia, palatino, serif; font-size: 16px;\">\u2022 wydali dyspozycje odholowania<strong> 32<\/strong> pojazd\u00f3w;<\/span><br \/>\n<span style=\"font-family: georgia, palatino, serif; font-size: 16px;\">\u2022 na ko\u0142a nieprawid\u0142owo zaparkowanych pojazd\u00f3w za\u0142o\u017cyli<strong> 9<\/strong> blokad;<\/span><br \/>\n<span style=\"font-family: georgia, palatino, serif; font-size: 16px;\">\u2022 pouczyli <strong>27<\/strong> os\u00f3b;<\/span><br \/>\n<span style=\"font-family: georgia, palatino, serif; font-size: 16px;\">\u2022 w sprawie <strong>11<\/strong>\u00a0wykrocze\u0144 wszcz\u0119to czynno\u015bci wyja\u015bniaj\u0105ce.<\/span><\/p>\n","protected":false},"excerpt":{"rendered":"<p>30 kwietnia, 1 maja 2024 r. (wtorek, \u015broda))\u00a0stra\u017cnicy miejscy w wyniku dzia\u0142a\u0144 prewencyjno kontrolnych, pod k\u0105tem przestrzegania przepis\u00f3w zawartych w\u00a0ustawie prawo o\u00a0ruchu drogowym: \u2022 na\u0142o\u017cyli 101\u00a0mandat\u00f3w na kwot\u0119\u00a013000 z\u0142; \u2022 wydali dyspozycje odholowania 32 pojazd\u00f3w; \u2022 na ko\u0142a nieprawid\u0142owo zaparkowanych pojazd\u00f3w za\u0142o\u017cyli 9 blokad; \u2022 pouczyli 27 os\u00f3b; \u2022 w sprawie 11\u00a0wykrocze\u0144 wszcz\u0119to czynno\u015bci wyja\u015bniaj\u0105ce.<\/p>\n","protected":false},"author":3,"featured_media":30160,"comment_status":"closed","ping_status":"closed","sticky":false,"template":"","format":"standard","meta":{"footnotes":""},"categories":[16],"tags":[],"class_list":["post-30535","post","type-post","status-publish","format-standard","has-post-thumbnail","hentry","category-aktual"],"_links":{"self":[{"href":"https:\/\/smwroclaw.pl\/index.php?rest_route=\/wp\/v2\/posts\/30535","targetHints":{"allow":["GET"]}}],"collection":[{"href":"https:\/\/smwroclaw.pl\/index.php?rest_route=\/wp\/v2\/posts"}],"about":[{"href":"https:\/\/smwroclaw.pl\/index.php?rest_route=\/wp\/v2\/types\/post"}],"author":[{"embeddable":true,"href":"https:\/\/smwroclaw.pl\/index.php?rest_route=\/wp\/v2\/users\/3"}],"replies":[{"embeddable":true,"href":"https:\/\/smwroclaw.pl\/index.php?rest_route=%2Fwp%2Fv2%2Fcomments&post=30535"}],"version-history":[{"count":1,"href":"https:\/\/smwroclaw.pl\/index.php?rest_route=\/wp\/v2\/posts\/30535\/revisions"}],"predecessor-version":[{"id":30536,"href":"https:\/\/smwroclaw.pl\/index.php?rest_route=\/wp\/v2\/posts\/30535\/revisions\/30536"}],"wp:featuredmedia":[{"embeddable":true,"href":"https:\/\/smwroclaw.pl\/index.php?rest_route=\/wp\/v2\/media\/30160"}],"wp:attachment":[{"href":"https:\/\/smwroclaw.pl\/index.php?rest_route=%2Fwp%2Fv2%2Fmedia&parent=30535"}],"wp:term":[{"taxonomy":"category","embeddable":true,"href":"https:\/\/smwroclaw.pl\/index.php?rest_route=%2Fwp%2Fv2%2Fcategories&post=30535"},{"taxonomy":"post_tag","embeddable":true,"href":"https:\/\/smwroclaw.pl\/index.php?rest_route=%2Fwp%2Fv2%2Ftags&post=30535"}],"curies":[{"name":"wp","href":"https:\/\/api.w.org\/{rel}","templated":true}]}}