{"id":3065,"date":"2018-08-16T09:01:11","date_gmt":"2018-08-16T07:01:11","guid":{"rendered":"http:\/\/smwroclaw.pl\/?p=3065"},"modified":"2018-08-20T13:51:48","modified_gmt":"2018-08-20T11:51:48","slug":"spalanie-odpadow","status":"publish","type":"post","link":"https:\/\/smwroclaw.pl\/?p=3065","title":{"rendered":"SPALANIE ODPAD\u00d3W"},"content":{"rendered":"<p style=\"text-align: justify;\"><span style=\"font-family: georgia,palatino,serif; font-size: 16px;\">W dniu 15. 08 br. ok godziny 13:25 funkcjonariusze Stra\u017cy Miejskiej Wroc\u0142awia podj\u0119li interwencj\u0119 na ul. Irysowej, gdzie mia\u0142o miejsce spalanie nieczysto\u015bci. <!--more--><\/span><\/p>\n<p style=\"text-align: justify;\"><span style=\"font-family: georgia,palatino,serif; font-size: 16px;\">Na miejscu patrol stwierdzi\u0142 znaczn\u0105 ilo\u015b\u0107 pal\u0105cych si\u0119 \u015bmieci oraz bardzo du\u017c\u0105 ilo\u015b\u0107 r\u00f3\u017cnego rodzaju odpad\u00f3w tj. folie, opony, stare meble i p\u0142yty wi\u00f3rowe. \u00a0Ponadto ca\u0142y teren przyleg\u0142y do budynk\u00f3w by\u0142 mocno za\u015bmiecony, a wszystko to wygl\u0105da\u0142o jak przygotowane do spalania. M\u0119\u017cczyzna odpowiedzialny za spalanie \u015bmieci zosta\u0142 ukarany mandatem karnym w wysoko\u015bci 500 z\u0142otych z art. 191 Ustawy o Odpadach, a pal\u0105ce si\u0119 \u015bmieci zosta\u0142y ugaszone.<\/span><\/p>\n<p>&nbsp;<\/p>\n<p><img fetchpriority=\"high\" decoding=\"async\" class=\"wp-image-3067 aligncenter\" src=\"https:\/\/smwroclaw.pl\/wp-content\/uploads\/2018\/08\/IMG-20180815-WA0114-225x300.jpg\" alt=\"\" width=\"323\" height=\"431\" srcset=\"https:\/\/smwroclaw.pl\/wp-content\/uploads\/2018\/08\/IMG-20180815-WA0114-225x300.jpg 225w, https:\/\/smwroclaw.pl\/wp-content\/uploads\/2018\/08\/IMG-20180815-WA0114-768x1024.jpg 768w, https:\/\/smwroclaw.pl\/wp-content\/uploads\/2018\/08\/IMG-20180815-WA0114.jpg 1200w\" sizes=\"(max-width: 323px) 100vw, 323px\" \/><\/p>\n<p><img decoding=\"async\" class=\"wp-image-3066 aligncenter\" src=\"https:\/\/smwroclaw.pl\/wp-content\/uploads\/2018\/08\/IMG-20180815-WA0116-225x300.jpg\" alt=\"\" width=\"324\" height=\"432\" srcset=\"https:\/\/smwroclaw.pl\/wp-content\/uploads\/2018\/08\/IMG-20180815-WA0116-225x300.jpg 225w, https:\/\/smwroclaw.pl\/wp-content\/uploads\/2018\/08\/IMG-20180815-WA0116-768x1024.jpg 768w, https:\/\/smwroclaw.pl\/wp-content\/uploads\/2018\/08\/IMG-20180815-WA0116.jpg 1200w\" sizes=\"(max-width: 324px) 100vw, 324px\" \/><\/p>\n<p>AB<\/p>\n","protected":false},"excerpt":{"rendered":"<p>W dniu 15. 08 br. ok godziny 13:25 funkcjonariusze Stra\u017cy Miejskiej Wroc\u0142awia podj\u0119li interwencj\u0119 na ul. Irysowej, gdzie mia\u0142o miejsce spalanie nieczysto\u015bci.<\/p>\n","protected":false},"author":3,"featured_media":3068,"comment_status":"closed","ping_status":"closed","sticky":false,"template":"","format":"standard","meta":{"footnotes":""},"categories":[16],"tags":[],"class_list":["post-3065","post","type-post","status-publish","format-standard","has-post-thumbnail","hentry","category-aktual"],"_links":{"self":[{"href":"https:\/\/smwroclaw.pl\/index.php?rest_route=\/wp\/v2\/posts\/3065","targetHints":{"allow":["GET"]}}],"collection":[{"href":"https:\/\/smwroclaw.pl\/index.php?rest_route=\/wp\/v2\/posts"}],"about":[{"href":"https:\/\/smwroclaw.pl\/index.php?rest_route=\/wp\/v2\/types\/post"}],"author":[{"embeddable":true,"href":"https:\/\/smwroclaw.pl\/index.php?rest_route=\/wp\/v2\/users\/3"}],"replies":[{"embeddable":true,"href":"https:\/\/smwroclaw.pl\/index.php?rest_route=%2Fwp%2Fv2%2Fcomments&post=3065"}],"version-history":[{"count":5,"href":"https:\/\/smwroclaw.pl\/index.php?rest_route=\/wp\/v2\/posts\/3065\/revisions"}],"predecessor-version":[{"id":3076,"href":"https:\/\/smwroclaw.pl\/index.php?rest_route=\/wp\/v2\/posts\/3065\/revisions\/3076"}],"wp:featuredmedia":[{"embeddable":true,"href":"https:\/\/smwroclaw.pl\/index.php?rest_route=\/wp\/v2\/media\/3068"}],"wp:attachment":[{"href":"https:\/\/smwroclaw.pl\/index.php?rest_route=%2Fwp%2Fv2%2Fmedia&parent=3065"}],"wp:term":[{"taxonomy":"category","embeddable":true,"href":"https:\/\/smwroclaw.pl\/index.php?rest_route=%2Fwp%2Fv2%2Fcategories&post=3065"},{"taxonomy":"post_tag","embeddable":true,"href":"https:\/\/smwroclaw.pl\/index.php?rest_route=%2Fwp%2Fv2%2Ftags&post=3065"}],"curies":[{"name":"wp","href":"https:\/\/api.w.org\/{rel}","templated":true}]}}