{"id":30794,"date":"2024-06-14T09:05:53","date_gmt":"2024-06-14T07:05:53","guid":{"rendered":"https:\/\/smwroclaw.pl\/?p=30794"},"modified":"2024-06-14T09:05:53","modified_gmt":"2024-06-14T07:05:53","slug":"patrol-rowerowy-w-dzialaniu-akcja-pomocna-dlon-2","status":"publish","type":"post","link":"https:\/\/smwroclaw.pl\/?p=30794","title":{"rendered":"PATROL ROWEROWY W DZIA\u0141ANIU &#8211; akcja \u201ePomocna d\u0142o\u0144\u201d"},"content":{"rendered":"<p style=\"text-align: justify;\"><span style=\"font-family: georgia, palatino, serif; font-size: 16px;\">Stra\u017cnicy je\u017cd\u017c\u0105cy na co dzie\u0144 w patrolach rowerowych zajmuj\u0105 si\u0119 nie tylko kontrolami i interwencjami wobec kieruj\u0105cych i pieszych, ale s\u0105 r\u00f3wnie\u017c czynnie zaanga\u017cowani w pomoc osobom w kryzysie bezdomno\u015bci. W ramach akcji \u201ePomocna d\u0142o\u0144\u201d wsp\u00f3\u0142pracuj\u0105 z Miejskim O\u015brodkiem Pomocy Spo\u0142ecznej. W czasie jednej ze wsp\u00f3lnych kontroli zauwa\u017cyli na p\u0119tli autobusowej na Krzykach m\u0119\u017cczyzn\u0119, kt\u00f3ry z uwagi na sw\u00f3j stan od dw\u00f3ch dni nie by\u0142 w stanie samodzielnie si\u0119 porusza\u0107. Funkcjonariusze razem z pracownikami MOPS \u201ezorganizowali\u201d w\u00f3zek inwalidzki, co bardzo poprawi\u0142o jako\u015b\u0107 \u017cycia m\u0119\u017cczyzny.<\/span><br \/>\n<span style=\"font-family: georgia, palatino, serif; font-size: 16px;\">Widzisz \u2013 reaguj \u2013 pomaganie jest proste!<\/span><!--more--><\/p>\n\n\t\t<style type=\"text\/css\">\n\t\t\t#gallery-1 {\n\t\t\t\tmargin: auto;\n\t\t\t}\n\t\t\t#gallery-1 .gallery-item {\n\t\t\t\tfloat: left;\n\t\t\t\tmargin-top: 10px;\n\t\t\t\ttext-align: center;\n\t\t\t\twidth: 33%;\n\t\t\t}\n\t\t\t#gallery-1 img {\n\t\t\t\tborder: 2px solid #cfcfcf;\n\t\t\t}\n\t\t\t#gallery-1 .gallery-caption {\n\t\t\t\tmargin-left: 0;\n\t\t\t}\n\t\t\t\/* see gallery_shortcode() in wp-includes\/media.php *\/\n\t\t<\/style>\n\t\t<div id='gallery-1' class='gallery galleryid-30794 gallery-columns-3 gallery-size-thumbnail'><dl class='gallery-item'>\n\t\t\t<dt class='gallery-icon portrait'>\n\t\t\t\t<a href='https:\/\/smwroclaw.pl\/?attachment_id=30795'><img fetchpriority=\"high\" decoding=\"async\" width=\"360\" height=\"260\" src=\"https:\/\/smwroclaw.pl\/wp-content\/uploads\/2024\/06\/c4503fd0-fd7e-4c04-acf8-bfafe3c1be69-360x260.jpg\" class=\"attachment-thumbnail size-thumbnail\" alt=\"\" \/><\/a>\n\t\t\t<\/dt><\/dl><dl class='gallery-item'>\n\t\t\t<dt class='gallery-icon landscape'>\n\t\t\t\t<a href='https:\/\/smwroclaw.pl\/?attachment_id=30796'><img decoding=\"async\" width=\"360\" height=\"260\" src=\"https:\/\/smwroclaw.pl\/wp-content\/uploads\/2024\/06\/f7d75d02-4694-40eb-8023-da00ad1e4154-360x260.jpg\" class=\"attachment-thumbnail size-thumbnail\" alt=\"\" \/><\/a>\n\t\t\t<\/dt><\/dl>\n\t\t\t<br style='clear: both' \/>\n\t\t<\/div>\n\n<p>BD<\/p>\n","protected":false},"excerpt":{"rendered":"<p>Stra\u017cnicy je\u017cd\u017c\u0105cy na co dzie\u0144 w patrolach rowerowych zajmuj\u0105 si\u0119 nie tylko kontrolami i interwencjami wobec kieruj\u0105cych i pieszych, ale s\u0105 r\u00f3wnie\u017c czynnie zaanga\u017cowani w pomoc osobom w kryzysie bezdomno\u015bci. W ramach akcji \u201ePomocna d\u0142o\u0144\u201d wsp\u00f3\u0142pracuj\u0105 z Miejskim O\u015brodkiem Pomocy Spo\u0142ecznej. W czasie jednej ze wsp\u00f3lnych kontroli zauwa\u017cyli na p\u0119tli autobusowej na Krzykach m\u0119\u017cczyzn\u0119, kt\u00f3ry [&hellip;]<\/p>\n","protected":false},"author":7,"featured_media":30797,"comment_status":"closed","ping_status":"closed","sticky":false,"template":"","format":"standard","meta":{"footnotes":""},"categories":[16],"tags":[],"class_list":["post-30794","post","type-post","status-publish","format-standard","has-post-thumbnail","hentry","category-aktual"],"_links":{"self":[{"href":"https:\/\/smwroclaw.pl\/index.php?rest_route=\/wp\/v2\/posts\/30794","targetHints":{"allow":["GET"]}}],"collection":[{"href":"https:\/\/smwroclaw.pl\/index.php?rest_route=\/wp\/v2\/posts"}],"about":[{"href":"https:\/\/smwroclaw.pl\/index.php?rest_route=\/wp\/v2\/types\/post"}],"author":[{"embeddable":true,"href":"https:\/\/smwroclaw.pl\/index.php?rest_route=\/wp\/v2\/users\/7"}],"replies":[{"embeddable":true,"href":"https:\/\/smwroclaw.pl\/index.php?rest_route=%2Fwp%2Fv2%2Fcomments&post=30794"}],"version-history":[{"count":1,"href":"https:\/\/smwroclaw.pl\/index.php?rest_route=\/wp\/v2\/posts\/30794\/revisions"}],"predecessor-version":[{"id":30798,"href":"https:\/\/smwroclaw.pl\/index.php?rest_route=\/wp\/v2\/posts\/30794\/revisions\/30798"}],"wp:featuredmedia":[{"embeddable":true,"href":"https:\/\/smwroclaw.pl\/index.php?rest_route=\/wp\/v2\/media\/30797"}],"wp:attachment":[{"href":"https:\/\/smwroclaw.pl\/index.php?rest_route=%2Fwp%2Fv2%2Fmedia&parent=30794"}],"wp:term":[{"taxonomy":"category","embeddable":true,"href":"https:\/\/smwroclaw.pl\/index.php?rest_route=%2Fwp%2Fv2%2Fcategories&post=30794"},{"taxonomy":"post_tag","embeddable":true,"href":"https:\/\/smwroclaw.pl\/index.php?rest_route=%2Fwp%2Fv2%2Ftags&post=30794"}],"curies":[{"name":"wp","href":"https:\/\/api.w.org\/{rel}","templated":true}]}}