{"id":3084,"date":"2018-08-22T12:47:52","date_gmt":"2018-08-22T10:47:52","guid":{"rendered":"http:\/\/smwroclaw.pl\/?p=3084"},"modified":"2018-08-27T09:20:29","modified_gmt":"2018-08-27T07:20:29","slug":"szlakiem-wroclawskich-krasnali","status":"publish","type":"post","link":"https:\/\/smwroclaw.pl\/?p=3084","title":{"rendered":"SZLAKIEM WROC\u0141AWSKICH KRASNALI"},"content":{"rendered":"<p><span style=\"font-family: georgia,palatino,serif; font-size: 16px;\">W sobot\u0119, 18 sierpnia zaprezentowali\u015bmy mieszka\u0144com naszego Krasnala Halabardnika, o kt\u00f3rym opowiedzia\u0142 funkcjonariusz Pawe\u0142 Gr\u0105bczewski, mi\u0142o\u015bnik historii naszego miasta, a zarazem licencjonowany przewodnik.<!--more--><\/span><\/p>\n<p><span style=\"font-family: georgia,palatino,serif; font-size: 16px;\"><img fetchpriority=\"high\" decoding=\"async\" class=\"alignnone wp-image-3085\" src=\"https:\/\/smwroclaw.pl\/wp-content\/uploads\/2018\/08\/DSCN0790-300x225.jpg\" alt=\"\" width=\"422\" height=\"316\" srcset=\"https:\/\/smwroclaw.pl\/wp-content\/uploads\/2018\/08\/DSCN0790-300x225.jpg 300w, https:\/\/smwroclaw.pl\/wp-content\/uploads\/2018\/08\/DSCN0790-768x576.jpg 768w\" sizes=\"(max-width: 422px) 100vw, 422px\" \/> <img decoding=\"async\" class=\"alignnone wp-image-3088\" src=\"https:\/\/smwroclaw.pl\/wp-content\/uploads\/2018\/08\/IMG_9313-200x300.jpg\" alt=\"\" width=\"213\" height=\"320\" srcset=\"https:\/\/smwroclaw.pl\/wp-content\/uploads\/2018\/08\/IMG_9313-200x300.jpg 200w, https:\/\/smwroclaw.pl\/wp-content\/uploads\/2018\/08\/IMG_9313-768x1152.jpg 768w\" sizes=\"(max-width: 213px) 100vw, 213px\" \/><img decoding=\"async\" class=\"alignnone wp-image-3086\" src=\"https:\/\/smwroclaw.pl\/wp-content\/uploads\/2018\/08\/39628860_2188076868123455_7181413609308684288_n-194x300.jpg\" alt=\"\" width=\"206\" height=\"319\" srcset=\"https:\/\/smwroclaw.pl\/wp-content\/uploads\/2018\/08\/39628860_2188076868123455_7181413609308684288_n-194x300.jpg 194w, https:\/\/smwroclaw.pl\/wp-content\/uploads\/2018\/08\/39628860_2188076868123455_7181413609308684288_n.jpg 460w\" sizes=\"(max-width: 206px) 100vw, 206px\" \/><\/span><\/p>\n<p><span style=\"font-family: georgia,palatino,serif; font-size: 16px;\">Tak wygl\u0105da\u0142a wycieczka Wroc\u0142awskich Krasnali:<\/span><\/p>\n<p><span style=\"font-family: georgia,palatino,serif; font-size: 16px;\">\u0179r\u00f3d\u0142o: <a href=\"https:\/\/pl-pl.facebook.com\/WroclawskieKrasnaleWroclove\/posts\/2188159694781839\">https:\/\/pl-pl.facebook.com\/WroclawskieKrasnaleWroclove\/posts\/2188159694781839<\/a><\/span><\/p>\n<p><span style=\"font-family: georgia,palatino,serif; font-size: 16px;\">Trasa Szlakiem Krasnali na Przedmie\u015bciu O\u0142awskim:<\/span><\/p>\n<p><span style=\"font-family: georgia,palatino,serif; font-size: 16px;\">W sobot\u0119, 18 sierpnia, spotkali\u015bmy si\u0119 w trakcie wydarzenia pod nazw\u0105 Mami Targ, by wsp\u00f3lnie poszuka\u0107 krasnali na Przedmie\u015bciu O\u0142awskim.<\/span><\/p>\n<p><span style=\"font-family: georgia,palatino,serif; font-size: 16px;\">Zwiedzanie rozpocz\u0119li\u015bmy przy ul. Hercena 13<\/span><br \/>\n<span style=\"font-family: georgia,palatino,serif; font-size: 16px;\"> w Przedpokoju. Wyposa\u017ceni w ekwipunek wspomagaj\u0105cy &#8211; mapy, kredy, lornetki<\/span><br \/>\n<span style=\"font-family: georgia,palatino,serif; font-size: 16px;\"> i aparaty fotograficzne ruszyli\u015bmy grup\u0105<\/span><br \/>\n<span style=\"font-family: georgia,palatino,serif; font-size: 16px;\"> na po\u0142udnie. A oto krasnale, kt\u00f3re uda\u0142o nam si\u0119 odnale\u017a\u0107:<\/span><\/p>\n<ol>\n<li><span style=\"font-family: georgia,palatino,serif; font-size: 16px;\">Halabardnik &#8211; przy Stra\u017cy Miejskiej, ul. Gwarna 5-7<\/span><\/li>\n<li><span style=\"font-family: georgia,palatino,serif; font-size: 16px;\">Dworcowy na walizce &#8211; przy Dworcu PKP Wroc\u0142aw G\u0142\u00f3wny<\/span><\/li>\n<li><span style=\"font-family: georgia,palatino,serif; font-size: 16px;\">Luksik &#8211; pl. Konstytucji 3 Maja<\/span><\/li>\n<li><span style=\"font-family: georgia,palatino,serif; font-size: 16px;\">Trzynastek &#8211; LO nr XIII przy ul. Haukego-Bosaka 33<\/span><\/li>\n<li><span style=\"font-family: georgia,palatino,serif; font-size: 16px;\">Teleinformatyk przy Zespole Szk\u00f3\u0142 Teleinformatycznych i Elektronicznych przy ul. Haukego-Bosaka 21<\/span><\/li>\n<li><span style=\"font-family: georgia,palatino,serif; font-size: 16px;\">i 7. Polonek i Germanek \u2013 Konsulat Republiki Federalnej Niemiec przy ul. Podwale 76<\/span><\/li>\n<\/ol>\n<p><span style=\"font-family: georgia,palatino,serif; font-size: 16px;\"><strong>Stra\u017cnik Miejski &#8211; Pan Pawe\u0142 Gr\u0105bczewski<\/strong> ciekawie opowiada\u0142 o krasnalku z halabard\u0105 w d\u0142oni. Poinformowa\u0142 nas o obowi\u0105zkach, jakie nale\u017c\u0105 do stra\u017cnik\u00f3w miejskich oraz o pracy, jak\u0105 stra\u017cnicy musz\u0105 wykonywa\u0107 ka\u017cdego dnia. Poznali\u015bmy tak\u017ce, histori\u0119 powstania tej formacji, oraz dowiedzieli\u015bmy si\u0119, co takiego robi\u0142a Stra\u017c Miejska w \u015bredniowiecznym Wroc\u0142awiu. Przyjrzeli\u015bmy si\u0119 z bliska wyposa\u017ceniu radiowozu interwencyjnego, a na koniec wizyty u Krasnala Halabardnika otrzymali\u015bmy odblaskowe \u015bwiate\u0142ka na dalsz\u0105 bezpieczn\u0105 drog\u0119. Dzi\u0119kujemy! \ud83d\ude42<\/span><\/p>\n<p><span style=\"font-family: georgia,palatino,serif; font-size: 16px;\">Nast\u0119pnie udali\u015bmy si\u0119 przed budynek dworca kolejowego PKP Wroc\u0142aw G\u0142\u00f3wny.<\/span><br \/>\n<span style=\"font-family: georgia,palatino,serif; font-size: 16px;\"> Tutaj mieszkaj\u0105 a\u017c cztery Wroc\u0142awskie Krasnale. Nasz\u0105 uwag\u0119 przyku\u0142 krasnal siedz\u0105cy na walizce. Po zlokalizowaniu lornetk\u0105 miejsca jego przesiadywania, rozpocz\u0119li\u015bmy szybki bieg w jego kierunku. Na wielkiej walizce siedzia\u0142 ma\u0142y krasnal zwany Dworcowym, czekaj\u0105cy na dalsz\u0105 podr\u00f3\u017c poci\u0105giem. W walizce znale\u017ali\u015bmy m.in: koszule, buty, butonierk\u0119, ksi\u0105\u017ck\u0119, zapalniczk\u0119 oraz ma\u0142y breloczek z krasnoludkiem! \ud83d\ude42<\/span><\/p>\n<p><span style=\"font-family: georgia,palatino,serif; font-size: 16px;\">Na trzeci punkt naszej wycieczki, obrali\u015bmy budynek Silver Tower, w kt\u00f3rym mieszka krasnal Luksik. Tutaj mie\u015bci si\u0119 te\u017c siedziba firmy softwarowej Luxsoft. Krasnal Luksik &#8211; to prawdziwy artysta na miar\u0119 XXI wieku &#8211; na sztaludze ma zamontowany ekran monitora, a zamiast p\u0119dzla trzyma w r\u0105czkach klawiatur\u0119. Ca\u0142\u0105 grup\u0105 na chodniku namalowali\u015bmy kred\u0105 liczne<\/span><br \/>\n<span style=\"font-family: georgia,palatino,serif; font-size: 16px;\"> krasnalki &#8211; w ko\u0144cu liczy si\u0119 swoboda ekspresji!<\/span><\/p>\n<p><span style=\"font-family: georgia,palatino,serif; font-size: 16px;\">W dalsz\u0105 drog\u0119 ruszyli\u015bmy u\u017cywaj\u0105c mobilnej aplikacji do szukania krasnali, kt\u00f3r\u0105 mo\u017cna pobra\u0107 tutaj:<\/span><\/p>\n<p><span style=\"font-family: georgia,palatino,serif; font-size: 16px;\"><a href=\"https:\/\/l.facebook.com\/l.php?u=https%3A%2F%2Fplay.google.com%2Fstore%2Fapps%2Fdetails%3Fid%3Dcom.pawelm.krasnalewewroclawiu&amp;h=AT2D6vADn5JZeHMQwxfLBF3tb8MATWW8wwlaoFXgT4tqxsnCAnJoBPSQm9Ng3hXz94cUNbQrFxYUThBHw54qxqY8KDl3BeeCy3DlXqNL5LXENWsXl7-nIBMCitBCwRIqLvqtv2ZuRMBlVyE09Lb3a1tWAKLb3dGAwYMUqPQmIQ\" data-ft=\"{&quot;tn&quot;:&quot;-U&quot;}\" data-lynx-mode=\"asynclazy\">https:\/\/play.google.com\/store\/apps\/details\u2026<\/a><\/span><\/p>\n<p><span style=\"font-family: georgia,palatino,serif; font-size: 16px;\">Kolejnym punktem na naszym szlaku by\u0142 krasnal zwany Trzynastkiem. Nazwa pochodzi od mieszcz\u0105cego przy ul. Haukego-Bosaka Liceum nr XIII im. Aleksandra Fredry. Niestety nie mogli\u015bmy wej\u015b\u0107 na teren szko\u0142y-w ko\u0144cu s\u0105 wakacje. Ale i na to mieli\u015bmy spos\u00f3b. Zn\u00f3w przydatna okaza\u0142a si\u0119 lornetka! Przez szpary w ogrodzeniu przyjrzeli\u015bmy si\u0119 krasnalkowi oraz potwierdzili\u015bmy jego obecno\u015b\u0107.<\/span><\/p>\n<p><span style=\"font-family: georgia,palatino,serif; font-size: 16px;\">Krasnal Teleinformatyk znajdowa\u0142 si\u0119 nieopodal. W Zespole Szk\u00f3\u0142 Teleinformatycznych i Elektronicznych im. Zwyci\u0119zc\u00f3w Enigmy przy ul. Haukego-Bosaka 21.<\/span><br \/>\n<span style=\"font-family: georgia,palatino,serif; font-size: 16px;\"> I tutaj krasnalka mogli\u015bmy tylko podejrze\u0107. Wakacje to wakacje. Szko\u0142a nieczynna. Przez szklane drzwi dostrzegli\u015bmy \u017ce obok krasnalka stoi ko\u0144, a na nim je\u017adziec. Chyba to marsza\u0142ek Pi\u0142sudski. Doborowe<\/span><br \/>\n<span style=\"font-family: georgia,palatino,serif; font-size: 16px;\"> towarzystwo \ud83d\ude42 W ko\u0144cu mamy 100-lecie odzyskania niepodleg\u0142o\u015bci.<\/span><\/p>\n<p><span style=\"font-family: georgia,palatino,serif; font-size: 16px;\">W trakcie ca\u0142ej naszej wycieczki grup\u0105 rysowali\u015bmy kred\u0105 na chodniku strza\u0142ki, zupe\u0142nie tak samo, jak kiedy\u015b w grze w podchody. Przy ciekawych<\/span><br \/>\n<span style=\"font-family: georgia,palatino,serif; font-size: 16px;\"> budynkach rysowali\u015bmy wykrzykniki, a przy krasnalkach &#8211; oczywi\u015bcie krasnalki.<\/span><br \/>\n<span style=\"font-family: georgia,palatino,serif; font-size: 16px;\"> Rozmawiali\u015bmy o Trzonolinowcu przy ul. Ko\u015bciuszki, kt\u00f3ry to by\u0142 budowany od ostatniego pi\u0119tra, a w kt\u00f3rym mieszkali znani aktorzy i muzycy. O Szpitalu Ojc\u00f3w Bonifratr\u00f3w przy ul. Traugutta, gdzie chorych, zakonnicy leczyli tradycyjnymi recepturami zio\u0142owymi. Wspominali\u015bmy pow\u00f3d\u017a z 1997 roku i jaki mia\u0142a niszcz\u0105cy wp\u0142yw na ca\u0142e miasto, a w szczeg\u00f3lno\u015bci na nasz\u0105 dzielnic\u0119. \u015alady powodzi s\u0105 gdzieniegdzie widoczne na murach, a rzeka O\u0142awa ma wci\u0105\u017c ogromne znaczenie dla wroc\u0142awian. Nasz spacer ko\u0144czyli\u015bmy przy jednej z najpi\u0119kniejszych kamienic<\/span><br \/>\n<span style=\"font-family: georgia,palatino,serif; font-size: 16px;\"> Przedmie\u015bcia O\u0142awskiego przy ul. Podwale 76 &#8211; Willi Rodziny Hasse &#8211; nale\u017c\u0105cej niegdy\u015b do browarnik\u00f3w warz\u0105cych s\u0142ynne piwo, a gdzie dzi\u015b znajduje si\u0119 Konsulat Generalny Republiki Federalnej Niemiec. Tutaj przed wej\u015bciem spotkali\u015bmy dwa krasnale &#8211; Polonka i Germanka, kt\u00f3re w przyjacielskim ge\u015bcie wznosi\u0142y kufle ze z\u0142otym trunkiem.<\/span><\/p>\n<p><span style=\"font-family: georgia,palatino,serif; font-size: 16px;\">Na koniec wycieczki odwiedzili\u015bmy jeszcze jeden punkt zwi\u0105zany z krasnoludkami &#8211; lodziarni\u0119 Krasnol\u00f3d przy ul. Komuny Paryskiej 10, gdzie mogli\u015bmy spa\u0142aszowa\u0107 ufundowane przez lodziarni\u0119 lody \ud83d\ude42 Dzi\u0119kujemy!!<\/span><\/p>\n<p><span style=\"font-family: georgia,palatino,serif; font-size: 16px;\">Bardzo dzi\u0119kujemy wszystkim uczestnikom, organizatorom i partnerom za pomoc i zaanga\u017cowanie w wytyczaniu Szlaku Krasnalowego na Przedmie\u015bciu<\/span><br \/>\n<span style=\"font-family: georgia,palatino,serif; font-size: 16px;\"> O\u0142awskim<\/span><\/p>\n<p><span style=\"font-family: georgia,palatino,serif; font-size: 16px;\">Po Przedmie\u015bciu O\u0142awskim oprowadzali<\/span><br \/>\n<span style=\"font-family: georgia,palatino,serif; font-size: 16px;\"> Mariola Palcewicz oraz Marek Mik\u0142aszewski<\/span><\/p>\n<p><span style=\"font-family: georgia,palatino,serif; font-size: 16px;\">\u0179r\u00f3d\u0142o: <a href=\"https:\/\/pl-pl.facebook.com\/WroclawskieKrasnaleWroclove\/posts\/2188159694781839\">https:\/\/pl-pl.facebook.com\/WroclawskieKrasnaleWroclove\/posts\/2188159694781839<\/a><\/span><\/p>\n<p>&nbsp;<\/p>\n","protected":false},"excerpt":{"rendered":"<p>W sobot\u0119, 18 sierpnia zaprezentowali\u015bmy mieszka\u0144com naszego Krasnala Halabardnika, o kt\u00f3rym opowiedzia\u0142 funkcjonariusz Pawe\u0142 Gr\u0105bczewski, mi\u0142o\u015bnik historii naszego miasta, a zarazem licencjonowany przewodnik.<\/p>\n","protected":false},"author":3,"featured_media":1667,"comment_status":"closed","ping_status":"closed","sticky":false,"template":"","format":"standard","meta":{"footnotes":""},"categories":[16],"tags":[],"class_list":["post-3084","post","type-post","status-publish","format-standard","has-post-thumbnail","hentry","category-aktual"],"_links":{"self":[{"href":"https:\/\/smwroclaw.pl\/index.php?rest_route=\/wp\/v2\/posts\/3084","targetHints":{"allow":["GET"]}}],"collection":[{"href":"https:\/\/smwroclaw.pl\/index.php?rest_route=\/wp\/v2\/posts"}],"about":[{"href":"https:\/\/smwroclaw.pl\/index.php?rest_route=\/wp\/v2\/types\/post"}],"author":[{"embeddable":true,"href":"https:\/\/smwroclaw.pl\/index.php?rest_route=\/wp\/v2\/users\/3"}],"replies":[{"embeddable":true,"href":"https:\/\/smwroclaw.pl\/index.php?rest_route=%2Fwp%2Fv2%2Fcomments&post=3084"}],"version-history":[{"count":11,"href":"https:\/\/smwroclaw.pl\/index.php?rest_route=\/wp\/v2\/posts\/3084\/revisions"}],"predecessor-version":[{"id":3106,"href":"https:\/\/smwroclaw.pl\/index.php?rest_route=\/wp\/v2\/posts\/3084\/revisions\/3106"}],"wp:featuredmedia":[{"embeddable":true,"href":"https:\/\/smwroclaw.pl\/index.php?rest_route=\/wp\/v2\/media\/1667"}],"wp:attachment":[{"href":"https:\/\/smwroclaw.pl\/index.php?rest_route=%2Fwp%2Fv2%2Fmedia&parent=3084"}],"wp:term":[{"taxonomy":"category","embeddable":true,"href":"https:\/\/smwroclaw.pl\/index.php?rest_route=%2Fwp%2Fv2%2Fcategories&post=3084"},{"taxonomy":"post_tag","embeddable":true,"href":"https:\/\/smwroclaw.pl\/index.php?rest_route=%2Fwp%2Fv2%2Ftags&post=3084"}],"curies":[{"name":"wp","href":"https:\/\/api.w.org\/{rel}","templated":true}]}}