{"id":31256,"date":"2024-08-08T14:17:50","date_gmt":"2024-08-08T12:17:50","guid":{"rendered":"https:\/\/smwroclaw.pl\/?p=31256"},"modified":"2024-08-08T14:17:50","modified_gmt":"2024-08-08T12:17:50","slug":"edukacjnie-w-zajezdni-tramwajowej-borek","status":"publish","type":"post","link":"https:\/\/smwroclaw.pl\/?p=31256","title":{"rendered":"EDUKACJNIE W ZAJEZDNI TRAMWAJOWEJ BOREK"},"content":{"rendered":"<p style=\"text-align: justify;\"><span style=\"font-family: georgia, palatino, serif; font-size: 16px;\">Wczoraj na terenie Zajezdni Tramwajowej Borek odby\u0142a si\u0119 uroczysto\u015b\u0107 nadania tramwajowi imienia Ryszarda Szurkowskiego. W trakcie eventu nie mog\u0142o zabrakn\u0105\u0107 naszych funkcjonariuszy, kt\u00f3rzy edukowali mieszka\u0144c\u00f3w w zakresie pierwszej pomocy i przepis\u00f3w obowi\u0105zuj\u0105cych rowerzyst\u00f3w.<\/span><br \/>\n<span style=\"font-family: georgia, palatino, serif; font-size: 16px;\">Dzisiaj tramwaj mo\u017cecie spotka\u0107 na ulicach Wroc\u0142awia z numerem 23, a w niedziel\u0119 na trasie do Hali Stulecia, gdzie b\u0119dzie si\u0119 odbywa\u0142 si\u0119 piknik rowerowy Tour de Pologne!<!--more--><\/span><\/p>\n\n\t\t<style type=\"text\/css\">\n\t\t\t#gallery-1 {\n\t\t\t\tmargin: auto;\n\t\t\t}\n\t\t\t#gallery-1 .gallery-item {\n\t\t\t\tfloat: left;\n\t\t\t\tmargin-top: 10px;\n\t\t\t\ttext-align: center;\n\t\t\t\twidth: 33%;\n\t\t\t}\n\t\t\t#gallery-1 img {\n\t\t\t\tborder: 2px solid #cfcfcf;\n\t\t\t}\n\t\t\t#gallery-1 .gallery-caption {\n\t\t\t\tmargin-left: 0;\n\t\t\t}\n\t\t\t\/* see gallery_shortcode() in wp-includes\/media.php *\/\n\t\t<\/style>\n\t\t<div id='gallery-1' class='gallery galleryid-31256 gallery-columns-3 gallery-size-thumbnail'><dl class='gallery-item'>\n\t\t\t<dt class='gallery-icon landscape'>\n\t\t\t\t<a href='https:\/\/smwroclaw.pl\/?attachment_id=31261'><img fetchpriority=\"high\" decoding=\"async\" width=\"360\" height=\"260\" src=\"https:\/\/smwroclaw.pl\/wp-content\/uploads\/2024\/08\/3-360x260.jpg\" class=\"attachment-thumbnail size-thumbnail\" alt=\"\" aria-describedby=\"gallery-1-31261\" \/><\/a>\n\t\t\t<\/dt>\n\t\t\t\t<dd class='wp-caption-text gallery-caption' id='gallery-1-31261'>\n\t\t\t\tZdj\u0119cie MPK Wroc\u0142aw\n\t\t\t\t<\/dd><\/dl><dl class='gallery-item'>\n\t\t\t<dt class='gallery-icon landscape'>\n\t\t\t\t<a href='https:\/\/smwroclaw.pl\/?attachment_id=31262'><img decoding=\"async\" width=\"360\" height=\"260\" src=\"https:\/\/smwroclaw.pl\/wp-content\/uploads\/2024\/08\/4-360x260.jpg\" class=\"attachment-thumbnail size-thumbnail\" alt=\"\" aria-describedby=\"gallery-1-31262\" \/><\/a>\n\t\t\t<\/dt>\n\t\t\t\t<dd class='wp-caption-text gallery-caption' id='gallery-1-31262'>\n\t\t\t\tZdj\u0119cie MPK Wroc\u0142aw\n\t\t\t\t<\/dd><\/dl><dl class='gallery-item'>\n\t\t\t<dt class='gallery-icon landscape'>\n\t\t\t\t<a href='https:\/\/smwroclaw.pl\/?attachment_id=31259'><img decoding=\"async\" width=\"360\" height=\"260\" src=\"https:\/\/smwroclaw.pl\/wp-content\/uploads\/2024\/08\/5-360x260.jpg\" class=\"attachment-thumbnail size-thumbnail\" alt=\"\" aria-describedby=\"gallery-1-31259\" \/><\/a>\n\t\t\t<\/dt>\n\t\t\t\t<dd class='wp-caption-text gallery-caption' id='gallery-1-31259'>\n\t\t\t\tZdj\u0119cie MPK Wroc\u0142aw\n\t\t\t\t<\/dd><\/dl><br style=\"clear: both\" \/><dl class='gallery-item'>\n\t\t\t<dt class='gallery-icon landscape'>\n\t\t\t\t<a href='https:\/\/smwroclaw.pl\/?attachment_id=31258'><img loading=\"lazy\" decoding=\"async\" width=\"360\" height=\"260\" src=\"https:\/\/smwroclaw.pl\/wp-content\/uploads\/2024\/08\/2-360x260.jpg\" class=\"attachment-thumbnail size-thumbnail\" alt=\"\" aria-describedby=\"gallery-1-31258\" \/><\/a>\n\t\t\t<\/dt>\n\t\t\t\t<dd class='wp-caption-text gallery-caption' id='gallery-1-31258'>\n\t\t\t\tZdj\u0119cie MPK Wroc\u0142aw\n\t\t\t\t<\/dd><\/dl><dl class='gallery-item'>\n\t\t\t<dt class='gallery-icon landscape'>\n\t\t\t\t<a href='https:\/\/smwroclaw.pl\/?attachment_id=31257'><img loading=\"lazy\" decoding=\"async\" width=\"360\" height=\"260\" src=\"https:\/\/smwroclaw.pl\/wp-content\/uploads\/2024\/08\/1-360x260.jpg\" class=\"attachment-thumbnail size-thumbnail\" alt=\"\" aria-describedby=\"gallery-1-31257\" \/><\/a>\n\t\t\t<\/dt>\n\t\t\t\t<dd class='wp-caption-text gallery-caption' id='gallery-1-31257'>\n\t\t\t\tZdj\u0119cie MPK Wroc\u0142aw\n\t\t\t\t<\/dd><\/dl><dl class='gallery-item'>\n\t\t\t<dt class='gallery-icon portrait'>\n\t\t\t\t<a href='https:\/\/smwroclaw.pl\/?attachment_id=31263'><img loading=\"lazy\" decoding=\"async\" width=\"360\" height=\"260\" src=\"https:\/\/smwroclaw.pl\/wp-content\/uploads\/2024\/08\/8-360x260.jpg\" class=\"attachment-thumbnail size-thumbnail\" alt=\"\" \/><\/a>\n\t\t\t<\/dt><\/dl><br style=\"clear: both\" \/><dl class='gallery-item'>\n\t\t\t<dt class='gallery-icon portrait'>\n\t\t\t\t<a href='https:\/\/smwroclaw.pl\/?attachment_id=31264'><img loading=\"lazy\" decoding=\"async\" width=\"360\" height=\"260\" src=\"https:\/\/smwroclaw.pl\/wp-content\/uploads\/2024\/08\/10-360x260.jpg\" class=\"attachment-thumbnail size-thumbnail\" alt=\"\" \/><\/a>\n\t\t\t<\/dt><\/dl><dl class='gallery-item'>\n\t\t\t<dt class='gallery-icon landscape'>\n\t\t\t\t<a href='https:\/\/smwroclaw.pl\/?attachment_id=31265'><img loading=\"lazy\" decoding=\"async\" width=\"360\" height=\"260\" src=\"https:\/\/smwroclaw.pl\/wp-content\/uploads\/2024\/08\/12-360x260.jpg\" class=\"attachment-thumbnail size-thumbnail\" alt=\"\" \/><\/a>\n\t\t\t<\/dt><\/dl>\n\t\t\t<br style='clear: both' \/>\n\t\t<\/div>\n\n<p style=\"text-align: justify;\">\n<span style=\"font-family: georgia, palatino, serif; font-size: 16px;\">Zdj\u0119cia: MPK Wroc\u0142aw<\/span><\/p>\n<p style=\"text-align: justify;\"><span style=\"font-family: georgia, palatino, serif; font-size: 16px;\">BD<\/span><\/p>\n","protected":false},"excerpt":{"rendered":"<p>Wczoraj na terenie Zajezdni Tramwajowej Borek odby\u0142a si\u0119 uroczysto\u015b\u0107 nadania tramwajowi imienia Ryszarda Szurkowskiego. W trakcie eventu nie mog\u0142o zabrakn\u0105\u0107 naszych funkcjonariuszy, kt\u00f3rzy edukowali mieszka\u0144c\u00f3w w zakresie pierwszej pomocy i przepis\u00f3w obowi\u0105zuj\u0105cych rowerzyst\u00f3w. Dzisiaj tramwaj mo\u017cecie spotka\u0107 na ulicach Wroc\u0142awia z numerem 23, a w niedziel\u0119 na trasie do Hali Stulecia, gdzie b\u0119dzie si\u0119 odbywa\u0142 [&hellip;]<\/p>\n","protected":false},"author":7,"featured_media":31267,"comment_status":"closed","ping_status":"closed","sticky":false,"template":"","format":"standard","meta":{"footnotes":""},"categories":[16],"tags":[],"class_list":["post-31256","post","type-post","status-publish","format-standard","has-post-thumbnail","hentry","category-aktual"],"_links":{"self":[{"href":"https:\/\/smwroclaw.pl\/index.php?rest_route=\/wp\/v2\/posts\/31256","targetHints":{"allow":["GET"]}}],"collection":[{"href":"https:\/\/smwroclaw.pl\/index.php?rest_route=\/wp\/v2\/posts"}],"about":[{"href":"https:\/\/smwroclaw.pl\/index.php?rest_route=\/wp\/v2\/types\/post"}],"author":[{"embeddable":true,"href":"https:\/\/smwroclaw.pl\/index.php?rest_route=\/wp\/v2\/users\/7"}],"replies":[{"embeddable":true,"href":"https:\/\/smwroclaw.pl\/index.php?rest_route=%2Fwp%2Fv2%2Fcomments&post=31256"}],"version-history":[{"count":1,"href":"https:\/\/smwroclaw.pl\/index.php?rest_route=\/wp\/v2\/posts\/31256\/revisions"}],"predecessor-version":[{"id":31269,"href":"https:\/\/smwroclaw.pl\/index.php?rest_route=\/wp\/v2\/posts\/31256\/revisions\/31269"}],"wp:featuredmedia":[{"embeddable":true,"href":"https:\/\/smwroclaw.pl\/index.php?rest_route=\/wp\/v2\/media\/31267"}],"wp:attachment":[{"href":"https:\/\/smwroclaw.pl\/index.php?rest_route=%2Fwp%2Fv2%2Fmedia&parent=31256"}],"wp:term":[{"taxonomy":"category","embeddable":true,"href":"https:\/\/smwroclaw.pl\/index.php?rest_route=%2Fwp%2Fv2%2Fcategories&post=31256"},{"taxonomy":"post_tag","embeddable":true,"href":"https:\/\/smwroclaw.pl\/index.php?rest_route=%2Fwp%2Fv2%2Ftags&post=31256"}],"curies":[{"name":"wp","href":"https:\/\/api.w.org\/{rel}","templated":true}]}}