{"id":3135,"date":"2018-08-31T07:22:34","date_gmt":"2018-08-31T05:22:34","guid":{"rendered":"http:\/\/smwroclaw.pl\/?p=3135"},"modified":"2018-08-31T11:13:49","modified_gmt":"2018-08-31T09:13:49","slug":"ekopatrol-w-dzialaniu-z-notatnika-straznika-27-08-2018-r","status":"publish","type":"post","link":"https:\/\/smwroclaw.pl\/?p=3135","title":{"rendered":"EKOPATROL W DZIA\u0141ANIU &#8211; z notatnika stra\u017cnika 27.08.2018 r. (aktualizacja 31.09.2018 r.)"},"content":{"rendered":"<p style=\"text-align: justify;\"><span style=\"font-size: 16px;\"><strong>27 sierpnia 2018r. (poniedzia\u0142ek)<\/strong> patrol stra\u017cnik\u00f3w miejskich z Oddzia\u0142u Ochrony \u015arodowiska uda\u0142 si\u0119 na<strong> ul. Tczewsk\u0105<\/strong>, gdzie na terenie nieruchomo\u015bci \u2013 domu jednorodzinnego zlokalizowano <strong>du\u017c\u0105 ilo\u015b\u0107 elektro\u015bmieci\u00a0 (kilkadziesi\u0105t lod\u00f3wek, ch\u0142odziarek \u2013 stoj\u0105cych bezpo\u015brednio na ziemi)<\/strong>. <\/span><\/p>\n<p><!--more--><\/p>\n<p style=\"text-align: justify;\"><span style=\"font-family: georgia,palatino,serif; font-size: 16px;\">Ustalono najemc\u0119 domu, kt\u00f3ry o\u015bwiadczy\u0142, \u017ce taki stan zasta\u0142 po poprzednich w\u0142a\u015bcicielach. Nakazano do dnia 06.09.2018r. uprz\u0105tni\u0119cie terenu i usuni\u0119cie elektro\u015bmieci przez specjalistyczn\u0105 firm\u0119 zajmuj\u0105ca si\u0119 ich utylizacj\u0105. W bezpo\u015brednim s\u0105siedztwie nieruchomo\u015bci przy przepe\u0142nionym kontenerze na gabaryty zlokalizowano du\u017ce ilo\u015bci odpad\u00f3w (zgromadzonych prawdopodobnie przez okolicznych mieszka\u0144c\u00f3w. Stra\u017cnicy miejscy prowadz\u0105 czynno\u015bci zmierzaj\u0105ce do ustalenia sprawcy (sprawc\u00f3w) zanieczyszczenia a tak\u017ce oczyszczenia terenu.<\/span><\/p>\n<p style=\"text-align: justify;\"><span style=\"font-family: georgia,palatino,serif; font-size: 16px;\"><strong>Aktualizacja:<\/strong> Kontrola przeprowadzona 30 sierpnia 2018 r. &#8211;\u00a0 zanieczyszczony teren przy kontenerze zosta\u0142 oczyszczony (patrz ostatnie zdj\u0119cie na dole)<\/span><\/p>\n<p><img fetchpriority=\"high\" decoding=\"async\" class=\" wp-image-3139 aligncenter\" src=\"https:\/\/smwroclaw.pl\/wp-content\/uploads\/2018\/08\/1-08.jpg\" alt=\"\" width=\"639\" height=\"359\" srcset=\"https:\/\/smwroclaw.pl\/wp-content\/uploads\/2018\/08\/1-08.jpg 733w, https:\/\/smwroclaw.pl\/wp-content\/uploads\/2018\/08\/1-08-300x169.jpg 300w\" sizes=\"(max-width: 639px) 100vw, 639px\" \/><\/p>\n<p><img decoding=\"async\" class=\" wp-image-3140 aligncenter\" src=\"https:\/\/smwroclaw.pl\/wp-content\/uploads\/2018\/08\/2-08.jpg\" alt=\"\" width=\"640\" height=\"359\" srcset=\"https:\/\/smwroclaw.pl\/wp-content\/uploads\/2018\/08\/2-08.jpg 728w, https:\/\/smwroclaw.pl\/wp-content\/uploads\/2018\/08\/2-08-300x169.jpg 300w\" sizes=\"(max-width: 640px) 100vw, 640px\" \/><\/p>\n<p><img decoding=\"async\" class=\"wp-image-3141 aligncenter\" src=\"https:\/\/smwroclaw.pl\/wp-content\/uploads\/2018\/08\/3-08.jpg\" alt=\"\" width=\"635\" height=\"357\" srcset=\"https:\/\/smwroclaw.pl\/wp-content\/uploads\/2018\/08\/3-08.jpg 1496w, https:\/\/smwroclaw.pl\/wp-content\/uploads\/2018\/08\/3-08-300x169.jpg 300w, https:\/\/smwroclaw.pl\/wp-content\/uploads\/2018\/08\/3-08-768x432.jpg 768w\" sizes=\"(max-width: 635px) 100vw, 635px\" \/><\/p>\n<p><img loading=\"lazy\" decoding=\"async\" class=\" wp-image-3216 aligncenter\" src=\"https:\/\/smwroclaw.pl\/wp-content\/uploads\/2018\/08\/t\u0119czcccccc-1.jpg\" alt=\"\" width=\"638\" height=\"358\" srcset=\"https:\/\/smwroclaw.pl\/wp-content\/uploads\/2018\/08\/t\u0119czcccccc-1.jpg 979w, https:\/\/smwroclaw.pl\/wp-content\/uploads\/2018\/08\/t\u0119czcccccc-1-300x169.jpg 300w, https:\/\/smwroclaw.pl\/wp-content\/uploads\/2018\/08\/t\u0119czcccccc-1-768x431.jpg 768w\" sizes=\"(max-width: 638px) 100vw, 638px\" \/><\/p>\n<p><span style=\"font-family: georgia,palatino,serif; font-size: 16px;\"><strong>Teren posprz\u0105tany &#8211; kontrola 30 sierpnia 2018 r.<\/strong><\/span><\/p>\n<p><strong>wf<\/strong><\/p>\n","protected":false},"excerpt":{"rendered":"<p>27 sierpnia 2018r. (poniedzia\u0142ek) patrol stra\u017cnik\u00f3w miejskich z Oddzia\u0142u Ochrony \u015arodowiska uda\u0142 si\u0119 na ul. Tczewsk\u0105, gdzie na terenie nieruchomo\u015bci \u2013 domu jednorodzinnego zlokalizowano du\u017c\u0105 ilo\u015b\u0107 elektro\u015bmieci\u00a0 (kilkadziesi\u0105t lod\u00f3wek, ch\u0142odziarek \u2013 stoj\u0105cych bezpo\u015brednio na ziemi).<\/p>\n","protected":false},"author":4,"featured_media":3141,"comment_status":"closed","ping_status":"closed","sticky":false,"template":"","format":"standard","meta":{"footnotes":""},"categories":[16],"tags":[],"class_list":["post-3135","post","type-post","status-publish","format-standard","has-post-thumbnail","hentry","category-aktual"],"_links":{"self":[{"href":"https:\/\/smwroclaw.pl\/index.php?rest_route=\/wp\/v2\/posts\/3135","targetHints":{"allow":["GET"]}}],"collection":[{"href":"https:\/\/smwroclaw.pl\/index.php?rest_route=\/wp\/v2\/posts"}],"about":[{"href":"https:\/\/smwroclaw.pl\/index.php?rest_route=\/wp\/v2\/types\/post"}],"author":[{"embeddable":true,"href":"https:\/\/smwroclaw.pl\/index.php?rest_route=\/wp\/v2\/users\/4"}],"replies":[{"embeddable":true,"href":"https:\/\/smwroclaw.pl\/index.php?rest_route=%2Fwp%2Fv2%2Fcomments&post=3135"}],"version-history":[{"count":12,"href":"https:\/\/smwroclaw.pl\/index.php?rest_route=\/wp\/v2\/posts\/3135\/revisions"}],"predecessor-version":[{"id":3219,"href":"https:\/\/smwroclaw.pl\/index.php?rest_route=\/wp\/v2\/posts\/3135\/revisions\/3219"}],"wp:featuredmedia":[{"embeddable":true,"href":"https:\/\/smwroclaw.pl\/index.php?rest_route=\/wp\/v2\/media\/3141"}],"wp:attachment":[{"href":"https:\/\/smwroclaw.pl\/index.php?rest_route=%2Fwp%2Fv2%2Fmedia&parent=3135"}],"wp:term":[{"taxonomy":"category","embeddable":true,"href":"https:\/\/smwroclaw.pl\/index.php?rest_route=%2Fwp%2Fv2%2Fcategories&post=3135"},{"taxonomy":"post_tag","embeddable":true,"href":"https:\/\/smwroclaw.pl\/index.php?rest_route=%2Fwp%2Fv2%2Ftags&post=3135"}],"curies":[{"name":"wp","href":"https:\/\/api.w.org\/{rel}","templated":true}]}}