{"id":31484,"date":"2024-09-10T10:29:45","date_gmt":"2024-09-10T08:29:45","guid":{"rendered":"https:\/\/smwroclaw.pl\/?p=31484"},"modified":"2024-09-10T10:35:35","modified_gmt":"2024-09-10T08:35:35","slug":"15-dni-seniora-wroclawskie-obchody","status":"publish","type":"post","link":"https:\/\/smwroclaw.pl\/?p=31484","title":{"rendered":"15. DNI SENIORA \u2013 wroc\u0142awskie obchody"},"content":{"rendered":"<p style=\"text-align: justify;\"><span style=\"font-family: georgia, palatino, serif; font-size: 16px;\">To ju\u017c 15. Dni Seniora! Miesi\u0119czne \u015bwi\u0119towanie rozpocz\u0119\u0142o si\u0119 tradycyjnie od Marszu Kapeluszy w pi\u0105tek, 6 wrze\u015bnia. Barwny korow\u00f3d u\u015bmiechni\u0119tych uczestnik\u00f3w wyruszy\u0142 z placu Solnego, okr\u0105\u017cy\u0142 ca\u0142y Rynek i zatrzyma\u0142 si\u0119 na placu Go\u0142\u0119bim, gdzie Prezydent Wroc\u0142awia \u2013 Jacek Sutryk wr\u0119czy\u0142 symboliczne klucze do bram miasta Senioralnej Parze Kr\u00f3lewskiej. Wydarzenie przebieg\u0142o w bardzo radosnych nastrojach i tradycyjnie towarzyszy\u0142 temu nasz zas\u0142u\u017cony &#8211; ju\u017c emerytowany stra\u017cnik, przyjaciel senior\u00f3w \u2013 Pawe\u0142 Gr\u0105bczewski. Nad ca\u0142o\u015bci\u0105 czuwali nasi stra\u017cnicy. Bezpiecze\u0144stwo zawsze na pierwszym miejscu, pami\u0119tajmy o tym. Dzi\u0119kujemy za ten wsp\u00f3lny czas i zapraszamy do uczestnictwa w wydarzeniach. <a href=\"https:\/\/smwroclaw.pl\/wp-content\/uploads\/2024\/09\/Harmonogram_Dni_Seniora_Wroclaw_2024.pdf\">https:\/\/smwroclaw.pl\/wp-content\/uploads\/2024\/09\/Harmonogram_Dni_Seniora_Wroclaw_2024.pdf<\/a><\/span><!--more--><\/p>\n\n\t\t<style type=\"text\/css\">\n\t\t\t#gallery-1 {\n\t\t\t\tmargin: auto;\n\t\t\t}\n\t\t\t#gallery-1 .gallery-item {\n\t\t\t\tfloat: left;\n\t\t\t\tmargin-top: 10px;\n\t\t\t\ttext-align: center;\n\t\t\t\twidth: 33%;\n\t\t\t}\n\t\t\t#gallery-1 img {\n\t\t\t\tborder: 2px solid #cfcfcf;\n\t\t\t}\n\t\t\t#gallery-1 .gallery-caption {\n\t\t\t\tmargin-left: 0;\n\t\t\t}\n\t\t\t\/* see gallery_shortcode() in wp-includes\/media.php *\/\n\t\t<\/style>\n\t\t<div id='gallery-1' class='gallery galleryid-31484 gallery-columns-3 gallery-size-thumbnail'><dl class='gallery-item'>\n\t\t\t<dt class='gallery-icon portrait'>\n\t\t\t\t<a href='https:\/\/smwroclaw.pl\/?attachment_id=31492'><img fetchpriority=\"high\" decoding=\"async\" width=\"360\" height=\"260\" src=\"https:\/\/smwroclaw.pl\/wp-content\/uploads\/2024\/09\/6-360x260.jpeg\" class=\"attachment-thumbnail size-thumbnail\" alt=\"\" \/><\/a>\n\t\t\t<\/dt><\/dl><dl class='gallery-item'>\n\t\t\t<dt class='gallery-icon portrait'>\n\t\t\t\t<a href='https:\/\/smwroclaw.pl\/?attachment_id=31490'><img decoding=\"async\" width=\"360\" height=\"260\" src=\"https:\/\/smwroclaw.pl\/wp-content\/uploads\/2024\/09\/4-360x260.jpeg\" class=\"attachment-thumbnail size-thumbnail\" alt=\"\" \/><\/a>\n\t\t\t<\/dt><\/dl><dl class='gallery-item'>\n\t\t\t<dt class='gallery-icon landscape'>\n\t\t\t\t<a href='https:\/\/smwroclaw.pl\/?attachment_id=31491'><img decoding=\"async\" width=\"360\" height=\"260\" src=\"https:\/\/smwroclaw.pl\/wp-content\/uploads\/2024\/09\/5-1-360x260.jpeg\" class=\"attachment-thumbnail size-thumbnail\" alt=\"\" \/><\/a>\n\t\t\t<\/dt><\/dl><br style=\"clear: both\" \/><dl class='gallery-item'>\n\t\t\t<dt class='gallery-icon landscape'>\n\t\t\t\t<a href='https:\/\/smwroclaw.pl\/?attachment_id=31494'><img loading=\"lazy\" decoding=\"async\" width=\"360\" height=\"260\" src=\"https:\/\/smwroclaw.pl\/wp-content\/uploads\/2024\/09\/8-360x260.jpeg\" class=\"attachment-thumbnail size-thumbnail\" alt=\"\" \/><\/a>\n\t\t\t<\/dt><\/dl><dl class='gallery-item'>\n\t\t\t<dt class='gallery-icon landscape'>\n\t\t\t\t<a href='https:\/\/smwroclaw.pl\/?attachment_id=31493'><img loading=\"lazy\" decoding=\"async\" width=\"360\" height=\"260\" src=\"https:\/\/smwroclaw.pl\/wp-content\/uploads\/2024\/09\/7-360x260.jpeg\" class=\"attachment-thumbnail size-thumbnail\" alt=\"\" \/><\/a>\n\t\t\t<\/dt><\/dl><dl class='gallery-item'>\n\t\t\t<dt class='gallery-icon portrait'>\n\t\t\t\t<a href='https:\/\/smwroclaw.pl\/?attachment_id=31488'><img loading=\"lazy\" decoding=\"async\" width=\"360\" height=\"260\" src=\"https:\/\/smwroclaw.pl\/wp-content\/uploads\/2024\/09\/2-360x260.jpeg\" class=\"attachment-thumbnail size-thumbnail\" alt=\"\" \/><\/a>\n\t\t\t<\/dt><\/dl><br style=\"clear: both\" \/><dl class='gallery-item'>\n\t\t\t<dt class='gallery-icon landscape'>\n\t\t\t\t<a href='https:\/\/smwroclaw.pl\/?attachment_id=31495'><img loading=\"lazy\" decoding=\"async\" width=\"360\" height=\"260\" src=\"https:\/\/smwroclaw.pl\/wp-content\/uploads\/2024\/09\/9-360x260.jpeg\" class=\"attachment-thumbnail size-thumbnail\" alt=\"\" \/><\/a>\n\t\t\t<\/dt><\/dl>\n\t\t\t<br style='clear: both' \/>\n\t\t<\/div>\n\n<p>BD<\/p>\n<p>&nbsp;<\/p>\n","protected":false},"excerpt":{"rendered":"<p>To ju\u017c 15. Dni Seniora! Miesi\u0119czne \u015bwi\u0119towanie rozpocz\u0119\u0142o si\u0119 tradycyjnie od Marszu Kapeluszy w pi\u0105tek, 6 wrze\u015bnia. Barwny korow\u00f3d u\u015bmiechni\u0119tych uczestnik\u00f3w wyruszy\u0142 z placu Solnego, okr\u0105\u017cy\u0142 ca\u0142y Rynek i zatrzyma\u0142 si\u0119 na placu Go\u0142\u0119bim, gdzie Prezydent Wroc\u0142awia \u2013 Jacek Sutryk wr\u0119czy\u0142 symboliczne klucze do bram miasta Senioralnej Parze Kr\u00f3lewskiej. Wydarzenie przebieg\u0142o w bardzo radosnych nastrojach [&hellip;]<\/p>\n","protected":false},"author":7,"featured_media":31486,"comment_status":"closed","ping_status":"closed","sticky":false,"template":"","format":"standard","meta":{"footnotes":""},"categories":[16],"tags":[],"class_list":["post-31484","post","type-post","status-publish","format-standard","has-post-thumbnail","hentry","category-aktual"],"_links":{"self":[{"href":"https:\/\/smwroclaw.pl\/index.php?rest_route=\/wp\/v2\/posts\/31484","targetHints":{"allow":["GET"]}}],"collection":[{"href":"https:\/\/smwroclaw.pl\/index.php?rest_route=\/wp\/v2\/posts"}],"about":[{"href":"https:\/\/smwroclaw.pl\/index.php?rest_route=\/wp\/v2\/types\/post"}],"author":[{"embeddable":true,"href":"https:\/\/smwroclaw.pl\/index.php?rest_route=\/wp\/v2\/users\/7"}],"replies":[{"embeddable":true,"href":"https:\/\/smwroclaw.pl\/index.php?rest_route=%2Fwp%2Fv2%2Fcomments&post=31484"}],"version-history":[{"count":4,"href":"https:\/\/smwroclaw.pl\/index.php?rest_route=\/wp\/v2\/posts\/31484\/revisions"}],"predecessor-version":[{"id":31501,"href":"https:\/\/smwroclaw.pl\/index.php?rest_route=\/wp\/v2\/posts\/31484\/revisions\/31501"}],"wp:featuredmedia":[{"embeddable":true,"href":"https:\/\/smwroclaw.pl\/index.php?rest_route=\/wp\/v2\/media\/31486"}],"wp:attachment":[{"href":"https:\/\/smwroclaw.pl\/index.php?rest_route=%2Fwp%2Fv2%2Fmedia&parent=31484"}],"wp:term":[{"taxonomy":"category","embeddable":true,"href":"https:\/\/smwroclaw.pl\/index.php?rest_route=%2Fwp%2Fv2%2Fcategories&post=31484"},{"taxonomy":"post_tag","embeddable":true,"href":"https:\/\/smwroclaw.pl\/index.php?rest_route=%2Fwp%2Fv2%2Ftags&post=31484"}],"curies":[{"name":"wp","href":"https:\/\/api.w.org\/{rel}","templated":true}]}}