{"id":31530,"date":"2024-09-16T12:32:00","date_gmt":"2024-09-16T10:32:00","guid":{"rendered":"https:\/\/smwroclaw.pl\/?p=31530"},"modified":"2024-09-16T16:24:02","modified_gmt":"2024-09-16T14:24:02","slug":"wroclaw-oglasza-alarm-przeciwpowodziowy","status":"publish","type":"post","link":"https:\/\/smwroclaw.pl\/?p=31530","title":{"rendered":"WROC\u0141AW OG\u0141ASZA ALARM PRZECIWPOWODZIOWY"},"content":{"rendered":"<p style=\"text-align: justify;\"><span style=\"font-size: 16px; font-family: georgia, palatino, serif;\">W dniu <strong>15 wrze\u015bnia Prezydent Wroc\u0142awia, Jacek Sutryk na mocy wydanej decyzji og\u0142osi\u0142 alarm przeciwpowodziowy.<\/strong> Szczeg\u00f3lnie teraz wa\u017cne jest, aby <strong>stosowa\u0107 si\u0119 do polece\u0144 s\u0142u\u017cb<\/strong> i <strong>nie zbli\u017ca\u0107 si\u0119 do wezbranych rzek<\/strong> oraz <strong>s\u0142ucha\u0107 komunikat\u00f3w o zagro\u017ceniu. <\/strong><\/span><span style=\"font-size: 16px; font-family: georgia, palatino, serif;\">Pami\u0119tajmy te\u017c, aby <strong>nie powiela\u0107 niesprawdzonych wiadomo\u015bci.<br \/>\n<\/strong><\/span><\/p>\n<p style=\"text-align: justify;\"><span style=\"font-size: 16px; font-family: georgia, palatino, serif;\"><strong>Wszystkie bie\u017c\u0105ce informacje znajdziecie Pa\u0144stwo na stronie:<br \/>\n<\/strong><\/span><span style=\"font-size: 16px; font-family: georgia, palatino, serif;\"><a href=\"https:\/\/www.wroclaw.pl\/\"><em>https:\/\/www.wroclaw.pl\/<\/em><\/a> oraz <strong>w mediach spo\u0142eczno\u015bciowych Facebook:<\/strong> <em><strong>Biuro Prasowe Urz\u0119du Miejskiego Wroc\u0142awia.<\/strong><\/em><\/span><\/p>\n<p style=\"text-align: justify;\"><span style=\"font-size: 16px; font-family: georgia, palatino, serif;\"><!--more--><\/span><\/p>\n<p style=\"text-align: justify;\"><span style=\"font-size: 16px; font-family: georgia, palatino, serif;\">W obliczu katastrofy spowodowanej powodzi\u0105 w Polsce <strong>uruchomiono \u00a0zbi\u00f3rk\u0119 niezb\u0119dnych rzeczy.<\/strong><\/span><\/p>\n<p style=\"text-align: justify;\"><span style=\"font-size: 16px; font-family: georgia, palatino, serif;\"><strong>Oficjalny Punkt Miasta Wroc\u0142awia: Tarczy\u0144ski Arena Wroc\u0142aw<\/strong>, wjazd bram\u0105, wej\u015bcie W2. Czynny ju\u017c dzisiaj od godziny 7.30 \u2013 21.00. <strong>Drugi punkt Czasoprzestrze\u0144,<\/strong> ul. Tramwajowa 1-3.<\/span><\/p>\n<div class=\"su-spacer\" style=\"height:50px\"><\/div>\n<p><img fetchpriority=\"high\" decoding=\"async\" class=\"alignnone wp-image-31532\" src=\"https:\/\/smwroclaw.pl\/wp-content\/uploads\/2024\/09\/460202067_1428349104772567_5361043548490430526_n-300x300.jpg\" alt=\"\" width=\"398\" height=\"398\" srcset=\"https:\/\/smwroclaw.pl\/wp-content\/uploads\/2024\/09\/460202067_1428349104772567_5361043548490430526_n-300x300.jpg 300w, https:\/\/smwroclaw.pl\/wp-content\/uploads\/2024\/09\/460202067_1428349104772567_5361043548490430526_n-768x768.jpg 768w, https:\/\/smwroclaw.pl\/wp-content\/uploads\/2024\/09\/460202067_1428349104772567_5361043548490430526_n.jpg 1200w\" sizes=\"(max-width: 398px) 100vw, 398px\" \/> <img decoding=\"async\" class=\"alignnone wp-image-31534\" src=\"https:\/\/smwroclaw.pl\/wp-content\/uploads\/2024\/09\/459675412_1428349224772555_5810035933168065591_n-300x300.jpg\" alt=\"\" width=\"399\" height=\"399\" srcset=\"https:\/\/smwroclaw.pl\/wp-content\/uploads\/2024\/09\/459675412_1428349224772555_5810035933168065591_n-300x300.jpg 300w, https:\/\/smwroclaw.pl\/wp-content\/uploads\/2024\/09\/459675412_1428349224772555_5810035933168065591_n-768x768.jpg 768w, https:\/\/smwroclaw.pl\/wp-content\/uploads\/2024\/09\/459675412_1428349224772555_5810035933168065591_n.jpg 1200w\" sizes=\"(max-width: 399px) 100vw, 399px\" \/> <img decoding=\"async\" class=\"alignnone wp-image-31535\" src=\"https:\/\/smwroclaw.pl\/wp-content\/uploads\/2024\/09\/460225882_1428357518105059_4589792708189902192_n-300x300.jpg\" alt=\"\" width=\"400\" height=\"400\" srcset=\"https:\/\/smwroclaw.pl\/wp-content\/uploads\/2024\/09\/460225882_1428357518105059_4589792708189902192_n-300x300.jpg 300w, https:\/\/smwroclaw.pl\/wp-content\/uploads\/2024\/09\/460225882_1428357518105059_4589792708189902192_n-768x767.jpg 768w, https:\/\/smwroclaw.pl\/wp-content\/uploads\/2024\/09\/460225882_1428357518105059_4589792708189902192_n.jpg 1201w\" sizes=\"(max-width: 400px) 100vw, 400px\" \/> <img loading=\"lazy\" decoding=\"async\" class=\"alignnone wp-image-31533\" src=\"https:\/\/smwroclaw.pl\/wp-content\/uploads\/2024\/09\/459546935_1428349051439239_232715540415841056_n-300x300.jpg\" alt=\"\" width=\"398\" height=\"398\" srcset=\"https:\/\/smwroclaw.pl\/wp-content\/uploads\/2024\/09\/459546935_1428349051439239_232715540415841056_n-300x300.jpg 300w, https:\/\/smwroclaw.pl\/wp-content\/uploads\/2024\/09\/459546935_1428349051439239_232715540415841056_n-768x768.jpg 768w, https:\/\/smwroclaw.pl\/wp-content\/uploads\/2024\/09\/459546935_1428349051439239_232715540415841056_n.jpg 1200w\" sizes=\"(max-width: 398px) 100vw, 398px\" \/><\/p>\n<p><img loading=\"lazy\" decoding=\"async\" class=\"alignnone wp-image-31536\" src=\"https:\/\/smwroclaw.pl\/wp-content\/uploads\/2024\/09\/459918843_844147291194761_8748377288394808119_n-300x169.jpg\" alt=\"\" width=\"802\" height=\"452\" srcset=\"https:\/\/smwroclaw.pl\/wp-content\/uploads\/2024\/09\/459918843_844147291194761_8748377288394808119_n-300x169.jpg 300w, https:\/\/smwroclaw.pl\/wp-content\/uploads\/2024\/09\/459918843_844147291194761_8748377288394808119_n-768x432.jpg 768w, https:\/\/smwroclaw.pl\/wp-content\/uploads\/2024\/09\/459918843_844147291194761_8748377288394808119_n-1536x864.jpg 1536w, https:\/\/smwroclaw.pl\/wp-content\/uploads\/2024\/09\/459918843_844147291194761_8748377288394808119_n.jpg 2048w\" sizes=\"(max-width: 802px) 100vw, 802px\" \/><\/p>\n<p><img loading=\"lazy\" decoding=\"async\" class=\"alignnone wp-image-31537\" src=\"https:\/\/smwroclaw.pl\/wp-content\/uploads\/2024\/09\/459570745_1428082114799266_931630027614754097_n-300x300.jpg\" alt=\"\" width=\"467\" height=\"467\" srcset=\"https:\/\/smwroclaw.pl\/wp-content\/uploads\/2024\/09\/459570745_1428082114799266_931630027614754097_n-300x300.jpg 300w, https:\/\/smwroclaw.pl\/wp-content\/uploads\/2024\/09\/459570745_1428082114799266_931630027614754097_n-768x768.jpg 768w, https:\/\/smwroclaw.pl\/wp-content\/uploads\/2024\/09\/459570745_1428082114799266_931630027614754097_n.jpg 1200w\" sizes=\"(max-width: 467px) 100vw, 467px\" \/><\/p>\n<p>&nbsp;<\/p>\n<p>&nbsp;<\/p>\n<p><img loading=\"lazy\" decoding=\"async\" class=\"alignnone wp-image-31531\" src=\"https:\/\/smwroclaw.pl\/wp-content\/uploads\/2024\/09\/460276400_1428123451461799_3707228928288211546_n-212x300.jpg\" alt=\"\" width=\"484\" height=\"685\" srcset=\"https:\/\/smwroclaw.pl\/wp-content\/uploads\/2024\/09\/460276400_1428123451461799_3707228928288211546_n-212x300.jpg 212w, https:\/\/smwroclaw.pl\/wp-content\/uploads\/2024\/09\/460276400_1428123451461799_3707228928288211546_n-768x1086.jpg 768w, https:\/\/smwroclaw.pl\/wp-content\/uploads\/2024\/09\/460276400_1428123451461799_3707228928288211546_n-1086x1536.jpg 1086w, https:\/\/smwroclaw.pl\/wp-content\/uploads\/2024\/09\/460276400_1428123451461799_3707228928288211546_n.jpg 1240w\" sizes=\"(max-width: 484px) 100vw, 484px\" \/><\/p>\n<p>&nbsp;<\/p>\n<p><span style=\"font-size: 16px; font-family: georgia, palatino, serif;\">KB<\/span><\/p>\n<p>&nbsp;<\/p>\n","protected":false},"excerpt":{"rendered":"<p>W dniu 15 wrze\u015bnia Prezydent Wroc\u0142awia, Jacek Sutryk na mocy wydanej decyzji og\u0142osi\u0142 alarm przeciwpowodziowy. Szczeg\u00f3lnie teraz wa\u017cne jest, aby stosowa\u0107 si\u0119 do polece\u0144 s\u0142u\u017cb i nie zbli\u017ca\u0107 si\u0119 do wezbranych rzek oraz s\u0142ucha\u0107 komunikat\u00f3w o zagro\u017ceniu. Pami\u0119tajmy te\u017c, aby nie powiela\u0107 niesprawdzonych wiadomo\u015bci. Wszystkie bie\u017c\u0105ce informacje znajdziecie Pa\u0144stwo na stronie: https:\/\/www.wroclaw.pl\/ oraz w mediach [&hellip;]<\/p>\n","protected":false},"author":12,"featured_media":31539,"comment_status":"closed","ping_status":"closed","sticky":false,"template":"","format":"standard","meta":{"footnotes":""},"categories":[16],"tags":[],"class_list":["post-31530","post","type-post","status-publish","format-standard","has-post-thumbnail","hentry","category-aktual"],"_links":{"self":[{"href":"https:\/\/smwroclaw.pl\/index.php?rest_route=\/wp\/v2\/posts\/31530","targetHints":{"allow":["GET"]}}],"collection":[{"href":"https:\/\/smwroclaw.pl\/index.php?rest_route=\/wp\/v2\/posts"}],"about":[{"href":"https:\/\/smwroclaw.pl\/index.php?rest_route=\/wp\/v2\/types\/post"}],"author":[{"embeddable":true,"href":"https:\/\/smwroclaw.pl\/index.php?rest_route=\/wp\/v2\/users\/12"}],"replies":[{"embeddable":true,"href":"https:\/\/smwroclaw.pl\/index.php?rest_route=%2Fwp%2Fv2%2Fcomments&post=31530"}],"version-history":[{"count":7,"href":"https:\/\/smwroclaw.pl\/index.php?rest_route=\/wp\/v2\/posts\/31530\/revisions"}],"predecessor-version":[{"id":31558,"href":"https:\/\/smwroclaw.pl\/index.php?rest_route=\/wp\/v2\/posts\/31530\/revisions\/31558"}],"wp:featuredmedia":[{"embeddable":true,"href":"https:\/\/smwroclaw.pl\/index.php?rest_route=\/wp\/v2\/media\/31539"}],"wp:attachment":[{"href":"https:\/\/smwroclaw.pl\/index.php?rest_route=%2Fwp%2Fv2%2Fmedia&parent=31530"}],"wp:term":[{"taxonomy":"category","embeddable":true,"href":"https:\/\/smwroclaw.pl\/index.php?rest_route=%2Fwp%2Fv2%2Fcategories&post=31530"},{"taxonomy":"post_tag","embeddable":true,"href":"https:\/\/smwroclaw.pl\/index.php?rest_route=%2Fwp%2Fv2%2Ftags&post=31530"}],"curies":[{"name":"wp","href":"https:\/\/api.w.org\/{rel}","templated":true}]}}