{"id":3169,"date":"2018-09-03T06:21:49","date_gmt":"2018-09-03T04:21:49","guid":{"rendered":"http:\/\/smwroclaw.pl\/?p=3169"},"modified":"2018-09-03T08:44:51","modified_gmt":"2018-09-03T06:44:51","slug":"bezpieczna-droga-do-szkoly-2018-2019-priorytetowe-zadanie-dla-straznikow","status":"publish","type":"post","link":"https:\/\/smwroclaw.pl\/?p=3169","title":{"rendered":"BEZPIECZNA DROGA DO SZKO\u0141Y 2018\/2019 &#8211; priorytetowe zadanie dla stra\u017cnik\u00f3w"},"content":{"rendered":"<p style=\"text-align: justify;\"><span style=\"font-family: georgia,palatino,serif; font-size: 16px;\">Poprawa bezpiecze\u0144stwa dzieci i m\u0142odzie\u017cy szkolnej jest jednym z istotniejszych element\u00f3w dzia\u0142a\u0144 prewencyjno-profilaktycznych realizowanych przez Stra\u017c Miejsk\u0105 Wroc\u0142awia. Wzorem lat ubieg\u0142ych r\u00f3wnie\u017c w roku szkolnym 2018\/2019 przeprowadzimy akcj\u0119 <strong>\u201eBEZPIECZNA DROGA DO SZKO\u0141Y 2018\/2019\u201d<\/strong>, kt\u00f3ra b\u0119dzie realizowana w ramach programu miejskiego <strong>\u201ePoprawy Bezpiecze\u0144stwa we Wroc\u0142awiu w latach 2017 \u2013 2020\u201d<\/strong>.<\/span><\/p>\n<p><!--more--><\/p>\n<p>&nbsp;<\/p>\n<p style=\"text-align: justify;\"><span style=\"font-family: georgia,palatino,serif; font-size: 16px;\">Celem akcji jest prowadzenie dzia\u0142a\u0144 zar\u00f3wno<strong> prewencyjnych jak i profilaktyczno-edukacyjnych<\/strong>, w celu zwi\u0119kszenia poczucia bezpiecze\u0144stwa osobistego dzieci i m\u0142odzie\u017cy szkolnej i przeciwdzia\u0142anie zagro\u017ceniom komunikacyjnym w okolicach plac\u00f3wek o\u015bwiatowych.<\/span><\/p>\n<p style=\"text-align: justify;\"><span style=\"font-family: georgia,palatino,serif; font-size: 16px;\">Przy opracowywaniu planu dzia\u0142a\u0144 w ramach akcji <strong>\u201eBEZPIECZNA DROGA DO SZKO\u0141Y 2018\/2019\u201d<\/strong> uwzgl\u0119dniano do\u015bwiadczenia z lat ubieg\u0142ych, wnioski dyrekcji szk\u00f3\u0142, sygna\u0142y od rodzic\u00f3w, uczni\u00f3w i okolicznych mieszka\u0144c\u00f3w. W efekcie nadzorem zostan\u0105 obj\u0119te plac\u00f3wki, w okolicy kt\u00f3rych, wyst\u0119puj\u0105 istotne zagro\u017cenia dla bezpiecze\u0144stwa dzieci i m\u0142odzie\u017cy, a zakres i cz\u0119stotliwo\u015b\u0107 prowadzonych dzia\u0142a\u0144 b\u0119dzie uzale\u017cniony od poziomu wyst\u0119puj\u0105cych zagro\u017ce\u0144 i mo\u017cliwo\u015bci kadrowych.<\/span><\/p>\n<p style=\"text-align: justify;\"><span style=\"font-family: georgia,palatino,serif; font-size: 16px;\">Do realizacji akcji zostan\u0105 zaanga\u017cowani funkcjonariusze:<\/span><\/p>\n<ul style=\"text-align: justify;\">\n<li><span style=\"font-family: georgia,palatino,serif; font-size: 16px;\">\u00a0kt\u00f3rych zadaniem b\u0119dzie zabezpieczenie przej\u015b\u0107 dla pieszych<\/span><br \/>\n<span style=\"font-family: georgia,palatino,serif; font-size: 16px;\"> w rejonie plac\u00f3wek obj\u0119tych akcj\u0105<\/span><\/li>\n<li><span style=\"font-family: georgia,palatino,serif; font-size: 16px;\">\u00a0b\u0119d\u0105 prowadzi\u0107 dzia\u0142ania profilaktyczno-edukacyjne w szko\u0142ach<\/span><\/li>\n<\/ul>\n<p style=\"text-align: justify;\"><span style=\"font-family: georgia,palatino,serif; font-size: 16px;\">Akcja zosta\u0142a podzielona na trzy etapy:<\/span><\/p>\n<p style=\"text-align: justify;\"><span style=\"font-family: georgia,palatino,serif; font-size: 16px;\"><strong>Etap I \u2013 03-05 wrze\u015bnia 2018 r.<\/strong> W tym okresie prowadzone b\u0119d\u0105 wzmo\u017cone dzia\u0142ania prewencyjne przez patrole Stra\u017cy Miejskiej Wroc\u0142awia zwi\u0105zane z rozpocz\u0119ciem roku szkolnego. Obejmowa\u0107 b\u0119d\u0105 obszar przej\u015b\u0107 dla pieszych w rejonie wytypowanych plac\u00f3wek o\u015bwiatowych.<\/span><\/p>\n<p style=\"text-align: justify;\"><span style=\"font-family: georgia,palatino,serif; font-size: 16px;\"><strong>Etap II<\/strong> \u2013 <strong>Od dnia 06 wrze\u015bnia 2018 r.<\/strong> do zako\u0144czenia roku szkolnego, tj. 21 czerwca 2019 roku Stra\u017c Miejska Wroc\u0142awia przeprowadzi w ni\u017cej wymienionych plac\u00f3wkach o\u015bwiatowych dzia\u0142ania prewencyjne i informacyjno-edukacyjne. Ich celem b\u0119dzie kontynuowanie dzia\u0142a\u0144 wskazanych w I etapie w systemie sta\u0142ym<\/span><\/p>\n<p style=\"text-align: justify;\"><span style=\"font-family: georgia,palatino,serif; font-size: 16px;\"><strong>Etap III<\/strong> \u2013 <strong>Od dnia 06 wrze\u015bnia 2018 r. do zako\u0144czenia roku szkolnego,<\/strong> <strong>tj. 21 czerwca 2019<\/strong> roku Stra\u017c Miejska Wroc\u0142awia przeprowadzi w ni\u017cej wymienionych plac\u00f3wkach o\u015bwiatowych dzia\u0142ania prewencyjne i informacyjno-edukacyjne. Ich celem b\u0119dzie kontynuowanie dzia\u0142a\u0144 wskazanych w I etapie w systemie, ale w mniejszym systemie czasowym tj. dora\u017anym.<\/span><\/p>\n<p><strong><u>WYKAZ PLAC\u00d3WEK OBJ\u0118TYCH AKCJ\u0104 \u201eBEZPIECZNA DROGA DO SZKO\u0141Y 2018\/2019<\/u><\/strong><\/p>\n<p>&nbsp;<\/p>\n<ul>\n<li><span style=\"font-family: georgia,palatino,serif; font-size: 16px;\"><strong>\u00a0Wykaz plac\u00f3wek o\u015bwiatowych zabezpieczanych w dniach 03\u201305.09.2018<\/strong><\/span><\/li>\n<\/ul>\n<table>\n<tbody>\n<tr>\n<td width=\"35\">L.p.<\/td>\n<td width=\"61\">Oddzia\u0142<\/td>\n<td width=\"268\">Nazwa plac\u00f3wki<\/td>\n<td width=\"146\">Adres plac\u00f3wki<\/td>\n<td width=\"128\">Ilo\u015b\u0107 zabezpieczanych przej\u015b\u0107<\/td>\n<\/tr>\n<tr>\n<td width=\"35\">1<\/td>\n<td width=\"61\">ZP<\/td>\n<td width=\"268\">Szko\u0142a Podstawowa Nr 34 w ZS-P nr 6<\/td>\n<td width=\"146\">ul. Ga\u0142czy\u0144skiego 8<\/td>\n<td width=\"128\">1<\/td>\n<\/tr>\n<tr>\n<td width=\"35\">2<\/td>\n<td width=\"61\">ZP<\/td>\n<td width=\"268\">Szko\u0142a Podstawowa Nr 47<\/td>\n<td width=\"146\">ul. Januszowicka 35<\/td>\n<td width=\"128\">1<\/td>\n<\/tr>\n<tr>\n<td width=\"35\">3<\/td>\n<td width=\"61\">ZP<\/td>\n<td width=\"268\">Szko\u0142a Podstawowa Nr 36<\/td>\n<td width=\"146\">ul. Chopina 9B<\/td>\n<td width=\"128\">1<\/td>\n<\/tr>\n<tr>\n<td width=\"35\">4<\/td>\n<td width=\"61\">ZP<\/td>\n<td width=\"268\">Szko\u0142a Podstawowa nr 46<\/td>\n<td width=\"146\">ul. \u015acinawska 21<\/td>\n<td width=\"128\">2<\/td>\n<\/tr>\n<tr>\n<td width=\"35\">5<\/td>\n<td width=\"61\">ZP<\/td>\n<td width=\"268\">Szko\u0142a Podstawowa Nr 58<\/td>\n<td width=\"146\">ul. Sk\u0142adowa 2-4<\/td>\n<td width=\"128\">2<\/td>\n<\/tr>\n<tr>\n<td width=\"35\">6<\/td>\n<td width=\"61\">ZP<\/td>\n<td width=\"268\">Szko\u0142a Podstawowa Nr 67<\/td>\n<td width=\"146\">ul. Pl. Muzealny 20<\/td>\n<td width=\"128\">2<\/td>\n<\/tr>\n<tr>\n<td width=\"35\">7<\/td>\n<td width=\"61\">ZP<\/td>\n<td width=\"268\">Szko\u0142a Podstawowa Nr 1<\/td>\n<td width=\"146\">ul. Nowowiejska 78<\/td>\n<td width=\"128\">1<\/td>\n<\/tr>\n<tr>\n<td width=\"35\">8<\/td>\n<td width=\"61\">ZP<\/td>\n<td width=\"268\">Szko\u0142a Podstawowa Nr 78<\/td>\n<td width=\"146\">ul. Jedno\u015bci Narodowej 195<\/td>\n<td width=\"128\">2<\/td>\n<\/tr>\n<tr>\n<td width=\"35\">9<\/td>\n<td width=\"61\">ZP<\/td>\n<td width=\"268\">Szko\u0142a Podstawowa Nr 37<\/td>\n<td width=\"146\">ul. Sarbinowska 10<\/td>\n<td width=\"128\">1<\/td>\n<\/tr>\n<tr>\n<td width=\"35\">10<\/td>\n<td width=\"61\">ZP<\/td>\n<td width=\"268\">Szko\u0142a Podstawowa Nr 25<\/td>\n<td width=\"146\">ul. Stanis\u0142awowska 38<\/td>\n<td width=\"128\">1<\/td>\n<\/tr>\n<tr>\n<td width=\"35\">11<\/td>\n<td width=\"61\">ZI<\/td>\n<td width=\"268\">Szko\u0142a Podstawowa Nr 75 w ZS nr 21<\/td>\n<td width=\"146\">ul. P. Ignuta 28<\/td>\n<td width=\"128\">2<\/td>\n<\/tr>\n<tr>\n<td width=\"35\">12<\/td>\n<td width=\"61\">ZI<\/td>\n<td width=\"268\">Zesp\u00f3\u0142 Szkolno-Przedszkolny nr 20<\/td>\n<td width=\"146\">ul. Karpnicka 2<\/td>\n<td width=\"128\">2<\/td>\n<\/tr>\n<\/tbody>\n<\/table>\n<ul>\n<li><strong><span style=\"font-family: georgia,palatino,serif; font-size: 16px;\">Wykaz przej\u015b\u0107 dla pieszych w pobli\u017cu plac\u00f3wek o\u015bwiatowych zabezpieczanych od 06.09.2018 r.\u00a0 do 21.06.2019 r. w systemie sta\u0142ym<\/span><\/strong><\/li>\n<\/ul>\n<table>\n<tbody>\n<tr>\n<td width=\"35\">L.p.<\/td>\n<td width=\"83\">Oddzia\u0142<\/td>\n<td width=\"232\">Nazwa plac\u00f3wki<\/td>\n<td width=\"164\">Adres plac\u00f3wki<\/td>\n<td width=\"124\">Forma zabezpieczenia<br \/>\n(sta\u0142a\/ilo\u015b\u0107 zabezpieczanych przej\u015b\u0107)<\/td>\n<\/tr>\n<tr>\n<td width=\"35\">1<\/td>\n<td width=\"83\">ZP<\/td>\n<td width=\"232\">Szko\u0142a Podstawowa Nr 47<\/td>\n<td width=\"164\">ul. Januszowicka 35<\/td>\n<td width=\"124\">sta\u0142a\/1<\/td>\n<\/tr>\n<tr>\n<td width=\"35\">2<\/td>\n<td width=\"83\">ZP<\/td>\n<td width=\"232\">Szko\u0142a Podstawowa Nr 25<\/td>\n<td width=\"164\">ul. Stanis\u0142awowska 38<\/td>\n<td width=\"124\">sta\u0142a\/1<\/td>\n<\/tr>\n<tr>\n<td width=\"35\">3<\/td>\n<td width=\"83\">ZP<\/td>\n<td width=\"232\">Szko\u0142a Podstawowa nr 46<\/td>\n<td width=\"164\">ul. \u015acinawska 21<\/td>\n<td width=\"124\">sta\u0142a\/2<\/td>\n<\/tr>\n<tr>\n<td width=\"35\">4<\/td>\n<td width=\"83\">ZP<\/td>\n<td width=\"232\">Szko\u0142a Podstawowa Nr 58<\/td>\n<td width=\"164\">ul. Sk\u0142adowa 2-4<\/td>\n<td width=\"124\">sta\u0142a\/2<\/td>\n<\/tr>\n<tr>\n<td width=\"35\">5<\/td>\n<td width=\"83\">ZI<\/td>\n<td width=\"232\">Szko\u0142a Podstawowa Nr 75<br \/>\nw ZS nr 21<\/td>\n<td width=\"164\">ul. P. Ignuta 28<\/td>\n<td width=\"124\">sta\u0142a\/2<\/td>\n<\/tr>\n<tr>\n<td width=\"35\">6<\/td>\n<td width=\"83\">ZI<\/td>\n<td width=\"232\">Zesp\u00f3\u0142 Szkolno-Przedszkolny<br \/>\nnr 20<\/td>\n<td width=\"164\">ul. Karpnicka 2<\/td>\n<td width=\"124\">sta\u0142a\/2<\/td>\n<\/tr>\n<\/tbody>\n<\/table>\n<ul>\n<li><strong><span style=\"font-family: georgia,palatino,serif; font-size: 16px;\">Wykaz przej\u015b\u0107 dla pieszych w pobli\u017cu plac\u00f3wek o\u015bwiatowych zabezpieczanych od 06.09.2018r. do 21.06.2019 r. w systemie dora\u017anym<\/span><\/strong><\/li>\n<\/ul>\n<table>\n<tbody>\n<tr>\n<td width=\"35\">L.p.<\/td>\n<td width=\"83\">Oddzia\u0142<\/td>\n<td width=\"251\">Nazwa plac\u00f3wki<\/td>\n<td width=\"145\">Adres plac\u00f3wki<\/td>\n<td width=\"124\">Forma zabezpieczenia<br \/>\n(sta\u0142a\/ilo\u015b\u0107 zabezpieczanych przej\u015b\u0107)<\/td>\n<\/tr>\n<tr>\n<td width=\"35\">1<\/td>\n<td width=\"83\">ZP<\/td>\n<td width=\"251\">Szko\u0142a Podstawowa Nr 67<\/td>\n<td width=\"145\">ul. Pl. Muzealny 20<\/td>\n<td width=\"124\">dora\u017ana\/2<\/td>\n<\/tr>\n<tr>\n<td width=\"35\">2<\/td>\n<td width=\"83\">ZP<\/td>\n<td width=\"251\">Szko\u0142a Podstawowa Nr 1<\/td>\n<td width=\"145\">ul. Nowowiejska 78<\/td>\n<td width=\"124\">dora\u017ana\/1<\/td>\n<\/tr>\n<tr>\n<td width=\"35\">3<\/td>\n<td width=\"83\">ZP<\/td>\n<td width=\"251\">Szko\u0142a Podstawowa Nr 78<\/td>\n<td width=\"145\">ul. Jedno\u015bci Narodowej 195<\/td>\n<td width=\"124\">dora\u017ana\/2<\/td>\n<\/tr>\n<tr>\n<td width=\"35\">4<\/td>\n<td width=\"83\">ZP<\/td>\n<td width=\"251\">Szko\u0142a Podstawowa Nr 37<\/td>\n<td width=\"145\">ul. Sarbinowska 10<\/td>\n<td width=\"124\">dora\u017ana\/1<\/td>\n<\/tr>\n<tr>\n<td width=\"35\">5<\/td>\n<td width=\"83\">ZP<\/td>\n<td width=\"251\">Szko\u0142a Podstawowa Nr 36<\/td>\n<td width=\"145\">ul. Chopina 9B<\/td>\n<td width=\"124\">dora\u017ana\/1<\/td>\n<\/tr>\n<tr>\n<td width=\"35\">6<\/td>\n<td width=\"83\">ZP<\/td>\n<td width=\"251\">Szko\u0142a Podstawowa Nr 34 w ZS-P nr 6<\/td>\n<td width=\"145\">ul. Ga\u0142czy\u0144skiego 8<\/td>\n<td width=\"124\">dora\u017ana\/1<\/td>\n<\/tr>\n<\/tbody>\n<\/table>\n<p><strong>WF<\/strong><\/p>\n","protected":false},"excerpt":{"rendered":"<p>Poprawa bezpiecze\u0144stwa dzieci i m\u0142odzie\u017cy szkolnej jest jednym z istotniejszych element\u00f3w dzia\u0142a\u0144 prewencyjno-profilaktycznych realizowanych przez Stra\u017c Miejsk\u0105 Wroc\u0142awia. Wzorem lat ubieg\u0142ych r\u00f3wnie\u017c w roku szkolnym 2018\/2019 przeprowadzimy akcj\u0119 \u201eBEZPIECZNA DROGA DO SZKO\u0141Y 2018\/2019\u201d, kt\u00f3ra b\u0119dzie realizowana w ramach programu miejskiego \u201ePoprawy Bezpiecze\u0144stwa we Wroc\u0142awiu w latach 2017 \u2013 2020\u201d.<\/p>\n","protected":false},"author":4,"featured_media":3177,"comment_status":"closed","ping_status":"closed","sticky":false,"template":"","format":"standard","meta":{"footnotes":""},"categories":[16],"tags":[],"class_list":["post-3169","post","type-post","status-publish","format-standard","has-post-thumbnail","hentry","category-aktual"],"_links":{"self":[{"href":"https:\/\/smwroclaw.pl\/index.php?rest_route=\/wp\/v2\/posts\/3169","targetHints":{"allow":["GET"]}}],"collection":[{"href":"https:\/\/smwroclaw.pl\/index.php?rest_route=\/wp\/v2\/posts"}],"about":[{"href":"https:\/\/smwroclaw.pl\/index.php?rest_route=\/wp\/v2\/types\/post"}],"author":[{"embeddable":true,"href":"https:\/\/smwroclaw.pl\/index.php?rest_route=\/wp\/v2\/users\/4"}],"replies":[{"embeddable":true,"href":"https:\/\/smwroclaw.pl\/index.php?rest_route=%2Fwp%2Fv2%2Fcomments&post=3169"}],"version-history":[{"count":10,"href":"https:\/\/smwroclaw.pl\/index.php?rest_route=\/wp\/v2\/posts\/3169\/revisions"}],"predecessor-version":[{"id":3195,"href":"https:\/\/smwroclaw.pl\/index.php?rest_route=\/wp\/v2\/posts\/3169\/revisions\/3195"}],"wp:featuredmedia":[{"embeddable":true,"href":"https:\/\/smwroclaw.pl\/index.php?rest_route=\/wp\/v2\/media\/3177"}],"wp:attachment":[{"href":"https:\/\/smwroclaw.pl\/index.php?rest_route=%2Fwp%2Fv2%2Fmedia&parent=3169"}],"wp:term":[{"taxonomy":"category","embeddable":true,"href":"https:\/\/smwroclaw.pl\/index.php?rest_route=%2Fwp%2Fv2%2Fcategories&post=3169"},{"taxonomy":"post_tag","embeddable":true,"href":"https:\/\/smwroclaw.pl\/index.php?rest_route=%2Fwp%2Fv2%2Ftags&post=3169"}],"curies":[{"name":"wp","href":"https:\/\/api.w.org\/{rel}","templated":true}]}}