{"id":31735,"date":"2024-09-25T12:45:15","date_gmt":"2024-09-25T10:45:15","guid":{"rendered":"https:\/\/smwroclaw.pl\/?p=31735"},"modified":"2024-09-25T12:45:15","modified_gmt":"2024-09-25T10:45:15","slug":"xxxiii-lecie-strazy-miejskiej-wroclawia-od-miejskiej-sluzby-interwencyjnej-do-strazy-miejskiej-wroclawia","status":"publish","type":"post","link":"https:\/\/smwroclaw.pl\/?p=31735","title":{"rendered":"XXXIII-lecie STRA\u017bY MIEJSKIEJ WROC\u0141AWIA &#8211; od Miejskiej S\u0142u\u017cby Interwencyjnej do Stra\u017cy Miejskiej Wroc\u0142awia"},"content":{"rendered":"<p style=\"text-align: justify;\"><span style=\"font-family: georgia, palatino, serif; font-size: 16px;\"><strong>Od 25 wrze\u015bnia 1991 roku Miejska S\u0142u\u017cba Interwencyjna zacz\u0119\u0142a oficjalnie funkcjonowa\u0107 pod nazw\u0105 Stra\u017c Miejska Wroc\u0142awia<\/strong>. Stanowisko Komendanta Szefa powierzono Jerzemu Laszczakowi. W tym czasie stra\u017cnicy pomagali m.in konwojowa\u0107 wp\u0142ywy z czynsz\u00f3w, kt\u00f3re si\u0119ga\u0142y 4,5 miliarda z\u0142otych oraz zostali wyposa\u017ceni w bloczki mandatowe. Pierwszy mandat zosta\u0142 wystawiony prawdopodobnie 6 grudnia 1991 r. za wykroczenie pope\u0142nione na targowisku. Siedziby stra\u017cy mie\u015bci\u0142y si\u0119 w r\u00f3\u017cnych miejscach od Przej\u015bcia Garncarskiego pocz\u0105wszy, p\u00f3\u017aniej budynek przy ulicy Zapolskiej. W miar\u0119 potrzeb tworzone by\u0142y oddzia\u0142y i posterunki. Stare Miasto stacjonowa\u0142o w Sukiennicach. Oddzia\u0142 Krzyki \u2013 Fabryczna przy ulicy Wysokiej, a Psie Pole \u2013 \u015ar\u00f3dmie\u015bcie pocz\u0105tkowo przy ulicy Trzebnickiej, a p\u00f3\u017aniej przy ulicy Pautscha na Biskupinie. Komenda mie\u015bci\u0142a si\u0119 przy ulicy Gwarnej, a\u017c do roku 2019.<\/span><!--more--><\/p>\n<p style=\"text-align: justify;\"><span style=\"font-family: georgia, palatino, serif; font-size: 16px;\"> Lata 90 &#8211; te to czas tworzenia i wzmacniania jednostki, wdra\u017cania nowych pomys\u0142\u00f3w pod k\u0105tem potrzeb naszego miasta. W kwietniu 1992 roku przeniesiono stra\u017c do pomieszcze\u0144 Urz\u0119du Miasta przy ulicy Sukiennice 9. Wtedy podj\u0119to te\u017c decyzj\u0119 o utworzeniu trzech oddzia\u0142\u00f3w. I \u2013 Stare Miasto, II \u2013 Psie Pole \u015ar\u00f3dmie\u015bcie i III \u2013 Krzyki Fabryczna. Zatrudnionych by\u0142o 94 osoby z 4 samochodami do dyspozycji (w tym trzy Nysy). Ten podzia\u0142 na oddzia\u0142y i komend\u0119 przetrwa\u0142 do ko\u0144ca lat 90. Mundury wzorowane by\u0142y na uniformach Stra\u017cy Po\u017carnej. Czapki garnizonowe z herbem i otokiem w barwach Wroc\u0142awia. Na lewej piersi herb, na prawej prostok\u0105tna tabliczka z numerem s\u0142u\u017cbowym. Na lewym r\u0119kawie naszywka z napisem Stra\u017c Miejska Wroc\u0142aw, a pod ni\u0105 dystynkcja okre\u015blaj\u0105ca stopie\u0144 s\u0142u\u017cbowy. Na prawym r\u0119kawie herb miasta \u2013 jednym s\u0142owem profesjonalny wygl\u0105d funkcjonariusza. Wyposa\u017cenie stra\u017cnika to pocz\u0105tkowo si\u0142a mi\u0119\u015bni, kajdanki, bro\u0144 gazowa typu Mauser K50, p\u00f3\u017aniej Cobra, RMG i kr\u00f3tkie, gumowe pa\u0142ki s\u0142u\u017cbowe oraz \u015brodki \u0142\u0105czno\u015bci. Pocz\u0105tkowo VERTEX dzia\u0142aj\u0105cych podobnie jak CB \u2013 radio, p\u00f3\u017aniej s\u0142ynne ALINCO pods\u0142uchiwane przez przedstawicieli medi\u00f3w, dzi\u0119ki czemu szybko pojawiali si\u0119 na miejscu r\u00f3\u017cnych zdarze\u0144 i wypadk\u00f3w. Od 2004 roku do tej pory wykorzystujemy niezawodne Motorole w systemie TETRA. Rok 1995 to du\u017cy sprawdzian czyli \u201eEuropejskie Spotkanie M\u0142odych Taize\u201d odbywaj\u0105ce si\u0119 od 28 grudnia do 1 stycznia. Do zabezpieczenia spotka\u0144 zosta\u0142o zadysponowanych 153 funkcjonariuszy, kt\u00f3rzy szczeg\u00f3ln\u0105 ochron\u0105 obj\u0119li m.in. okolice Hali Ludowej (teraz Stulecia) i plac w okolicy obecnego Sky Towera. Dostosowano wtedy plan wszystkich dzia\u0142a\u0144 do planu odbywaj\u0105cych si\u0119 spotka\u0144. \u017beby spotka\u0107 papie\u017ca do ka\u017cdego z tych miejsc zje\u017cd\u017ca\u0142o kilkaset tysi\u0119cy wiernych. Patrole pracowa\u0142y w\u00f3wczas w systemie dwunastogodzinnym, co by\u0142o niezb\u0119dne bior\u0105c pod uwag\u0119 rang\u0119 wydarzenia, cdn&#8230;<\/span><\/p>\n<div class=\"su-spacer\" style=\"height:50px\"><\/div>\n<div style=\"width: 1920px;\" class=\"wp-video\"><!--[if lt IE 9]><script>document.createElement('video');<\/script><![endif]-->\n<video class=\"wp-video-shortcode\" id=\"video-31735-1\" width=\"1920\" height=\"1300\" preload=\"metadata\" controls=\"controls\"><source type=\"video\/mp4\" src=\"https:\/\/smwroclaw.pl\/wp-content\/uploads\/2024\/09\/Film-XXXIII-SM-Wroclaw.mp4?_=1\" \/><a href=\"https:\/\/smwroclaw.pl\/wp-content\/uploads\/2024\/09\/Film-XXXIII-SM-Wroclaw.mp4\">https:\/\/smwroclaw.pl\/wp-content\/uploads\/2024\/09\/Film-XXXIII-SM-Wroclaw.mp4<\/a><\/video><\/div>\n<p>BD\/KB<\/p>\n","protected":false},"excerpt":{"rendered":"<p>Od 25 wrze\u015bnia 1991 roku Miejska S\u0142u\u017cba Interwencyjna zacz\u0119\u0142a oficjalnie funkcjonowa\u0107 pod nazw\u0105 Stra\u017c Miejska Wroc\u0142awia. Stanowisko Komendanta Szefa powierzono Jerzemu Laszczakowi. W tym czasie stra\u017cnicy pomagali m.in konwojowa\u0107 wp\u0142ywy z czynsz\u00f3w, kt\u00f3re si\u0119ga\u0142y 4,5 miliarda z\u0142otych oraz zostali wyposa\u017ceni w bloczki mandatowe. Pierwszy mandat zosta\u0142 wystawiony prawdopodobnie 6 grudnia 1991 r. za wykroczenie pope\u0142nione [&hellip;]<\/p>\n","protected":false},"author":12,"featured_media":31736,"comment_status":"closed","ping_status":"closed","sticky":false,"template":"","format":"standard","meta":{"footnotes":""},"categories":[16],"tags":[],"class_list":["post-31735","post","type-post","status-publish","format-standard","has-post-thumbnail","hentry","category-aktual"],"_links":{"self":[{"href":"https:\/\/smwroclaw.pl\/index.php?rest_route=\/wp\/v2\/posts\/31735","targetHints":{"allow":["GET"]}}],"collection":[{"href":"https:\/\/smwroclaw.pl\/index.php?rest_route=\/wp\/v2\/posts"}],"about":[{"href":"https:\/\/smwroclaw.pl\/index.php?rest_route=\/wp\/v2\/types\/post"}],"author":[{"embeddable":true,"href":"https:\/\/smwroclaw.pl\/index.php?rest_route=\/wp\/v2\/users\/12"}],"replies":[{"embeddable":true,"href":"https:\/\/smwroclaw.pl\/index.php?rest_route=%2Fwp%2Fv2%2Fcomments&post=31735"}],"version-history":[{"count":4,"href":"https:\/\/smwroclaw.pl\/index.php?rest_route=\/wp\/v2\/posts\/31735\/revisions"}],"predecessor-version":[{"id":31744,"href":"https:\/\/smwroclaw.pl\/index.php?rest_route=\/wp\/v2\/posts\/31735\/revisions\/31744"}],"wp:featuredmedia":[{"embeddable":true,"href":"https:\/\/smwroclaw.pl\/index.php?rest_route=\/wp\/v2\/media\/31736"}],"wp:attachment":[{"href":"https:\/\/smwroclaw.pl\/index.php?rest_route=%2Fwp%2Fv2%2Fmedia&parent=31735"}],"wp:term":[{"taxonomy":"category","embeddable":true,"href":"https:\/\/smwroclaw.pl\/index.php?rest_route=%2Fwp%2Fv2%2Fcategories&post=31735"},{"taxonomy":"post_tag","embeddable":true,"href":"https:\/\/smwroclaw.pl\/index.php?rest_route=%2Fwp%2Fv2%2Ftags&post=31735"}],"curies":[{"name":"wp","href":"https:\/\/api.w.org\/{rel}","templated":true}]}}