{"id":32126,"date":"2024-11-04T09:39:33","date_gmt":"2024-11-04T08:39:33","guid":{"rendered":"https:\/\/smwroclaw.pl\/?p=32126"},"modified":"2024-11-04T09:39:33","modified_gmt":"2024-11-04T08:39:33","slug":"ku-pamieci-tych-ktorzy-odeszli","status":"publish","type":"post","link":"https:\/\/smwroclaw.pl\/?p=32126","title":{"rendered":"KU PAMI\u0118CI TYCH, KT\u00d3RZY ODESZLI&#8230;"},"content":{"rendered":"<p style=\"text-align: justify;\"><em><strong><span class=\"x193iq5w xeuugli x13faqbe x1vvkbs x1xmvt09 x1lliihq x1s928wv xhkezso x1gmr53x x1cpjm7i x1fgarty x1943h6x xudqn12 x3x7a5m x6prxxf xvq8zen xo1l8bm xzsf02u\" dir=\"auto\" style=\"font-size: 16px; font-family: georgia, palatino, serif;\">Pami\u0119tamy o naszych kole\u017cankach i kolegach, kt\u00f3rych nie ma ju\u017c w\u015br\u00f3d nas. Ka\u017cdego roku zapalamy \u015bwiate\u0142ko pami\u0119ci na ich grobach wspominaj\u0105c wsp\u00f3lnie przepracowane lata<span class=\"html-span xexx8yu x4uap5 x18d9i69 xkhd6sd x1hl2dhg x16tdsg8 x1vvkbs x3nfvp2 x1j61x8r x1fcty0u xdj266r xat24cr xgzva0m xhhsvwb xxymvpz xlup9mm x1kky2od\">.<\/span><\/span><\/strong><\/em><\/p>\n<p><!--more--><div class=\"su-spacer\" style=\"height:50px\"><\/div>\n<p><img fetchpriority=\"high\" decoding=\"async\" class=\"alignnone  wp-image-32127\" src=\"https:\/\/smwroclaw.pl\/wp-content\/uploads\/2024\/11\/465470158_877414737868016_9073646228494730766_n-225x300.jpg\" alt=\"\" width=\"315\" height=\"420\" srcset=\"https:\/\/smwroclaw.pl\/wp-content\/uploads\/2024\/11\/465470158_877414737868016_9073646228494730766_n-225x300.jpg 225w, https:\/\/smwroclaw.pl\/wp-content\/uploads\/2024\/11\/465470158_877414737868016_9073646228494730766_n.jpg 721w\" sizes=\"(max-width: 315px) 100vw, 315px\" \/><\/p>\n<p>&nbsp;<\/p>\n<p>&nbsp;<\/p>\n<p>&nbsp;<\/p>\n<p>&nbsp;<\/p>\n<p>KB<\/p>\n","protected":false},"excerpt":{"rendered":"<p>Pami\u0119tamy o naszych kole\u017cankach i kolegach, kt\u00f3rych nie ma ju\u017c w\u015br\u00f3d nas. Ka\u017cdego roku zapalamy \u015bwiate\u0142ko pami\u0119ci na ich grobach wspominaj\u0105c wsp\u00f3lnie przepracowane lata.<\/p>\n","protected":false},"author":12,"featured_media":32128,"comment_status":"closed","ping_status":"closed","sticky":false,"template":"","format":"standard","meta":{"footnotes":""},"categories":[16],"tags":[],"class_list":["post-32126","post","type-post","status-publish","format-standard","has-post-thumbnail","hentry","category-aktual"],"_links":{"self":[{"href":"https:\/\/smwroclaw.pl\/index.php?rest_route=\/wp\/v2\/posts\/32126","targetHints":{"allow":["GET"]}}],"collection":[{"href":"https:\/\/smwroclaw.pl\/index.php?rest_route=\/wp\/v2\/posts"}],"about":[{"href":"https:\/\/smwroclaw.pl\/index.php?rest_route=\/wp\/v2\/types\/post"}],"author":[{"embeddable":true,"href":"https:\/\/smwroclaw.pl\/index.php?rest_route=\/wp\/v2\/users\/12"}],"replies":[{"embeddable":true,"href":"https:\/\/smwroclaw.pl\/index.php?rest_route=%2Fwp%2Fv2%2Fcomments&post=32126"}],"version-history":[{"count":3,"href":"https:\/\/smwroclaw.pl\/index.php?rest_route=\/wp\/v2\/posts\/32126\/revisions"}],"predecessor-version":[{"id":32131,"href":"https:\/\/smwroclaw.pl\/index.php?rest_route=\/wp\/v2\/posts\/32126\/revisions\/32131"}],"wp:featuredmedia":[{"embeddable":true,"href":"https:\/\/smwroclaw.pl\/index.php?rest_route=\/wp\/v2\/media\/32128"}],"wp:attachment":[{"href":"https:\/\/smwroclaw.pl\/index.php?rest_route=%2Fwp%2Fv2%2Fmedia&parent=32126"}],"wp:term":[{"taxonomy":"category","embeddable":true,"href":"https:\/\/smwroclaw.pl\/index.php?rest_route=%2Fwp%2Fv2%2Fcategories&post=32126"},{"taxonomy":"post_tag","embeddable":true,"href":"https:\/\/smwroclaw.pl\/index.php?rest_route=%2Fwp%2Fv2%2Ftags&post=32126"}],"curies":[{"name":"wp","href":"https:\/\/api.w.org\/{rel}","templated":true}]}}