{"id":3226,"date":"2018-09-03T13:14:03","date_gmt":"2018-09-03T11:14:03","guid":{"rendered":"http:\/\/smwroclaw.pl\/?p=3226"},"modified":"2018-09-03T13:15:26","modified_gmt":"2018-09-03T11:15:26","slug":"witaj-szkolo-bezpieczna-droga-do-szkoly-03-09-2018r-zdjecia","status":"publish","type":"post","link":"https:\/\/smwroclaw.pl\/?p=3226","title":{"rendered":"WITAJ SZKO\u0141O &#8211; Bezpieczna droga do szko\u0142y 03.09.2018r. (zdj\u0119cia)"},"content":{"rendered":"<p style=\"text-align: justify;\"><span style=\"font-family: georgia,palatino,serif; font-size: 16px;\"><strong>03 wrze\u015bnia 2018 r. (poniedzia\u0142ek)<\/strong> to dla nauczycieli, uczni\u00f3w i ich rodzic\u00f3w dzie\u0144 szczeg\u00f3lny &#8211; uroczyste rozpocz\u0119cie roku szkolnego 2018\/19. Jak co roku stra\u017cnicy miejscy s\u0105 w pobli\u017cu szk\u00f3\u0142 &#8211; \u017ceby dzieci mog\u0142y bezpiecznie przej\u015b\u0107 przez ulic\u0119 i doj\u015b\u0107 do budynku szkolnego. S\u0142u\u017cymy rad\u0105 i pomoc\u0105. Mo\u017cecie na nas polega\u0107. W dalszej cz\u0119\u015bci fotorelacja z okolicy SP nr 67, SP nr 58 i SP nr 78.<\/span><\/p>\n<p><!--more--><\/p>\n<p>&nbsp;<\/p>\n<p>&nbsp;<\/p>\n<p><img fetchpriority=\"high\" decoding=\"async\" class=\" wp-image-3230 aligncenter\" src=\"https:\/\/smwroclaw.pl\/wp-content\/uploads\/2018\/09\/DSCN0815-5160x3870.jpg\" alt=\"\" width=\"668\" height=\"501\" srcset=\"https:\/\/smwroclaw.pl\/wp-content\/uploads\/2018\/09\/DSCN0815-5160x3870.jpg 5160w, https:\/\/smwroclaw.pl\/wp-content\/uploads\/2018\/09\/DSCN0815-300x225.jpg 300w, https:\/\/smwroclaw.pl\/wp-content\/uploads\/2018\/09\/DSCN0815-768x576.jpg 768w\" sizes=\"(max-width: 668px) 100vw, 668px\" \/><\/p>\n<p><img decoding=\"async\" class=\" wp-image-3231 aligncenter\" src=\"https:\/\/smwroclaw.pl\/wp-content\/uploads\/2018\/09\/DSCN0817-5160x3870.jpg\" alt=\"\" width=\"674\" height=\"506\" srcset=\"https:\/\/smwroclaw.pl\/wp-content\/uploads\/2018\/09\/DSCN0817-5160x3870.jpg 5160w, https:\/\/smwroclaw.pl\/wp-content\/uploads\/2018\/09\/DSCN0817-300x225.jpg 300w, https:\/\/smwroclaw.pl\/wp-content\/uploads\/2018\/09\/DSCN0817-768x576.jpg 768w\" sizes=\"(max-width: 674px) 100vw, 674px\" \/><\/p>\n<p style=\"text-align: center;\"><span style=\"font-family: georgia,palatino,serif; font-size: 16px;\"><strong>zdj\u0119cia powy\u017cej: pl.Muzealny doj\u015bcie do SP nr 67<\/strong><\/span><\/p>\n<p>\u00a0<img decoding=\"async\" class=\" wp-image-3233 aligncenter\" src=\"https:\/\/smwroclaw.pl\/wp-content\/uploads\/2018\/09\/DSCN0821-5160x3870.jpg\" alt=\"\" width=\"694\" height=\"521\" srcset=\"https:\/\/smwroclaw.pl\/wp-content\/uploads\/2018\/09\/DSCN0821-5160x3870.jpg 5160w, https:\/\/smwroclaw.pl\/wp-content\/uploads\/2018\/09\/DSCN0821-300x225.jpg 300w, https:\/\/smwroclaw.pl\/wp-content\/uploads\/2018\/09\/DSCN0821-768x576.jpg 768w\" sizes=\"(max-width: 694px) 100vw, 694px\" \/><\/p>\n<p><img loading=\"lazy\" decoding=\"async\" class=\" wp-image-3234 aligncenter\" src=\"https:\/\/smwroclaw.pl\/wp-content\/uploads\/2018\/09\/DSCN0823-5160x3870.jpg\" alt=\"\" width=\"697\" height=\"523\" srcset=\"https:\/\/smwroclaw.pl\/wp-content\/uploads\/2018\/09\/DSCN0823-5160x3870.jpg 5160w, https:\/\/smwroclaw.pl\/wp-content\/uploads\/2018\/09\/DSCN0823-300x225.jpg 300w, https:\/\/smwroclaw.pl\/wp-content\/uploads\/2018\/09\/DSCN0823-768x576.jpg 768w\" sizes=\"(max-width: 697px) 100vw, 697px\" \/><\/p>\n<p style=\"text-align: center;\"><span style=\"font-family: georgia,palatino,serif; font-size: 16px;\"><strong>zdj\u0119cia powy\u017cej: ul.Sk\u0142adowa &#8211; doj\u015bcie do SP nr 58<\/strong><\/span><\/p>\n<p><img loading=\"lazy\" decoding=\"async\" class=\" wp-image-3235 aligncenter\" src=\"https:\/\/smwroclaw.pl\/wp-content\/uploads\/2018\/09\/DSCN0827-5160x3870.jpg\" alt=\"\" width=\"710\" height=\"533\" srcset=\"https:\/\/smwroclaw.pl\/wp-content\/uploads\/2018\/09\/DSCN0827-5160x3870.jpg 5160w, https:\/\/smwroclaw.pl\/wp-content\/uploads\/2018\/09\/DSCN0827-300x225.jpg 300w, https:\/\/smwroclaw.pl\/wp-content\/uploads\/2018\/09\/DSCN0827-768x576.jpg 768w\" sizes=\"(max-width: 710px) 100vw, 710px\" \/><\/p>\n<p><img loading=\"lazy\" decoding=\"async\" class=\" wp-image-3236 aligncenter\" src=\"https:\/\/smwroclaw.pl\/wp-content\/uploads\/2018\/09\/DSCN0828-5160x3870.jpg\" alt=\"\" width=\"706\" height=\"530\" srcset=\"https:\/\/smwroclaw.pl\/wp-content\/uploads\/2018\/09\/DSCN0828-5160x3870.jpg 5160w, https:\/\/smwroclaw.pl\/wp-content\/uploads\/2018\/09\/DSCN0828-300x225.jpg 300w, https:\/\/smwroclaw.pl\/wp-content\/uploads\/2018\/09\/DSCN0828-768x576.jpg 768w\" sizes=\"(max-width: 706px) 100vw, 706px\" \/><\/p>\n<p><img loading=\"lazy\" decoding=\"async\" class=\" wp-image-3237 aligncenter\" src=\"https:\/\/smwroclaw.pl\/wp-content\/uploads\/2018\/09\/DSCN0831-5160x3870.jpg\" alt=\"\" width=\"702\" height=\"527\" srcset=\"https:\/\/smwroclaw.pl\/wp-content\/uploads\/2018\/09\/DSCN0831-5160x3870.jpg 5160w, https:\/\/smwroclaw.pl\/wp-content\/uploads\/2018\/09\/DSCN0831-300x225.jpg 300w, https:\/\/smwroclaw.pl\/wp-content\/uploads\/2018\/09\/DSCN0831-768x576.jpg 768w\" sizes=\"(max-width: 702px) 100vw, 702px\" \/><\/p>\n<p><img loading=\"lazy\" decoding=\"async\" class=\" wp-image-3238 aligncenter\" src=\"https:\/\/smwroclaw.pl\/wp-content\/uploads\/2018\/09\/DSCN0832-5160x3870.jpg\" alt=\"\" width=\"701\" height=\"526\" srcset=\"https:\/\/smwroclaw.pl\/wp-content\/uploads\/2018\/09\/DSCN0832-5160x3870.jpg 5160w, https:\/\/smwroclaw.pl\/wp-content\/uploads\/2018\/09\/DSCN0832-300x225.jpg 300w, https:\/\/smwroclaw.pl\/wp-content\/uploads\/2018\/09\/DSCN0832-768x576.jpg 768w\" sizes=\"(max-width: 701px) 100vw, 701px\" \/><\/p>\n<p style=\"text-align: center;\"><span style=\"font-family: georgia,palatino,serif; font-size: 16px;\"><strong>zdj\u0119cia powy\u017cej: ul. Damrota &#8211; doj\u015bcie do SP nr 78<\/strong><\/span><\/p>\n<p>&nbsp;<\/p>\n<p><strong>wf<\/strong><\/p>\n","protected":false},"excerpt":{"rendered":"<p>03 wrze\u015bnia 2018 r. (poniedzia\u0142ek) to dla nauczycieli, uczni\u00f3w i ich rodzic\u00f3w dzie\u0144 szczeg\u00f3lny &#8211; uroczyste rozpocz\u0119cie roku szkolnego 2018\/19. Jak co roku stra\u017cnicy miejscy s\u0105 w pobli\u017cu szk\u00f3\u0142 &#8211; \u017ceby dzieci mog\u0142y bezpiecznie przej\u015b\u0107 przez ulic\u0119 i doj\u015b\u0107 do budynku szkolnego. S\u0142u\u017cymy rad\u0105 i pomoc\u0105. Mo\u017cecie na nas polega\u0107. W dalszej cz\u0119\u015bci fotorelacja z [&hellip;]<\/p>\n","protected":false},"author":4,"featured_media":3236,"comment_status":"closed","ping_status":"closed","sticky":false,"template":"","format":"standard","meta":{"footnotes":""},"categories":[16],"tags":[],"class_list":["post-3226","post","type-post","status-publish","format-standard","has-post-thumbnail","hentry","category-aktual"],"_links":{"self":[{"href":"https:\/\/smwroclaw.pl\/index.php?rest_route=\/wp\/v2\/posts\/3226","targetHints":{"allow":["GET"]}}],"collection":[{"href":"https:\/\/smwroclaw.pl\/index.php?rest_route=\/wp\/v2\/posts"}],"about":[{"href":"https:\/\/smwroclaw.pl\/index.php?rest_route=\/wp\/v2\/types\/post"}],"author":[{"embeddable":true,"href":"https:\/\/smwroclaw.pl\/index.php?rest_route=\/wp\/v2\/users\/4"}],"replies":[{"embeddable":true,"href":"https:\/\/smwroclaw.pl\/index.php?rest_route=%2Fwp%2Fv2%2Fcomments&post=3226"}],"version-history":[{"count":6,"href":"https:\/\/smwroclaw.pl\/index.php?rest_route=\/wp\/v2\/posts\/3226\/revisions"}],"predecessor-version":[{"id":3241,"href":"https:\/\/smwroclaw.pl\/index.php?rest_route=\/wp\/v2\/posts\/3226\/revisions\/3241"}],"wp:featuredmedia":[{"embeddable":true,"href":"https:\/\/smwroclaw.pl\/index.php?rest_route=\/wp\/v2\/media\/3236"}],"wp:attachment":[{"href":"https:\/\/smwroclaw.pl\/index.php?rest_route=%2Fwp%2Fv2%2Fmedia&parent=3226"}],"wp:term":[{"taxonomy":"category","embeddable":true,"href":"https:\/\/smwroclaw.pl\/index.php?rest_route=%2Fwp%2Fv2%2Fcategories&post=3226"},{"taxonomy":"post_tag","embeddable":true,"href":"https:\/\/smwroclaw.pl\/index.php?rest_route=%2Fwp%2Fv2%2Ftags&post=3226"}],"curies":[{"name":"wp","href":"https:\/\/api.w.org\/{rel}","templated":true}]}}