{"id":32272,"date":"2024-11-25T10:48:00","date_gmt":"2024-11-25T09:48:00","guid":{"rendered":"https:\/\/smwroclaw.pl\/?p=32272"},"modified":"2024-11-25T14:00:43","modified_gmt":"2024-11-25T13:00:43","slug":"widzisz-reaguj-osoby-w-kryzysie-bezdomnosci","status":"publish","type":"post","link":"https:\/\/smwroclaw.pl\/?p=32272","title":{"rendered":"WIDZISZ \u2013 REAGUJ \u2013 osoby w kryzysie bezdomno\u015bci"},"content":{"rendered":"<p style=\"text-align: justify;\"><span style=\"font-family: georgia, palatino, serif; font-size: 16px;\">Sezon na mro\u017ane, deszczowe, a wkr\u00f3tce \u015bnie\u017cne noce i poranki trwa w najlepsze. Stra\u017cnicy doskonale znaj\u0105 miejsca w kt\u00f3rych przebywaj\u0105 osoby w kryzysie bezdomno\u015bci i stale je monitoruj\u0105. Je\u017celi zauwa\u017cysz kogo\u015b, kto znajduje si\u0119 w sytuacji zagra\u017caj\u0105cej zdrowiu i \u017cyciu, reaguj natychmiast!<\/span><!--more--><\/p>\n<p style=\"text-align: justify;\"><strong><span style=\"font-family: georgia, palatino, serif; font-size: 16px;\">Przypominamy!<\/span><\/strong><br \/>\n<span style=\"font-family: georgia, palatino, serif; font-size: 16px;\">Wych\u0142odzenie to nara\u017cenie na dzia\u0142anie zimna i w efekcie obni\u017cenie temperatury cia\u0142a do 35\u00b0C lub ni\u017cej. Szczeg\u00f3lnie nara\u017cone na wych\u0142odzenie s\u0105 dzieci oraz osoby starsze. Objawy wych\u0142odzenia to: wyzi\u0119bienie r\u0105k i n\u00f3g, nosa, uszu, uczucie zimna, dreszcze, w dalszej fazie apatia a\u017c do zaburze\u0144 \u015bwiadomo\u015bci i\u00a0utraty przytomno\u015bci.<\/span><br \/>\n<span style=\"font-family: georgia, palatino, serif; font-size: 16px;\">W przypadku wych\u0142odzenia nale\u017cy przenie\u015b\u0107 poszkodowanego do ciep\u0142ego pomieszczenia, zdj\u0105\u0107 mokr\u0105 odzie\u017c i wytrze\u0107 do sucha, przykry\u0107 kocami oraz \u0142agodnie ogrzewa\u0107 cia\u0142o przy u\u017cyciu np. butelek z ciep\u0142\u0105 wod\u0105 lub ogrzanych r\u0119cznik\u00f3w.<\/span><br \/>\n<strong><span style=\"font-family: georgia, palatino, serif; font-size: 16px;\">Widzisz \u2013 reaguj \u2013 986, 112!!!<\/span><\/strong><\/p>\n<p style=\"text-align: justify;\"><strong><span style=\"font-family: georgia, palatino, serif; font-size: 16px;\">Miejski O\u015brodek Pomocy Spo\u0142ecznej informuje:<\/span><\/strong><br \/>\n<strong><span style=\"font-family: georgia, palatino, serif; font-size: 16px;\">Miejsca pomocy dla os\u00f3b w kryzysie bezdomno\u015bci<\/span><\/strong><br \/>\n<span style=\"font-family: georgia, palatino, serif; font-size: 16px;\">Schroniska, noclegownie, o\u015brodki wsparcia (musisz by\u0107 samodzielna\/ samodzielny i trze\u017awa\/ trze\u017awy, by skorzysta\u0107 ze schroniska lub o\u015brodka wsparcia). O tym, czy zostaniesz przyj\u0119ta\/ przyj\u0119ty decyduje opiekun dy\u017curuj\u0105cy lub kierownik plac\u00f3wki.<\/span><\/p>\n<p style=\"text-align: justify;\"><span style=\"font-family: georgia, palatino, serif; font-size: 16px;\">Ogrzewalnia dla os\u00f3b w kryzysie bezdomno\u015bci czynna od 1 pa\u017adziernika do 30 kwietnia<\/span><br \/>\n<span style=\"font-family: georgia, palatino, serif; font-size: 16px;\">Wroc\u0142aw, ul. Gajowicka 62<\/span><br \/>\n<span style=\"font-family: georgia, palatino, serif; font-size: 16px;\">tel. 530 712 650<\/span><\/p>\n<p style=\"text-align: justify;\"><span style=\"font-family: georgia, palatino, serif; font-size: 16px;\">Noclegownia im. \u015bw. Brata Alberta dla Bezdomnych M\u0119\u017cczyzn<\/span><br \/>\n<span style=\"font-family: georgia, palatino, serif; font-size: 16px;\">prowadzona przez Towarzystwo Pomocy im. \u015bw. Brata Alberta Ko\u0142o Wroc\u0142awskie<\/span><br \/>\n<span style=\"font-family: georgia, palatino, serif; font-size: 16px;\">Wroc\u0142aw ul. Ma\u0142achowskiego 15<\/span><br \/>\n<span style=\"font-family: georgia, palatino, serif; font-size: 16px;\">tel. 71 717 34 25<\/span><\/p>\n<p style=\"text-align: justify;\"><span style=\"font-family: georgia, palatino, serif; font-size: 16px;\">Schronisko im. \u015aw. Brata Alberta dla Bezdomnych Kobiet<\/span><br \/>\n<span style=\"font-family: georgia, palatino, serif; font-size: 16px;\">prowadzone przez Towarzystwo Pomocy im. \u015bw. Brata Alberta Ko\u0142o Wroc\u0142awskie<\/span><br \/>\n<span style=\"font-family: georgia, palatino, serif; font-size: 16px;\">Wroc\u0142aw, ul. So\u0142tysowicka 21F<\/span><br \/>\n<span style=\"font-family: georgia, palatino, serif; font-size: 16px;\">tel. 71 355 44 66<\/span><\/p>\n<p style=\"text-align: justify;\"><span style=\"font-family: georgia, palatino, serif; font-size: 16px;\">Schronisko im. \u015bw. Brata Alberta dla Bezdomnych M\u0119\u017cczyzn<\/span><br \/>\n<span style=\"font-family: georgia, palatino, serif; font-size: 16px;\">prowadzone przez Towarzystwo Pomocy im. \u015bw. Brata Alberta Ko\u0142o Wroc\u0142awskie<\/span><br \/>\n<span style=\"font-family: georgia, palatino, serif; font-size: 16px;\">Wroc\u0142aw, ul. Bogedaina 5<\/span><br \/>\n<span style=\"font-family: georgia, palatino, serif; font-size: 16px;\">tel. 71 336 70 07<\/span><\/p>\n<p style=\"text-align: justify;\"><span style=\"font-family: georgia, palatino, serif; font-size: 16px;\">Schronisko im. \u015bw. Brata Alberta dla Bezdomnych M\u0119\u017cczyzn w Szczodrem<\/span><br \/>\n<span style=\"font-family: georgia, palatino, serif; font-size: 16px;\">prowadzone przez Towarzystwo Pomocy im. \u015bw. Brata Alberta Ko\u0142o Wroc\u0142awskie<\/span><br \/>\n<span style=\"font-family: georgia, palatino, serif; font-size: 16px;\">Szczodre, ul. Trzebnicka 28<\/span><br \/>\n<span style=\"font-family: georgia, palatino, serif; font-size: 16px;\">tel. 71 399 86 12<\/span><\/p>\n<p style=\"text-align: justify;\"><span style=\"font-family: georgia, palatino, serif; font-size: 16px;\">O\u015brodek wsparcia dla os\u00f3b w kryzysie<\/span><br \/>\n<span style=\"font-family: georgia, palatino, serif; font-size: 16px;\">prowadzony przez Stowarzyszenie \u201eNadzieja\u201d<\/span><br \/>\n<span style=\"font-family: georgia, palatino, serif; font-size: 16px;\">Wroc\u0142aw, ul. Pieszycka 32<\/span><br \/>\n<span style=\"font-family: georgia, palatino, serif; font-size: 16px;\">tel. 71 392 59 12<\/span><\/p>\n<p style=\"text-align: justify;\"><span style=\"font-family: georgia, palatino, serif; font-size: 16px;\">O\u015brodek wsparcia dla os\u00f3b w kryzysie<\/span><br \/>\n<span style=\"font-family: georgia, palatino, serif; font-size: 16px;\">prowadzony przez Stowarzyszenie \u201ePierwszy Krok\u201d<\/span><br \/>\n<span style=\"font-family: georgia, palatino, serif; font-size: 16px;\">Wroc\u0142aw, ul. Jedno\u015bci Narodowej 187a<\/span><br \/>\n<span style=\"font-family: georgia, palatino, serif; font-size: 16px;\">tel. 71 342 00 68<\/span><\/p>\n<p style=\"text-align: justify;\"><span style=\"font-family: georgia, palatino, serif; font-size: 16px;\">Dom Ciep\u0142a \u2013 o\u015brodek wsparcia<\/span><br \/>\n<span style=\"font-family: georgia, palatino, serif; font-size: 16px;\">prowadzony przez Stowarzyszenie \u201ePlus Minus\u201d<\/span><br \/>\n<span style=\"font-family: georgia, palatino, serif; font-size: 16px;\">Wroc\u0142aw, ul. Reymonta 8<\/span><br \/>\n<span style=\"font-family: georgia, palatino, serif; font-size: 16px;\">tel. 71 329 10 39<\/span><\/p>\n<p style=\"text-align: justify;\"><span style=\"font-family: georgia, palatino, serif; font-size: 16px;\">Centrum Wsparcia \u2013 o\u015brodek wsparcia<\/span><br \/>\n<span style=\"font-family: georgia, palatino, serif; font-size: 16px;\">prowadzony przez Stowarzyszenie Pomocy Wzajemnej im. Kard. S. Wyszy\u0144skiego<\/span><br \/>\n<span style=\"font-family: georgia, palatino, serif; font-size: 16px;\">Wroc\u0142aw, ul. Lelewela 23\/2<\/span><br \/>\n<span style=\"font-family: georgia, palatino, serif; font-size: 16px;\">Wroc\u0142aw, ul. Prosta 46\/7<\/span><br \/>\n<span style=\"font-family: georgia, palatino, serif; font-size: 16px;\">tel. 71 341 28 97<\/span><\/p>\n<p style=\"text-align: justify;\"><span style=\"font-family: georgia, palatino, serif; font-size: 16px;\">Dom Integracji \u2013 o\u015brodek wsparcia prowadzony przez Fundacj\u0119 \u201eHomo Sacer\u201d<\/span><br \/>\n<span style=\"font-family: georgia, palatino, serif; font-size: 16px;\">Wroc\u0142aw, ul. Kili\u0144skiego 36\/5<\/span><br \/>\n<span style=\"font-family: georgia, palatino, serif; font-size: 16px;\">tel. 531 261 278<\/span><\/p>\n<p style=\"text-align: justify;\"><span style=\"font-family: georgia, palatino, serif; font-size: 16px;\">O\u015brodek readaptacji spo\u0142ecznej \u2013 o\u015brodek wsparcia<\/span><br \/>\n<span style=\"font-family: georgia, palatino, serif; font-size: 16px;\">prowadzony przez Stowarzyszenie Pomocy \u201eLudzie Ludziom\u201d<\/span><br \/>\n<span style=\"font-family: georgia, palatino, serif; font-size: 16px;\">Wroc\u0142aw, ul. Obornicka 58A<\/span><br \/>\n<span style=\"font-family: georgia, palatino, serif; font-size: 16px;\">tel. 71 329 08 06<\/span><\/p>\n<p style=\"text-align: justify;\"><span style=\"font-family: georgia, palatino, serif; font-size: 16px;\">Dom dla kobiet \u2013 o\u015brodek wsparcia<\/span><br \/>\n<span style=\"font-family: georgia, palatino, serif; font-size: 16px;\">prowadzony przez Stowarzyszenie Pomocy \u201eAkson\u201d<\/span><br \/>\n<span style=\"font-family: georgia, palatino, serif; font-size: 16px;\">Wroc\u0142aw, ul. Gliniana 28\/30<\/span><br \/>\n<span style=\"font-family: georgia, palatino, serif; font-size: 16px;\">tel. 71 367 14 15<\/span><\/p>\n<p style=\"text-align: justify;\"><span style=\"font-family: georgia, palatino, serif; font-size: 16px;\">Dom dla Matek z ma\u0142oletnimi dzie\u0107mi i kobiet w ci\u0105\u017cy \u2013 o\u015brodek wparcia<\/span><br \/>\n<span style=\"font-family: georgia, palatino, serif; font-size: 16px;\">prowadzony przez Stowarzyszenie \u201eMisja Dworcowa\u201d<\/span><br \/>\n<span style=\"font-family: georgia, palatino, serif; font-size: 16px;\">Wroc\u0142aw, ul. Pomorska 16b<\/span><br \/>\n<span style=\"font-family: georgia, palatino, serif; font-size: 16px;\">tel.71 321 05 50<\/span><\/p>\n<p style=\"text-align: justify;\"><span style=\"font-family: georgia, palatino, serif; font-size: 16px;\">Specjalistyczny o\u015brodek wsparcia dla ofiar przemocy w rodzinie<\/span><br \/>\n<span style=\"font-family: georgia, palatino, serif; font-size: 16px;\">prowadzony przez Stowarzyszenie Pomocy \u201eAkson\u201d<\/span><br \/>\n<span style=\"font-family: georgia, palatino, serif; font-size: 16px;\">Wroc\u0142aw, ul. Bora-Komorowskiego 31<\/span><br \/>\n<span style=\"font-family: georgia, palatino, serif; font-size: 16px;\">tel. 71 736 06 82<\/span><\/p>\n<p style=\"text-align: justify;\"><span style=\"font-family: georgia, palatino, serif; font-size: 16px;\">Nadodrza\u0144skie Centrum Wsparcia \u2013 O\u015brodek Interwencji Kryzysowej dla rodzin doznaj\u0105cych przemocy<\/span><br \/>\n<span style=\"font-family: georgia, palatino, serif; font-size: 16px;\">prowadzony przez Miejski O\u015brodek Pomocy Spo\u0142ecznej we Wroc\u0142awiu<\/span><br \/>\n<span style=\"font-family: georgia, palatino, serif; font-size: 16px;\">Wroc\u0142aw, ul. Rydgiera 45A<\/span><br \/>\n<span style=\"font-family: georgia, palatino, serif; font-size: 16px;\">tel. 71 796 40 85 ca\u0142odobowy<\/span><\/p>\n<p style=\"text-align: justify;\"><span style=\"font-family: georgia, palatino, serif; font-size: 16px;\">Jad\u0142odajnie<\/span><br \/>\n<span style=\"font-family: georgia, palatino, serif; font-size: 16px;\">Jad\u0142odajnia Wroc\u0142awskiej Caritas<\/span><br \/>\n<span style=\"font-family: georgia, palatino, serif; font-size: 16px;\">prowadzona przez Caritas Archidiecezji Wroc\u0142awskiej<\/span><br \/>\n<span style=\"font-family: georgia, palatino, serif; font-size: 16px;\">Wroc\u0142aw ul. S\u0142owia\u0144ska 17<\/span><br \/>\n<span style=\"font-family: georgia, palatino, serif; font-size: 16px;\">tel. 71 372 19 86<\/span><\/p>\n<p style=\"text-align: justify;\"><span style=\"font-family: georgia, palatino, serif; font-size: 16px;\">Kuchnia charytatywna przy klasztorze franciszkan\u00f3w<\/span><br \/>\n<span style=\"font-family: georgia, palatino, serif; font-size: 16px;\">prowadzona przez Fundacj\u0119 Antoni<\/span><br \/>\n<span style=\"font-family: georgia, palatino, serif; font-size: 16px;\">Wroc\u0142aw, al. Kasprowicza 26<\/span><br \/>\n<span style=\"font-family: georgia, palatino, serif; font-size: 16px;\">tel. 71 327 35 93<\/span><\/p>\n<p style=\"text-align: justify;\"><span style=\"font-family: georgia, palatino, serif; font-size: 16px;\">Kuchnia charytatywna<\/span><br \/>\n<span style=\"font-family: georgia, palatino, serif; font-size: 16px;\">prowadzona przez Fundacj\u0119 \u201eSancta Familia\u201d<\/span><br \/>\n<span style=\"font-family: georgia, palatino, serif; font-size: 16px;\">Wroc\u0142aw, ul. Monte Cassino 64<\/span><br \/>\n<span style=\"font-family: georgia, palatino, serif; font-size: 16px;\">tel. 71 348 32 30<\/span><\/p>\n<p style=\"text-align: justify;\"><span style=\"font-family: georgia, palatino, serif; font-size: 16px;\">Punkt wydawania pakiet\u00f3w \u017cywno\u015bciowych w paczkach<\/span><br \/>\n<span style=\"font-family: georgia, palatino, serif; font-size: 16px;\">prowadzony przez Fundacj\u0119 We\u017apom\u00f3\u017c.pl<\/span><br \/>\n<span style=\"font-family: georgia, palatino, serif; font-size: 16px;\">Wroc\u0142aw, ul. Pozna\u0144ska 48 \u2013 teren dawnej jednostki wojskowej<\/span><br \/>\n<span style=\"font-family: georgia, palatino, serif; font-size: 16px;\">tel. 508 101 016<\/span><\/p>\n<p style=\"text-align: justify;\"><span style=\"font-family: georgia, palatino, serif; font-size: 16px;\">\u0141a\u017anie oraz punkty wydawania odzie\u017cy<\/span><br \/>\n<span style=\"font-family: georgia, palatino, serif; font-size: 16px;\">\u0141a\u017ania i punkt wydawania odzie\u017cy<\/span><br \/>\n<span style=\"font-family: georgia, palatino, serif; font-size: 16px;\">prowadzona przez Caritas Archidiecezji Wroc\u0142awskiej<\/span><br \/>\n<span style=\"font-family: georgia, palatino, serif; font-size: 16px;\">Wroc\u0142aw, ul. Katedralna 7<\/span><br \/>\n<span style=\"font-family: georgia, palatino, serif; font-size: 16px;\">tel. 71 327 13 16<\/span><\/p>\n<p style=\"text-align: justify;\"><span style=\"font-family: georgia, palatino, serif; font-size: 16px;\">\u0141a\u017ania damsko-m\u0119ska jest czynna w poniedzia\u0142ki, \u015brody i pi\u0105tki w godzinach 6-14.<\/span><\/p>\n<p style=\"text-align: justify;\"><span style=\"font-family: georgia, palatino, serif; font-size: 16px;\">\u0141a\u017ania przy noclegowni<\/span><br \/>\n<span style=\"font-family: georgia, palatino, serif; font-size: 16px;\">prowadzona przez Towarzystwo Pomocy im. \u015bw. Brata Alberta Ko\u0142o Wroc\u0142awskie<\/span><br \/>\n<span style=\"font-family: georgia, palatino, serif; font-size: 16px;\">Wroc\u0142aw, ul. Ma\u0142achowskiego 15<\/span><br \/>\n<span style=\"font-family: georgia, palatino, serif; font-size: 16px;\">tel. 71 717 34 25<\/span><\/p>\n<p style=\"text-align: justify;\"><span style=\"font-family: georgia, palatino, serif; font-size: 16px;\">\u0141a\u017anie m\u0119ska-czynna od poniedzia\u0142ku do pi\u0105tku w godzinach 10-14.<\/span><\/p>\n<p style=\"text-align: justify;\"><span style=\"font-family: georgia, palatino, serif; font-size: 16px;\">Punkt wydawania odzie\u017cy<\/span><br \/>\n<span style=\"font-family: georgia, palatino, serif; font-size: 16px;\">prowadzony przez Polski Czerwony Krzy\u017c<\/span><br \/>\n<span style=\"font-family: georgia, palatino, serif; font-size: 16px;\">Wroc\u0142aw ul. Bujwida 34<\/span><br \/>\n<span style=\"font-family: georgia, palatino, serif; font-size: 16px;\">tel. 71 328 02 54<\/span><\/p>\n<p style=\"text-align: justify;\"><span style=\"font-family: georgia, palatino, serif; font-size: 16px;\">Punkt wydawania odzie\u017cy<\/span><br \/>\n<span style=\"font-family: georgia, palatino, serif; font-size: 16px;\">prowadzony przez Polski Komitet Pomocy Spo\u0142ecznej<\/span><br \/>\n<span style=\"font-family: georgia, palatino, serif; font-size: 16px;\">Wroc\u0142aw, ul. Dubois 11\/13<\/span><\/p>\n<p style=\"text-align: justify;\"><span style=\"font-family: georgia, palatino, serif; font-size: 16px;\">Punkt wydawania odzie\u017cy<\/span><br \/>\n<span style=\"font-family: georgia, palatino, serif; font-size: 16px;\">prowadzony przez Fundacj\u0119 We\u017apom\u00f3\u017c.pl<\/span><br \/>\n<span style=\"font-family: georgia, palatino, serif; font-size: 16px;\">Wroc\u0142aw, ul. Pozna\u0144ska 48 \u2013 teren dawnej jednostki wojskowej<\/span><br \/>\n<span style=\"font-family: georgia, palatino, serif; font-size: 16px;\">tel. 508 101 016<\/span><\/p>\n<p style=\"text-align: justify;\"><span style=\"font-family: georgia, palatino, serif; font-size: 16px;\">Punkt informacyjne dla cudzoziemc\u00f3w<\/span><br \/>\n<span style=\"font-family: georgia, palatino, serif; font-size: 16px;\">Miejski Punkt Informacji dla Migrant\u00f3w i Uchod\u017ac\u00f3w WroMigrant<\/span><br \/>\n<span style=\"font-family: georgia, palatino, serif; font-size: 16px;\">Prowadzony przez Wroc\u0142awskie Centrum Rozwoju Spo\u0142ecznego<\/span><br \/>\n<span style=\"font-family: georgia, palatino, serif; font-size: 16px;\">\u015awidnicka 19 (przej\u015bcie podziemne)<\/span><\/p>\n<p style=\"text-align: justify;\"><span style=\"font-family: georgia, palatino, serif; font-size: 16px;\">Konsultacje osobiste<\/span><br \/>\n<span style=\"font-family: georgia, palatino, serif; font-size: 16px;\">poniedzia\u0142ek\u2013sobota w godzinach 12-16<\/span><\/p>\n<p style=\"text-align: justify;\"><span style=\"font-family: georgia, palatino, serif; font-size: 16px;\">Konsultacje na odleg\u0142o\u015b\u0107<\/span><br \/>\n<span style=\"font-family: georgia, palatino, serif; font-size: 16px;\">poniedzia\u0142ek \u2013 pi\u0105tek w godzinach 9-17<\/span><\/p>\n<p style=\"text-align: justify;\"><span style=\"font-family: georgia, palatino, serif; font-size: 16px;\">tel. +48 71 772 49 50, +48 538 579 517<\/span><br \/>\n<span style=\"font-family: georgia, palatino, serif; font-size: 16px;\">e-mail: wromigrant@wcrs.pl<\/span><\/p>\n<p style=\"text-align: justify;\"><span style=\"font-family: georgia, palatino, serif; font-size: 16px;\">Poradnie Zdrowia Psychicznego<\/span><br \/>\n<span style=\"font-family: georgia, palatino, serif; font-size: 16px;\">Dolno\u015bl\u0105skie Centrum Zdrowia Psychicznego<\/span><br \/>\n<span style=\"font-family: georgia, palatino, serif; font-size: 16px;\">Wroc\u0142aw, ul. Wybrze\u017ce J.Conrada-Korzeniowskiego18, budynek \u201eN\u201d<\/span><br \/>\n<span style=\"font-family: georgia, palatino, serif; font-size: 16px;\">rejestracja: tel. 519 618 183 lub 519 319 462<\/span><br \/>\n<span style=\"font-family: georgia, palatino, serif; font-size: 16px;\">tel. 71 77 66 240<\/span><\/p>\n<p style=\"text-align: justify;\"><span style=\"font-family: georgia, palatino, serif; font-size: 16px;\">Poradnia Zdrowia Psychicznego<\/span><br \/>\n<span style=\"font-family: georgia, palatino, serif; font-size: 16px;\">Wroc\u0142aw, ul. Bulwar Ikara 30<\/span><br \/>\n<span style=\"font-family: georgia, palatino, serif; font-size: 16px;\">tel. 71 311 16 58<\/span><\/p>\n<p style=\"text-align: justify;\"><span style=\"font-family: georgia, palatino, serif; font-size: 16px;\">Centrum Zdrowia Psychicznego<\/span><br \/>\n<span style=\"font-family: georgia, palatino, serif; font-size: 16px;\">Wroc\u0142aw, ul. Ostrowskiego 13C<\/span><br \/>\n<span style=\"font-family: georgia, palatino, serif; font-size: 16px;\">tel. 71 369 90 60<\/span><\/p>\n<p style=\"text-align: justify;\"><span style=\"font-family: georgia, palatino, serif; font-size: 16px;\">Poradnie uzale\u017cnie\u0144<\/span><br \/>\n<span style=\"font-family: georgia, palatino, serif; font-size: 16px;\">Fundacja \u201eSalida&#8221;<\/span><br \/>\n<span style=\"font-family: georgia, palatino, serif; font-size: 16px;\">ul. Jedno\u015bci Narodowej 153\/1<\/span><br \/>\n<span style=\"font-family: georgia, palatino, serif; font-size: 16px;\">tel. 71 307 01 49 lub 668 351 313<\/span><\/p>\n<p style=\"text-align: justify;\"><span style=\"font-family: georgia, palatino, serif; font-size: 16px;\">Wroc\u0142awski O\u015brodek Terapii Uzale\u017cnie\u0144<\/span><br \/>\n<span style=\"font-family: georgia, palatino, serif; font-size: 16px;\">Korzeniowskiego 18, budynek \u201eU\u201d<\/span><br \/>\n<span style=\"font-family: georgia, palatino, serif; font-size: 16px;\">tel. 71 77 66 253\/300\/301<\/span><\/p>\n<p style=\"text-align: justify;\"><span style=\"font-family: georgia, palatino, serif; font-size: 16px;\">Niepubliczny Zak\u0142ad Opieki Zdrowotnej KARAN \u2013 Centrum Interwencji Kryzysowej<\/span><br \/>\n<span style=\"font-family: georgia, palatino, serif; font-size: 16px;\">ul. Traugutta 119\/1<\/span><br \/>\n<span style=\"font-family: georgia, palatino, serif; font-size: 16px;\">tel. 71 349 15 56<\/span><\/p>\n<p style=\"text-align: justify;\"><span style=\"font-family: georgia, palatino, serif; font-size: 16px;\">O\u015brodek Profilaktyczno-Leczniczy Chor\u00f3b Zaka\u017anych<\/span><br \/>\n<span style=\"font-family: georgia, palatino, serif; font-size: 16px;\">ul. Wszystkich \u015awi\u0119tych 2<\/span><br \/>\n<span style=\"font-family: georgia, palatino, serif; font-size: 16px;\">tel. 71 326 67 30<\/span><\/p>\n<p style=\"text-align: justify;\"><span style=\"font-family: georgia, palatino, serif; font-size: 16px;\">Poradnia Profilaktyczno-Konsultacyjna we Wroc\u0142awiu<\/span><br \/>\n<span style=\"font-family: georgia, palatino, serif; font-size: 16px;\">Stowarzyszenie MONAR<\/span><br \/>\n<span style=\"font-family: georgia, palatino, serif; font-size: 16px;\">Trzebnicka 17<\/span><br \/>\n<span style=\"font-family: georgia, palatino, serif; font-size: 16px;\">tel. 71 780-67 45<\/span><\/p>\n<p style=\"text-align: justify;\"><span style=\"font-family: georgia, palatino, serif; font-size: 16px;\">Poradnia Profilaktyczno-Konsultacyjna dla M\u0142odzie\u017cy we Wroc\u0142awiu<\/span><br \/>\n<span style=\"font-family: georgia, palatino, serif; font-size: 16px;\">Stowarzyszenie MONAR<\/span><br \/>\n<span style=\"font-family: georgia, palatino, serif; font-size: 16px;\">ul. Roosevelta 18a<\/span><br \/>\n<span style=\"font-family: georgia, palatino, serif; font-size: 16px;\">tel. 71 788 93 09<\/span><\/p>\n<p style=\"text-align: justify;\"><span style=\"font-family: georgia, palatino, serif; font-size: 16px;\">Punkty nieodp\u0142atnej pomocy prawnej<\/span><br \/>\n<span style=\"font-family: georgia, palatino, serif; font-size: 16px;\">pl. Dominika\u0144ski 6<\/span><br \/>\n<span style=\"font-family: georgia, palatino, serif; font-size: 16px;\">poniedzia\u0142ek-pi\u0105tek w godzinach 11-19<\/span><\/p>\n<p style=\"text-align: justify;\"><span style=\"font-family: georgia, palatino, serif; font-size: 16px;\">ul. Szczytnicka 47<\/span><br \/>\n<span style=\"font-family: georgia, palatino, serif; font-size: 16px;\">poniedzia\u0142ek-pi\u0105tek w godzinach 8-20<\/span><\/p>\n<p style=\"text-align: justify;\"><span style=\"font-family: georgia, palatino, serif; font-size: 16px;\">ul. Rydygiera 43<\/span><br \/>\n<span style=\"font-family: georgia, palatino, serif; font-size: 16px;\">poniedzia\u0142ek-pi\u0105tek w godzinach 8-20<\/span><\/p>\n<p style=\"text-align: justify;\"><span style=\"font-family: georgia, palatino, serif; font-size: 16px;\">ul.Wiosenna14<\/span><br \/>\n<span style=\"font-family: georgia, palatino, serif; font-size: 16px;\">poniedzia\u0142ek-pi\u0105tek w godzinach 12-16<\/span><\/p>\n<p style=\"text-align: justify;\"><span style=\"font-family: georgia, palatino, serif; font-size: 16px;\">Stowarzyszenie Prawnik\u00f3w LEGE ARTIS<\/span><br \/>\n<span style=\"font-family: georgia, palatino, serif; font-size: 16px;\">poniedzia\u0142ek-pi\u0105tek w godzinach 9-17<\/span><br \/>\n<span style=\"font-family: georgia, palatino, serif; font-size: 16px;\">tel. 513 548 180<\/span><\/p>\n<p style=\"text-align: justify;\"><span style=\"font-family: georgia, palatino, serif; font-size: 16px;\">Stowarzyszenie Biuro Porad Obywatelskich<\/span><br \/>\n<span style=\"font-family: georgia, palatino, serif; font-size: 16px;\">Karola Szajnochy 12<\/span><br \/>\n<span style=\"font-family: georgia, palatino, serif; font-size: 16px;\">tel. 71 344 84 39<\/span><\/p>\n<p style=\"text-align: justify;\"><span style=\"font-family: georgia, palatino, serif; font-size: 16px;\">Bezp\u0142atne zdj\u0119cia do dowodu osobistego<\/span><br \/>\n<span style=\"font-family: georgia, palatino, serif; font-size: 16px;\">Fundacja SALIDA<\/span><br \/>\n<span style=\"font-family: georgia, palatino, serif; font-size: 16px;\">Wroc\u0142aw, ul. Jedno\u015bci Narodowej 153\/1<\/span><br \/>\n<span style=\"font-family: georgia, palatino, serif; font-size: 16px;\">tel. 71 307 01 49 lub 668 351 313<\/span><\/p>\n<p style=\"text-align: justify;\"><span style=\"font-family: georgia, palatino, serif; font-size: 16px;\">Fundacja robi zdj\u0119cia 1 raz w miesi\u0105cu.<\/span><br \/>\n<span style=\"font-family: georgia, palatino, serif; font-size: 16px;\">Wi\u0119cej: <a href=\"https:\/\/mops.wroclaw.pl\/aktualnosci\/informacje\/2833-pomoc-kryzys-bezdomnosci\">https:\/\/mops.wroclaw.pl\/aktualnosci\/informacje\/2833-pomoc-kryzys-bezdomnosci<\/a><\/span><\/p>\n<p>BD<\/p>\n","protected":false},"excerpt":{"rendered":"<p>Sezon na mro\u017ane, deszczowe, a wkr\u00f3tce \u015bnie\u017cne noce i poranki trwa w najlepsze. Stra\u017cnicy doskonale znaj\u0105 miejsca w kt\u00f3rych przebywaj\u0105 osoby w kryzysie bezdomno\u015bci i stale je monitoruj\u0105. Je\u017celi zauwa\u017cysz kogo\u015b, kto znajduje si\u0119 w sytuacji zagra\u017caj\u0105cej zdrowiu i \u017cyciu, reaguj natychmiast!<\/p>\n","protected":false},"author":7,"featured_media":32273,"comment_status":"closed","ping_status":"closed","sticky":false,"template":"","format":"standard","meta":{"footnotes":""},"categories":[16],"tags":[],"class_list":["post-32272","post","type-post","status-publish","format-standard","has-post-thumbnail","hentry","category-aktual"],"_links":{"self":[{"href":"https:\/\/smwroclaw.pl\/index.php?rest_route=\/wp\/v2\/posts\/32272","targetHints":{"allow":["GET"]}}],"collection":[{"href":"https:\/\/smwroclaw.pl\/index.php?rest_route=\/wp\/v2\/posts"}],"about":[{"href":"https:\/\/smwroclaw.pl\/index.php?rest_route=\/wp\/v2\/types\/post"}],"author":[{"embeddable":true,"href":"https:\/\/smwroclaw.pl\/index.php?rest_route=\/wp\/v2\/users\/7"}],"replies":[{"embeddable":true,"href":"https:\/\/smwroclaw.pl\/index.php?rest_route=%2Fwp%2Fv2%2Fcomments&post=32272"}],"version-history":[{"count":2,"href":"https:\/\/smwroclaw.pl\/index.php?rest_route=\/wp\/v2\/posts\/32272\/revisions"}],"predecessor-version":[{"id":32279,"href":"https:\/\/smwroclaw.pl\/index.php?rest_route=\/wp\/v2\/posts\/32272\/revisions\/32279"}],"wp:featuredmedia":[{"embeddable":true,"href":"https:\/\/smwroclaw.pl\/index.php?rest_route=\/wp\/v2\/media\/32273"}],"wp:attachment":[{"href":"https:\/\/smwroclaw.pl\/index.php?rest_route=%2Fwp%2Fv2%2Fmedia&parent=32272"}],"wp:term":[{"taxonomy":"category","embeddable":true,"href":"https:\/\/smwroclaw.pl\/index.php?rest_route=%2Fwp%2Fv2%2Fcategories&post=32272"},{"taxonomy":"post_tag","embeddable":true,"href":"https:\/\/smwroclaw.pl\/index.php?rest_route=%2Fwp%2Fv2%2Ftags&post=32272"}],"curies":[{"name":"wp","href":"https:\/\/api.w.org\/{rel}","templated":true}]}}