{"id":32340,"date":"2024-12-10T08:03:15","date_gmt":"2024-12-10T07:03:15","guid":{"rendered":"https:\/\/smwroclaw.pl\/?p=32340"},"modified":"2024-12-10T08:03:15","modified_gmt":"2024-12-10T07:03:15","slug":"patrol-interwencyjny-w-dzialaniu-szczesliwy-final-poszukiwan-dziecka-2","status":"publish","type":"post","link":"https:\/\/smwroclaw.pl\/?p=32340","title":{"rendered":"PATROL INTERWENCYJNY W DZIA\u0141ANIU \u2013 szcz\u0119\u015bliwy fina\u0142 poszukiwa\u0144 dziecka"},"content":{"rendered":"<p style=\"text-align: justify;\"><span style=\"font-family: georgia, palatino, serif; font-size: 16px;\">Jarmark Bo\u017conarodzeniowy na wroc\u0142awskim Rynku, to w okresie przed\u015bwi\u0105tecznym bardzo ucz\u0119szczane przez mieszka\u0144c\u00f3w i turyst\u00f3w miejsce. 6 grudnia szczeg\u00f3lnie du\u017co os\u00f3b tu zagl\u0105da, \u017ceby poczu\u0107 atmosfer\u0119 Bo\u017cego Narodzenia, obejrze\u0107 roz\u015bwietlon\u0105 choink\u0119, skorzysta\u0107 z atrakcji oferowanych przez wystawc\u00f3w na stoiskach. W t\u0142umie bardzo \u0142atwo si\u0119 zgubi\u0107.<\/span><br \/>\n<span style=\"font-family: georgia, palatino, serif; font-size: 16px;\">W pi\u0105tek oko\u0142o godziny 15:00 na posterunek Stra\u017cy Miejskiej przy ulicy Sukiennice 12 zg\u0142osi\u0142a si\u0119 zdenerwowana kobieta i poprosi\u0142a o pomoc. Na terenie Jarmarku Bo\u017conarodzeniowego straci\u0142a z oczu swojego 14 letniego syna. Rozpytano jak wygl\u0105da\u0142 i w co by\u0142 ubrany, a tak\u017ce <\/span><span style=\"font-family: georgia, palatino, serif; font-size: 16px;\">ustalono w kt\u00f3rym miejscu rodzina rozdzieli\u0142a si\u0119 i kt\u00f3r\u0119dy przemieszcza\u0142 si\u0119 ch\u0142opiec. <\/span><span style=\"font-family: georgia, palatino, serif; font-size: 16px;\">Kobieta razem z operatorem monitoringu pr\u00f3bowa\u0142a z zapisu kamer, w trybie rzeczywistym odnale\u017a\u0107 syna, a funkcjonariusze udali si\u0119 na jarmark i w okolice Rynku na poszukiwania ch\u0142opca.<\/span><!--more--><\/p>\n<p style=\"text-align: justify;\"><span style=\"font-family: georgia, palatino, serif; font-size: 16px;\"> O godzinie 15:20 zauwa\u017cono zagubione dziecko. Stra\u017cnicy razem z ch\u0142opakiem, udali si\u0119 do oczekuj\u0105cej mamy, kt\u00f3ra nie kry\u0142a rado\u015bci ze szcz\u0119\u015bliwego fina\u0142u poszukiwa\u0144. Podzi\u0119kowa\u0142a wszystkim zaanga\u017cowanym w akcj\u0119 funkcjonariuszom.<\/span><\/p>\n<p style=\"text-align: center;\"><img fetchpriority=\"high\" decoding=\"async\" class=\"alignnone  wp-image-32342\" src=\"https:\/\/smwroclaw.pl\/wp-content\/uploads\/2024\/12\/10.12-Zagubiony-chlopiec-225x300.jpg\" alt=\"\" width=\"325\" height=\"433\" srcset=\"https:\/\/smwroclaw.pl\/wp-content\/uploads\/2024\/12\/10.12-Zagubiony-chlopiec-225x300.jpg 225w, https:\/\/smwroclaw.pl\/wp-content\/uploads\/2024\/12\/10.12-Zagubiony-chlopiec-768x1024.jpg 768w, https:\/\/smwroclaw.pl\/wp-content\/uploads\/2024\/12\/10.12-Zagubiony-chlopiec-1152x1536.jpg 1152w, https:\/\/smwroclaw.pl\/wp-content\/uploads\/2024\/12\/10.12-Zagubiony-chlopiec.jpg 1200w\" sizes=\"(max-width: 325px) 100vw, 325px\" \/><\/p>\n<p>BD<\/p>\n<p>&nbsp;<\/p>\n<p>&nbsp;<\/p>\n","protected":false},"excerpt":{"rendered":"<p>Jarmark Bo\u017conarodzeniowy na wroc\u0142awskim Rynku, to w okresie przed\u015bwi\u0105tecznym bardzo ucz\u0119szczane przez mieszka\u0144c\u00f3w i turyst\u00f3w miejsce. 6 grudnia szczeg\u00f3lnie du\u017co os\u00f3b tu zagl\u0105da, \u017ceby poczu\u0107 atmosfer\u0119 Bo\u017cego Narodzenia, obejrze\u0107 roz\u015bwietlon\u0105 choink\u0119, skorzysta\u0107 z atrakcji oferowanych przez wystawc\u00f3w na stoiskach. W t\u0142umie bardzo \u0142atwo si\u0119 zgubi\u0107. W pi\u0105tek oko\u0142o godziny 15:00 na posterunek Stra\u017cy Miejskiej przy [&hellip;]<\/p>\n","protected":false},"author":7,"featured_media":32341,"comment_status":"closed","ping_status":"closed","sticky":false,"template":"","format":"standard","meta":{"footnotes":""},"categories":[16],"tags":[],"class_list":["post-32340","post","type-post","status-publish","format-standard","has-post-thumbnail","hentry","category-aktual"],"_links":{"self":[{"href":"https:\/\/smwroclaw.pl\/index.php?rest_route=\/wp\/v2\/posts\/32340","targetHints":{"allow":["GET"]}}],"collection":[{"href":"https:\/\/smwroclaw.pl\/index.php?rest_route=\/wp\/v2\/posts"}],"about":[{"href":"https:\/\/smwroclaw.pl\/index.php?rest_route=\/wp\/v2\/types\/post"}],"author":[{"embeddable":true,"href":"https:\/\/smwroclaw.pl\/index.php?rest_route=\/wp\/v2\/users\/7"}],"replies":[{"embeddable":true,"href":"https:\/\/smwroclaw.pl\/index.php?rest_route=%2Fwp%2Fv2%2Fcomments&post=32340"}],"version-history":[{"count":1,"href":"https:\/\/smwroclaw.pl\/index.php?rest_route=\/wp\/v2\/posts\/32340\/revisions"}],"predecessor-version":[{"id":32343,"href":"https:\/\/smwroclaw.pl\/index.php?rest_route=\/wp\/v2\/posts\/32340\/revisions\/32343"}],"wp:featuredmedia":[{"embeddable":true,"href":"https:\/\/smwroclaw.pl\/index.php?rest_route=\/wp\/v2\/media\/32341"}],"wp:attachment":[{"href":"https:\/\/smwroclaw.pl\/index.php?rest_route=%2Fwp%2Fv2%2Fmedia&parent=32340"}],"wp:term":[{"taxonomy":"category","embeddable":true,"href":"https:\/\/smwroclaw.pl\/index.php?rest_route=%2Fwp%2Fv2%2Fcategories&post=32340"},{"taxonomy":"post_tag","embeddable":true,"href":"https:\/\/smwroclaw.pl\/index.php?rest_route=%2Fwp%2Fv2%2Ftags&post=32340"}],"curies":[{"name":"wp","href":"https:\/\/api.w.org\/{rel}","templated":true}]}}